{"id":3139,"date":"2022-05-29T22:53:06","date_gmt":"2022-05-29T20:53:06","guid":{"rendered":"https:\/\/lindaotterstedt-com.lyricalstaging.com\/ett-ars-fotografering-i-studion\/"},"modified":"2023-02-09T18:55:50","modified_gmt":"2023-02-09T17:55:50","slug":"ett-ars-fotografering-i-studion","status":"publish","type":"post","link":"https:\/\/lindaotterstedt.com\/sv\/ett-ars-fotografering-i-studion\/","title":{"rendered":"Ett\u00e5rsfotografering"},"content":{"rendered":"\n<p class=\"wp-block-paragraph\">Hur h\u00e4nde det? Det gick f\u00f6r fort. Fr\u00e5n att ha varit f\u00f6dd och totalt hj\u00e4lpl\u00f6s och nu en liten m\u00e4nniska som sitter och kryper, ibland g\u00e5r de till och med. De kan st\u00e5 f\u00f6r sig sj\u00e4lva! Kanske kan ditt barn s\u00e4ga mamma, mamma, pappa eller pappa. \u00c4r det inte fantastiskt? Kom till mig f\u00f6r att  g\u00f6ra en ett\u00e5rsfotografering i min studio. Du kan kontakta mig <a href=\"https:\/\/lindaotterstedt.com\/sv\/kontakt\/\">h\u00e4r<\/a>.<\/p>\n\n\n\n<figure class=\"wp-block-image size-large\"><img loading=\"lazy\" decoding=\"async\" width=\"1024\" height=\"819\" src=\"https:\/\/lindaotterstedt.com\/wp-content\/uploads\/2022\/02\/barnfotograf-barnfotografering-familjefotograf-studiofotograf-a-1024x819.jpg\" alt=\"Barn lyfter p\u00e5 hatten\" class=\"wp-image-1477\" srcset=\"https:\/\/lindaotterstedt.com\/wp-content\/uploads\/2022\/02\/barnfotograf-barnfotografering-familjefotograf-studiofotograf-a-1024x819.jpg 1024w, https:\/\/lindaotterstedt.com\/wp-content\/uploads\/2022\/02\/barnfotograf-barnfotografering-familjefotograf-studiofotograf-a-300x240.jpg 300w, https:\/\/lindaotterstedt.com\/wp-content\/uploads\/2022\/02\/barnfotograf-barnfotografering-familjefotograf-studiofotograf-a-768x614.jpg 768w, https:\/\/lindaotterstedt.com\/wp-content\/uploads\/2022\/02\/barnfotograf-barnfotografering-familjefotograf-studiofotograf-a-1536x1229.jpg 1536w, https:\/\/lindaotterstedt.com\/wp-content\/uploads\/2022\/02\/barnfotograf-barnfotografering-familjefotograf-studiofotograf-a-2048x1638.jpg 2048w, https:\/\/lindaotterstedt.com\/wp-content\/uploads\/2022\/02\/barnfotograf-barnfotografering-familjefotograf-studiofotograf-a-1080x864.jpg 1080w, https:\/\/lindaotterstedt.com\/wp-content\/uploads\/2022\/02\/barnfotograf-barnfotografering-familjefotograf-studiofotograf-a-1280x1024.jpg 1280w, https:\/\/lindaotterstedt.com\/wp-content\/uploads\/2022\/02\/barnfotograf-barnfotografering-familjefotograf-studiofotograf-a-980x784.jpg 980w, https:\/\/lindaotterstedt.com\/wp-content\/uploads\/2022\/02\/barnfotograf-barnfotografering-familjefotograf-studiofotograf-a-480x384.jpg 480w\" sizes=\"(max-width: 1024px) 100vw, 1024px\" \/><figcaption class=\"wp-element-caption\">V\u00e4lkommen &#8211; hatten av!<\/figcaption><\/figure>\n\n\n\n<h2 class=\"wp-block-heading\">Rekvisita i studion<\/h2>\n\n\n\n<p class=\"wp-block-paragraph\">Vi har m\u00e5nga olika rekvisita, t.ex. klossar i olika f\u00e4rger.<\/p>\n\n\n\n<figure class=\"wp-block-image size-large\"><img loading=\"lazy\" decoding=\"async\" width=\"1024\" height=\"820\" src=\"https:\/\/lindaotterstedt.com\/wp-content\/uploads\/2022\/02\/barnfotograf-barnfotografering-familjefotograf-studiofotograf-b-1024x820.jpg\" alt=\"Barn leker p\u00e5 golvet med klossar\" class=\"wp-image-1478\" srcset=\"https:\/\/lindaotterstedt.com\/wp-content\/uploads\/2022\/02\/barnfotograf-barnfotografering-familjefotograf-studiofotograf-b-1024x820.jpg 1024w, https:\/\/lindaotterstedt.com\/wp-content\/uploads\/2022\/02\/barnfotograf-barnfotografering-familjefotograf-studiofotograf-b-980x784.jpg 980w, https:\/\/lindaotterstedt.com\/wp-content\/uploads\/2022\/02\/barnfotograf-barnfotografering-familjefotograf-studiofotograf-b-480x384.jpg 480w\" sizes=\"(min-width: 0px) and (max-width: 480px) 480px, (min-width: 481px) and (max-width: 980px) 980px, (min-width: 981px) 1024px, 100vw\" \/><figcaption class=\"wp-element-caption\">Ett \u00e5r gammal bebis<\/figcaption><\/figure>\n\n\n\n<h2 class=\"wp-block-heading\">Minnen<\/h2>\n\n\n\n<p class=\"wp-block-paragraph\">Tog du nyf\u00f6ddbilder p\u00e5 ditt f\u00f6rsta barn? Hur k\u00e4nner du dig n\u00e4r du ser de d\u00e4r s\u00f6ta bebisbilderna? Kommer du ih\u00e5g hur litet ditt barn var, kommer du ih\u00e5g lukten av ditt barn, minns du hur mycket du myste med din lilla bebis? S\u00e5 otroligt underbart.<\/p>\n\n\n\n<figure class=\"wp-block-image size-large\"><img loading=\"lazy\" decoding=\"async\" width=\"1024\" height=\"819\" src=\"https:\/\/lindaotterstedt.com\/wp-content\/uploads\/2022\/02\/barnfotograf-barnfotografering-familjefotograf-studiofotograf-d-1024x819.jpg\" alt=\"Barn st\u00e5r med gosedjur\" class=\"wp-image-1479\" srcset=\"https:\/\/lindaotterstedt.com\/wp-content\/uploads\/2022\/02\/barnfotograf-barnfotografering-familjefotograf-studiofotograf-d-980x784.jpg 980w, https:\/\/lindaotterstedt.com\/wp-content\/uploads\/2022\/02\/barnfotograf-barnfotografering-familjefotograf-studiofotograf-d-480x384.jpg 480w\" sizes=\"(min-width: 0px) and (max-width: 480px) 480px, (min-width: 481px) and (max-width: 980px) 980px, (min-width: 981px) 1024px, 100vw\" \/><\/figure>\n\n\n\n<h2 class=\"wp-block-heading\">Ett\u00e5rsfotografering i studion<\/h2>\n\n\n\n<p class=\"wp-block-paragraph\">Nu \u00e4r ditt barn redan runt ett \u00e5r gammalt. En helt annan person \u00e4n ditt nyf\u00f6dda barn. Detta \u00e4r en liten milstolpe och att ha de bilderna att se tillbaka p\u00e5 om n\u00e5gra \u00e5r \u00e4r fantastiskt. T\u00e4nk n\u00e4r ditt barn springer runt och leker med andra barn, h\u00e4nger det upp och ner p\u00e5 lekplatsen utan r\u00e4dsla. D\u00e5 kan du titta tillbaka p\u00e5 dina foton p\u00e5 din ett\u00e5ring och minnas personen som precis b\u00f6rjade g\u00e5 och prata. Allt g\u00e5r s\u00e5 fort kan jag lova.<\/p>\n\n\n\n<p class=\"wp-block-paragraph\">Jag har en vacker studio i Fredh\u00e4ll tillsammans med <a href=\"http:\/\/www.ozdeleau.com\/atticus\/hem\" target=\"_blank\" rel=\"noreferrer noopener\">\u00c5sa Deleau Wiklund<\/a> . Det \u00e4r en dr\u00f6m f\u00f6r barn i alla \u00e5ldrar och massor av rekvisita till fotograferingen. Vi har minst 50 bakgrunder och olika golv att v\u00e4lja mellan f\u00f6r att bygga upp en s\u00f6t bakgrund till ditt barn. Du kan \u00e4ven ta med egna kl\u00e4der om du vill. Normalt g\u00f6r vi 2-3 kl\u00e4dbyten. Det \u00e4r ungef\u00e4r vad ett ett\u00e5rigt barn klarar av innan han\/hon tr\u00f6ttnar. <\/p>\n\n\n\n<p class=\"wp-block-paragraph\">Om du \u00e4r intresserad av en fotografering, skicka ett meddelande till mig p\u00e5 <a href=\"mailto:linda@lindaotterstedt.com\">linda@lindaotterstedt.com<\/a> eller <a href=\"https:\/\/lindaotterstedt.com\/sv\/kontakt\/\">kontakta<\/a> mig via min hemsida. <\/p>\n\n\n\n<figure class=\"wp-block-image size-large\"><img loading=\"lazy\" decoding=\"async\" width=\"1024\" height=\"819\" src=\"https:\/\/lindaotterstedt.com\/wp-content\/uploads\/2022\/05\/220121-Milton-0977-1-1024x819.jpg\" alt=\"\" class=\"wp-image-1959\" srcset=\"https:\/\/lindaotterstedt.com\/wp-content\/uploads\/2022\/05\/220121-Milton-0977-1-1024x819.jpg 1024w, https:\/\/lindaotterstedt.com\/wp-content\/uploads\/2022\/05\/220121-Milton-0977-1-300x240.jpg 300w, https:\/\/lindaotterstedt.com\/wp-content\/uploads\/2022\/05\/220121-Milton-0977-1-768x614.jpg 768w, https:\/\/lindaotterstedt.com\/wp-content\/uploads\/2022\/05\/220121-Milton-0977-1-1536x1229.jpg 1536w, https:\/\/lindaotterstedt.com\/wp-content\/uploads\/2022\/05\/220121-Milton-0977-1-2048x1639.jpg 2048w, https:\/\/lindaotterstedt.com\/wp-content\/uploads\/2022\/05\/220121-Milton-0977-1-1080x864.jpg 1080w, https:\/\/lindaotterstedt.com\/wp-content\/uploads\/2022\/05\/220121-Milton-0977-1-1280x1024.jpg 1280w, https:\/\/lindaotterstedt.com\/wp-content\/uploads\/2022\/05\/220121-Milton-0977-1-980x784.jpg 980w, https:\/\/lindaotterstedt.com\/wp-content\/uploads\/2022\/05\/220121-Milton-0977-1-480x384.jpg 480w\" sizes=\"(max-width: 1024px) 100vw, 1024px\" \/><\/figure>\n\n\n\n<p class=\"wp-block-paragraph\">V\u00c4LKOMMEN &#8211; Hatten p\u00e5!<\/p>\n","protected":false},"excerpt":{"rendered":"<p>Hur h\u00e4nde det? Det gick f\u00f6r fort. Fr\u00e5n att ha varit f\u00f6dd och totalt hj\u00e4lpl\u00f6s och nu en liten m\u00e4nniska som sitter och kryper, ibland g\u00e5r de till och med. De kan st\u00e5 f\u00f6r sig sj\u00e4lva! Kanske kan ditt barn s\u00e4ga mamma, mamma, pappa eller pappa. \u00c4r det inte fantastiskt? Kom till mig f\u00f6r att [&hellip;]<\/p>\n","protected":false},"author":7,"featured_media":2979,"comment_status":"closed","ping_status":"open","sticky":false,"template":"","format":"standard","meta":{"_et_pb_use_builder":"","_et_pb_old_content":"","_et_gb_content_width":"","footnotes":""},"categories":[107],"tags":[],"class_list":["post-3139","post","type-post","status-publish","format-standard","has-post-thumbnail","hentry","category-familjefotografering-sv"],"yoast_head":"<!-- This site is optimized with the Yoast SEO plugin v28.2 - https:\/\/yoast.com\/product\/yoast-seo-wordpress\/ -->\n<title>Ett\u00e5rsfotografering - Linda Otterstedt Photography<\/title>\n<meta name=\"robots\" content=\"index, follow, max-snippet:-1, max-image-preview:large, max-video-preview:-1\" \/>\n<link rel=\"canonical\" href=\"https:\/\/lindaotterstedt.com\/sv\/ett-ars-fotografering-i-studion\/\" \/>\n<meta property=\"og:locale\" content=\"sv_SE\" \/>\n<meta property=\"og:type\" content=\"article\" \/>\n<meta property=\"og:title\" content=\"Ett\u00e5rsfotografering - Linda Otterstedt Photography\" \/>\n<meta property=\"og:description\" content=\"Hur h\u00e4nde det? Det gick f\u00f6r fort. Fr\u00e5n att ha varit f\u00f6dd och totalt hj\u00e4lpl\u00f6s och nu en liten m\u00e4nniska som sitter och kryper, ibland g\u00e5r de till och med. De kan st\u00e5 f\u00f6r sig sj\u00e4lva! Kanske kan ditt barn s\u00e4ga mamma, mamma, pappa eller pappa. \u00c4r det inte fantastiskt? Kom till mig f\u00f6r att [&hellip;]\" \/>\n<meta property=\"og:url\" content=\"https:\/\/lindaotterstedt.com\/sv\/ett-ars-fotografering-i-studion\/\" \/>\n<meta property=\"og:site_name\" content=\"Linda Otterstedt Photography\" \/>\n<meta property=\"article:publisher\" content=\"https:\/\/www.facebook.com\/lindaotterstedtphotography\" \/>\n<meta property=\"article:published_time\" content=\"2022-05-29T20:53:06+00:00\" \/>\n<meta property=\"article:modified_time\" content=\"2023-02-09T17:55:50+00:00\" \/>\n<meta property=\"og:image\" content=\"https:\/\/lindaotterstedt.com\/wp-content\/uploads\/2022\/05\/220121-Milton-0900-scaled.jpg\" \/>\n\t<meta property=\"og:image:width\" content=\"2560\" \/>\n\t<meta property=\"og:image:height\" content=\"2048\" \/>\n\t<meta property=\"og:image:type\" content=\"image\/jpeg\" \/>\n<meta name=\"author\" content=\"Linda Otterstedt\" \/>\n<meta name=\"twitter:card\" content=\"summary_large_image\" \/>\n<meta name=\"twitter:label1\" content=\"Skriven av\" \/>\n\t<meta name=\"twitter:data1\" content=\"Linda Otterstedt\" \/>\n\t<meta name=\"twitter:label2\" content=\"Ber\u00e4knad l\u00e4stid\" \/>\n\t<meta name=\"twitter:data2\" content=\"2 minuter\" \/>\n<script type=\"application\/ld+json\" class=\"yoast-schema-graph\">{\"@context\":\"https:\\\/\\\/schema.org\",\"@graph\":[{\"@type\":\"Article\",\"@id\":\"https:\\\/\\\/lindaotterstedt.com\\\/sv\\\/ett-ars-fotografering-i-studion\\\/#article\",\"isPartOf\":{\"@id\":\"https:\\\/\\\/lindaotterstedt.com\\\/sv\\\/ett-ars-fotografering-i-studion\\\/\"},\"author\":{\"name\":\"Linda Otterstedt\",\"@id\":\"https:\\\/\\\/lindaotterstedt.com\\\/sv\\\/#\\\/schema\\\/person\\\/a8bc2e1a05abd2ffa46fddaa8cb4e2c3\"},\"headline\":\"Ett\u00e5rsfotografering\",\"datePublished\":\"2022-05-29T20:53:06+00:00\",\"dateModified\":\"2023-02-09T17:55:50+00:00\",\"mainEntityOfPage\":{\"@id\":\"https:\\\/\\\/lindaotterstedt.com\\\/sv\\\/ett-ars-fotografering-i-studion\\\/\"},\"wordCount\":373,\"publisher\":{\"@id\":\"https:\\\/\\\/lindaotterstedt.com\\\/sv\\\/#organization\"},\"image\":{\"@id\":\"https:\\\/\\\/lindaotterstedt.com\\\/sv\\\/ett-ars-fotografering-i-studion\\\/#primaryimage\"},\"thumbnailUrl\":\"https:\\\/\\\/lindaotterstedt.com\\\/wp-content\\\/uploads\\\/2022\\\/05\\\/220121-Milton-0900-scaled.jpg\",\"articleSection\":[\"Familjefotografering\"],\"inLanguage\":\"sv-SE\"},{\"@type\":\"WebPage\",\"@id\":\"https:\\\/\\\/lindaotterstedt.com\\\/sv\\\/ett-ars-fotografering-i-studion\\\/\",\"url\":\"https:\\\/\\\/lindaotterstedt.com\\\/sv\\\/ett-ars-fotografering-i-studion\\\/\",\"name\":\"Ett\u00e5rsfotografering - Linda Otterstedt Photography\",\"isPartOf\":{\"@id\":\"https:\\\/\\\/lindaotterstedt.com\\\/sv\\\/#website\"},\"primaryImageOfPage\":{\"@id\":\"https:\\\/\\\/lindaotterstedt.com\\\/sv\\\/ett-ars-fotografering-i-studion\\\/#primaryimage\"},\"image\":{\"@id\":\"https:\\\/\\\/lindaotterstedt.com\\\/sv\\\/ett-ars-fotografering-i-studion\\\/#primaryimage\"},\"thumbnailUrl\":\"https:\\\/\\\/lindaotterstedt.com\\\/wp-content\\\/uploads\\\/2022\\\/05\\\/220121-Milton-0900-scaled.jpg\",\"datePublished\":\"2022-05-29T20:53:06+00:00\",\"dateModified\":\"2023-02-09T17:55:50+00:00\",\"breadcrumb\":{\"@id\":\"https:\\\/\\\/lindaotterstedt.com\\\/sv\\\/ett-ars-fotografering-i-studion\\\/#breadcrumb\"},\"inLanguage\":\"sv-SE\",\"potentialAction\":[{\"@type\":\"ReadAction\",\"target\":[\"https:\\\/\\\/lindaotterstedt.com\\\/sv\\\/ett-ars-fotografering-i-studion\\\/\"]}]},{\"@type\":\"ImageObject\",\"inLanguage\":\"sv-SE\",\"@id\":\"https:\\\/\\\/lindaotterstedt.com\\\/sv\\\/ett-ars-fotografering-i-studion\\\/#primaryimage\",\"url\":\"https:\\\/\\\/lindaotterstedt.com\\\/wp-content\\\/uploads\\\/2022\\\/05\\\/220121-Milton-0900-scaled.jpg\",\"contentUrl\":\"https:\\\/\\\/lindaotterstedt.com\\\/wp-content\\\/uploads\\\/2022\\\/05\\\/220121-Milton-0900-scaled.jpg\",\"width\":2560,\"height\":2048,\"caption\":\"Ett\u00e5rsfotografering I studio Danderyd\"},{\"@type\":\"BreadcrumbList\",\"@id\":\"https:\\\/\\\/lindaotterstedt.com\\\/sv\\\/ett-ars-fotografering-i-studion\\\/#breadcrumb\",\"itemListElement\":[{\"@type\":\"ListItem\",\"position\":1,\"name\":\"Home\",\"item\":\"https:\\\/\\\/lindaotterstedt.com\\\/sv\\\/\"},{\"@type\":\"ListItem\",\"position\":2,\"name\":\"Ett\u00e5rsfotografering\"}]},{\"@type\":\"WebSite\",\"@id\":\"https:\\\/\\\/lindaotterstedt.com\\\/sv\\\/#website\",\"url\":\"https:\\\/\\\/lindaotterstedt.com\\\/sv\\\/\",\"name\":\"Linda Otterstedt Photography\",\"description\":\"Photography for generations to come\",\"publisher\":{\"@id\":\"https:\\\/\\\/lindaotterstedt.com\\\/sv\\\/#organization\"},\"potentialAction\":[{\"@type\":\"SearchAction\",\"target\":{\"@type\":\"EntryPoint\",\"urlTemplate\":\"https:\\\/\\\/lindaotterstedt.com\\\/sv\\\/?s={search_term_string}\"},\"query-input\":{\"@type\":\"PropertyValueSpecification\",\"valueRequired\":true,\"valueName\":\"search_term_string\"}}],\"inLanguage\":\"sv-SE\"},{\"@type\":\"Organization\",\"@id\":\"https:\\\/\\\/lindaotterstedt.com\\\/sv\\\/#organization\",\"name\":\"Linda Otterstedt Photography\",\"alternateName\":\"LOP\",\"url\":\"https:\\\/\\\/lindaotterstedt.com\\\/sv\\\/\",\"logo\":{\"@type\":\"ImageObject\",\"inLanguage\":\"sv-SE\",\"@id\":\"https:\\\/\\\/lindaotterstedt.com\\\/sv\\\/#\\\/schema\\\/logo\\\/image\\\/\",\"url\":\"https:\\\/\\\/lindaotterstedt.com\\\/wp-content\\\/uploads\\\/2023\\\/03\\\/1400_LOGO_Linda_Otterstedt_Standard_Logo_Transparent-copy.png\",\"contentUrl\":\"https:\\\/\\\/lindaotterstedt.com\\\/wp-content\\\/uploads\\\/2023\\\/03\\\/1400_LOGO_Linda_Otterstedt_Standard_Logo_Transparent-copy.png\",\"width\":2684,\"height\":1400,\"caption\":\"Linda Otterstedt Photography\"},\"image\":{\"@id\":\"https:\\\/\\\/lindaotterstedt.com\\\/sv\\\/#\\\/schema\\\/logo\\\/image\\\/\"},\"sameAs\":[\"https:\\\/\\\/www.facebook.com\\\/lindaotterstedtphotography\",\"https:\\\/\\\/www.instagram.com\\\/worldphotographer\",\"https:\\\/\\\/www.instagram.com\\\/worldphotographer_weddings\",\"https:\\\/\\\/www.linkedin.com\\\/in\\\/linda-otterstedt-1886235\\\/\"]},{\"@type\":\"Person\",\"@id\":\"https:\\\/\\\/lindaotterstedt.com\\\/sv\\\/#\\\/schema\\\/person\\\/a8bc2e1a05abd2ffa46fddaa8cb4e2c3\",\"name\":\"Linda Otterstedt\"}]}<\/script>\n<!-- \/ Yoast SEO plugin. -->","yoast_head_json":{"title":"Ett\u00e5rsfotografering - Linda Otterstedt Photography","robots":{"index":"index","follow":"follow","max-snippet":"max-snippet:-1","max-image-preview":"max-image-preview:large","max-video-preview":"max-video-preview:-1"},"canonical":"https:\/\/lindaotterstedt.com\/sv\/ett-ars-fotografering-i-studion\/","og_locale":"sv_SE","og_type":"article","og_title":"Ett\u00e5rsfotografering - Linda Otterstedt Photography","og_description":"Hur h\u00e4nde det? Det gick f\u00f6r fort. Fr\u00e5n att ha varit f\u00f6dd och totalt hj\u00e4lpl\u00f6s och nu en liten m\u00e4nniska som sitter och kryper, ibland g\u00e5r de till och med. De kan st\u00e5 f\u00f6r sig sj\u00e4lva! Kanske kan ditt barn s\u00e4ga mamma, mamma, pappa eller pappa. \u00c4r det inte fantastiskt? Kom till mig f\u00f6r att [&hellip;]","og_url":"https:\/\/lindaotterstedt.com\/sv\/ett-ars-fotografering-i-studion\/","og_site_name":"Linda Otterstedt Photography","article_publisher":"https:\/\/www.facebook.com\/lindaotterstedtphotography","article_published_time":"2022-05-29T20:53:06+00:00","article_modified_time":"2023-02-09T17:55:50+00:00","og_image":[{"width":2560,"height":2048,"url":"https:\/\/lindaotterstedt.com\/wp-content\/uploads\/2022\/05\/220121-Milton-0900-scaled.jpg","type":"image\/jpeg"}],"author":"Linda Otterstedt","twitter_card":"summary_large_image","twitter_misc":{"Skriven av":"Linda Otterstedt","Ber\u00e4knad l\u00e4stid":"2 minuter"},"schema":{"@context":"https:\/\/schema.org","@graph":[{"@type":"Article","@id":"https:\/\/lindaotterstedt.com\/sv\/ett-ars-fotografering-i-studion\/#article","isPartOf":{"@id":"https:\/\/lindaotterstedt.com\/sv\/ett-ars-fotografering-i-studion\/"},"author":{"name":"Linda Otterstedt","@id":"https:\/\/lindaotterstedt.com\/sv\/#\/schema\/person\/a8bc2e1a05abd2ffa46fddaa8cb4e2c3"},"headline":"Ett\u00e5rsfotografering","datePublished":"2022-05-29T20:53:06+00:00","dateModified":"2023-02-09T17:55:50+00:00","mainEntityOfPage":{"@id":"https:\/\/lindaotterstedt.com\/sv\/ett-ars-fotografering-i-studion\/"},"wordCount":373,"publisher":{"@id":"https:\/\/lindaotterstedt.com\/sv\/#organization"},"image":{"@id":"https:\/\/lindaotterstedt.com\/sv\/ett-ars-fotografering-i-studion\/#primaryimage"},"thumbnailUrl":"https:\/\/lindaotterstedt.com\/wp-content\/uploads\/2022\/05\/220121-Milton-0900-scaled.jpg","articleSection":["Familjefotografering"],"inLanguage":"sv-SE"},{"@type":"WebPage","@id":"https:\/\/lindaotterstedt.com\/sv\/ett-ars-fotografering-i-studion\/","url":"https:\/\/lindaotterstedt.com\/sv\/ett-ars-fotografering-i-studion\/","name":"Ett\u00e5rsfotografering - Linda Otterstedt Photography","isPartOf":{"@id":"https:\/\/lindaotterstedt.com\/sv\/#website"},"primaryImageOfPage":{"@id":"https:\/\/lindaotterstedt.com\/sv\/ett-ars-fotografering-i-studion\/#primaryimage"},"image":{"@id":"https:\/\/lindaotterstedt.com\/sv\/ett-ars-fotografering-i-studion\/#primaryimage"},"thumbnailUrl":"https:\/\/lindaotterstedt.com\/wp-content\/uploads\/2022\/05\/220121-Milton-0900-scaled.jpg","datePublished":"2022-05-29T20:53:06+00:00","dateModified":"2023-02-09T17:55:50+00:00","breadcrumb":{"@id":"https:\/\/lindaotterstedt.com\/sv\/ett-ars-fotografering-i-studion\/#breadcrumb"},"inLanguage":"sv-SE","potentialAction":[{"@type":"ReadAction","target":["https:\/\/lindaotterstedt.com\/sv\/ett-ars-fotografering-i-studion\/"]}]},{"@type":"ImageObject","inLanguage":"sv-SE","@id":"https:\/\/lindaotterstedt.com\/sv\/ett-ars-fotografering-i-studion\/#primaryimage","url":"https:\/\/lindaotterstedt.com\/wp-content\/uploads\/2022\/05\/220121-Milton-0900-scaled.jpg","contentUrl":"https:\/\/lindaotterstedt.com\/wp-content\/uploads\/2022\/05\/220121-Milton-0900-scaled.jpg","width":2560,"height":2048,"caption":"Ett\u00e5rsfotografering I studio Danderyd"},{"@type":"BreadcrumbList","@id":"https:\/\/lindaotterstedt.com\/sv\/ett-ars-fotografering-i-studion\/#breadcrumb","itemListElement":[{"@type":"ListItem","position":1,"name":"Home","item":"https:\/\/lindaotterstedt.com\/sv\/"},{"@type":"ListItem","position":2,"name":"Ett\u00e5rsfotografering"}]},{"@type":"WebSite","@id":"https:\/\/lindaotterstedt.com\/sv\/#website","url":"https:\/\/lindaotterstedt.com\/sv\/","name":"Linda Otterstedt Photography","description":"Photography for generations to come","publisher":{"@id":"https:\/\/lindaotterstedt.com\/sv\/#organization"},"potentialAction":[{"@type":"SearchAction","target":{"@type":"EntryPoint","urlTemplate":"https:\/\/lindaotterstedt.com\/sv\/?s={search_term_string}"},"query-input":{"@type":"PropertyValueSpecification","valueRequired":true,"valueName":"search_term_string"}}],"inLanguage":"sv-SE"},{"@type":"Organization","@id":"https:\/\/lindaotterstedt.com\/sv\/#organization","name":"Linda Otterstedt Photography","alternateName":"LOP","url":"https:\/\/lindaotterstedt.com\/sv\/","logo":{"@type":"ImageObject","inLanguage":"sv-SE","@id":"https:\/\/lindaotterstedt.com\/sv\/#\/schema\/logo\/image\/","url":"https:\/\/lindaotterstedt.com\/wp-content\/uploads\/2023\/03\/1400_LOGO_Linda_Otterstedt_Standard_Logo_Transparent-copy.png","contentUrl":"https:\/\/lindaotterstedt.com\/wp-content\/uploads\/2023\/03\/1400_LOGO_Linda_Otterstedt_Standard_Logo_Transparent-copy.png","width":2684,"height":1400,"caption":"Linda Otterstedt Photography"},"image":{"@id":"https:\/\/lindaotterstedt.com\/sv\/#\/schema\/logo\/image\/"},"sameAs":["https:\/\/www.facebook.com\/lindaotterstedtphotography","https:\/\/www.instagram.com\/worldphotographer","https:\/\/www.instagram.com\/worldphotographer_weddings","https:\/\/www.linkedin.com\/in\/linda-otterstedt-1886235\/"]},{"@type":"Person","@id":"https:\/\/lindaotterstedt.com\/sv\/#\/schema\/person\/a8bc2e1a05abd2ffa46fddaa8cb4e2c3","name":"Linda Otterstedt"}]}},"_links":{"self":[{"href":"https:\/\/lindaotterstedt.com\/sv\/wp-json\/wp\/v2\/posts\/3139","targetHints":{"allow":["GET"]}}],"collection":[{"href":"https:\/\/lindaotterstedt.com\/sv\/wp-json\/wp\/v2\/posts"}],"about":[{"href":"https:\/\/lindaotterstedt.com\/sv\/wp-json\/wp\/v2\/types\/post"}],"author":[{"embeddable":true,"href":"https:\/\/lindaotterstedt.com\/sv\/wp-json\/wp\/v2\/users\/7"}],"replies":[{"embeddable":true,"href":"https:\/\/lindaotterstedt.com\/sv\/wp-json\/wp\/v2\/comments?post=3139"}],"version-history":[{"count":9,"href":"https:\/\/lindaotterstedt.com\/sv\/wp-json\/wp\/v2\/posts\/3139\/revisions"}],"predecessor-version":[{"id":5698,"href":"https:\/\/lindaotterstedt.com\/sv\/wp-json\/wp\/v2\/posts\/3139\/revisions\/5698"}],"wp:featuredmedia":[{"embeddable":true,"href":"https:\/\/lindaotterstedt.com\/sv\/wp-json\/wp\/v2\/media\/2979"}],"wp:attachment":[{"href":"https:\/\/lindaotterstedt.com\/sv\/wp-json\/wp\/v2\/media?parent=3139"}],"wp:term":[{"taxonomy":"category","embeddable":true,"href":"https:\/\/lindaotterstedt.com\/sv\/wp-json\/wp\/v2\/categories?post=3139"},{"taxonomy":"post_tag","embeddable":true,"href":"https:\/\/lindaotterstedt.com\/sv\/wp-json\/wp\/v2\/tags?post=3139"}],"curies":[{"name":"wp","href":"https:\/\/api.w.org\/{rel}","templated":true}]}}