{"id":3157,"date":"2021-01-16T23:20:56","date_gmt":"2021-01-16T22:20:56","guid":{"rendered":"https:\/\/lindaotterstedt-com.lyricalstaging.com\/barnportratt-pa-olika-satt\/"},"modified":"2023-01-06T17:02:53","modified_gmt":"2023-01-06T16:02:53","slug":"barnportratt-pa-olika-satt","status":"publish","type":"post","link":"https:\/\/lindaotterstedt.com\/sv\/barnportratt-pa-olika-satt\/","title":{"rendered":"Barnportr\u00e4tt p\u00e5 olika s\u00e4tt"},"content":{"rendered":"\n<p class=\"wp-block-paragraph\">F\u00f6r tv\u00e5 \u00e5r sedan blev jag kontaktad av en gammal kund, faktiskt fr\u00e5n 2014. Hon fr\u00e5gade om vi kunde g\u00f6ra n\u00e5gra barnportr\u00e4tt p\u00e5 olika s\u00e4tt av hennes egna barn. Om du inte kan v\u00e4nta och vill boka mig s\u00e5 fort som m\u00f6jligt kan du kontakta mig <a href=\"https:\/\/lindaotterstedt.com\/sv\/kontakt\/\">h\u00e4r<\/a>.<\/p>\n\n<p class=\"wp-block-paragraph\">(Jag bodde i Stockholm mellan 2012 och 2015 innan jag flyttade till Wien och sedan till Lausanne.)<\/p>\n\n<figure class=\"wp-block-image size-large\"><img loading=\"lazy\" decoding=\"async\" width=\"1024\" height=\"683\" src=\"https:\/\/lindaotterstedt.com\/wp-content\/uploads\/2021\/01\/11021520_891195327607179_964895905514202322_o-1024x683.jpg\" alt=\"\" class=\"wp-image-548\" srcset=\"https:\/\/lindaotterstedt.com\/wp-content\/uploads\/2021\/01\/11021520_891195327607179_964895905514202322_o-1024x683.jpg 1024w, https:\/\/lindaotterstedt.com\/wp-content\/uploads\/2021\/01\/11021520_891195327607179_964895905514202322_o-300x200.jpg 300w, https:\/\/lindaotterstedt.com\/wp-content\/uploads\/2021\/01\/11021520_891195327607179_964895905514202322_o-768x512.jpg 768w, https:\/\/lindaotterstedt.com\/wp-content\/uploads\/2021\/01\/11021520_891195327607179_964895905514202322_o-1536x1025.jpg 1536w, https:\/\/lindaotterstedt.com\/wp-content\/uploads\/2021\/01\/11021520_891195327607179_964895905514202322_o-1600x1067.jpg 1600w, https:\/\/lindaotterstedt.com\/wp-content\/uploads\/2021\/01\/11021520_891195327607179_964895905514202322_o.jpg 2048w\" sizes=\"(max-width: 1024px) 100vw, 1024px\" \/><\/figure>\n<p class=\"wp-block-paragraph\">Det var en gammal kund som jag hade fotograferat n\u00e4r hon var gravid med sitt f\u00f6rsta barn och sedan fotade jag hennes nyf\u00f6dda flicka. <\/p>\n\n<figure class=\"wp-block-image size-large\"><img loading=\"lazy\" decoding=\"async\" width=\"1024\" height=\"684\" src=\"https:\/\/lindaotterstedt.com\/wp-content\/uploads\/2021\/01\/11947878_970142109712500_5747158902021380269_o-1024x684.jpg\" alt=\"\" class=\"wp-image-560\" srcset=\"https:\/\/lindaotterstedt.com\/wp-content\/uploads\/2021\/01\/11947878_970142109712500_5747158902021380269_o-1024x684.jpg 1024w, https:\/\/lindaotterstedt.com\/wp-content\/uploads\/2021\/01\/11947878_970142109712500_5747158902021380269_o-300x200.jpg 300w, https:\/\/lindaotterstedt.com\/wp-content\/uploads\/2021\/01\/11947878_970142109712500_5747158902021380269_o-768x513.jpg 768w, https:\/\/lindaotterstedt.com\/wp-content\/uploads\/2021\/01\/11947878_970142109712500_5747158902021380269_o.jpg 1200w\" sizes=\"(max-width: 1024px) 100vw, 1024px\" \/><figcaption class=\"wp-element-caption\">Nyf\u00f6dd bebis med sin mamma<\/figcaption><\/figure>\n<h2 class=\"wp-block-heading\">Fotografering i hemmet<\/h2>\n\n<p class=\"wp-block-paragraph\">N\u00e5gra \u00e5r senare fotograferade jag hennes andra dotter n\u00e4r jag var tillbaka i Sverige under sommaren 2017 och i v\u00e5ras kontaktade denna mamma mig igen f\u00f6r nu var det en lillebror p\u00e5 v\u00e4g. N\u00e4r vi \u00e4ntligen bokade fotosessionen, som blev lite f\u00f6rsenad p\u00e5 grund av Corona och min flytt tillbaka till Stockholm fr\u00e5n Lausanne, best\u00e4mde vi oss f\u00f6r att ocks\u00e5 g\u00f6ra ett par olika fotograferingar. <\/p>\n\n<p class=\"wp-block-paragraph\"><\/p>\n\n<p class=\"wp-block-paragraph\">Det jag skulle vilja ber\u00e4tta med den h\u00e4r bloggen \u00e4r att det finns s\u00e5 m\u00e5nga olika alternativ f\u00f6r barnfotografering. Du kan g\u00f6ra en dokument\u00e4r fotosession hemma. Som p\u00e5 dessa bilder. H\u00e4r \u00e4r en blandning fr\u00e5n 2017 och 2020.<\/p>\n\n<figure class=\"wp-block-gallery has-nested-images columns-default is-cropped wp-block-gallery-1 is-layout-flex wp-block-gallery-is-layout-flex\">\n<figure class=\"wp-block-image size-large\"><img loading=\"lazy\" decoding=\"async\" width=\"684\" height=\"1024\" data-id=\"550\" src=\"https:\/\/lindaotterstedt.com\/wp-content\/uploads\/2021\/01\/sylvia_1935-1-684x1024.jpg\" alt=\"\" class=\"wp-image-550\" srcset=\"https:\/\/lindaotterstedt.com\/wp-content\/uploads\/2021\/01\/sylvia_1935-1-684x1024.jpg 684w, https:\/\/lindaotterstedt.com\/wp-content\/uploads\/2021\/01\/sylvia_1935-1-200x300.jpg 200w, https:\/\/lindaotterstedt.com\/wp-content\/uploads\/2021\/01\/sylvia_1935-1-768x1150.jpg 768w, https:\/\/lindaotterstedt.com\/wp-content\/uploads\/2021\/01\/sylvia_1935-1.jpg 935w\" sizes=\"(max-width: 684px) 100vw, 684px\" \/><\/figure>\n\n\n<figure class=\"wp-block-image size-large\"><img loading=\"lazy\" decoding=\"async\" width=\"1024\" height=\"683\" data-id=\"551\" src=\"https:\/\/lindaotterstedt.com\/wp-content\/uploads\/2021\/01\/FGSkF471336244l-1024x683.jpg\" alt=\"\" class=\"wp-image-551\" srcset=\"https:\/\/lindaotterstedt.com\/wp-content\/uploads\/2021\/01\/FGSkF471336244l-1024x683.jpg 1024w, https:\/\/lindaotterstedt.com\/wp-content\/uploads\/2021\/01\/FGSkF471336244l-300x200.jpg 300w, https:\/\/lindaotterstedt.com\/wp-content\/uploads\/2021\/01\/FGSkF471336244l-768x512.jpg 768w, https:\/\/lindaotterstedt.com\/wp-content\/uploads\/2021\/01\/FGSkF471336244l.jpg 1400w\" sizes=\"(max-width: 1024px) 100vw, 1024px\" \/><\/figure>\n\n\n<figure class=\"wp-block-image size-large\"><img loading=\"lazy\" decoding=\"async\" width=\"1024\" height=\"683\" data-id=\"552\" src=\"https:\/\/lindaotterstedt.com\/wp-content\/uploads\/2021\/01\/rVjLY471336381l-1024x683.jpg\" alt=\"\" class=\"wp-image-552\" srcset=\"https:\/\/lindaotterstedt.com\/wp-content\/uploads\/2021\/01\/rVjLY471336381l-1024x683.jpg 1024w, https:\/\/lindaotterstedt.com\/wp-content\/uploads\/2021\/01\/rVjLY471336381l-300x200.jpg 300w, https:\/\/lindaotterstedt.com\/wp-content\/uploads\/2021\/01\/rVjLY471336381l-768x512.jpg 768w, https:\/\/lindaotterstedt.com\/wp-content\/uploads\/2021\/01\/rVjLY471336381l.jpg 1400w\" sizes=\"(max-width: 1024px) 100vw, 1024px\" \/><\/figure>\n\n\n<figure class=\"wp-block-image size-large\"><img loading=\"lazy\" decoding=\"async\" width=\"1024\" height=\"681\" data-id=\"553\" src=\"https:\/\/lindaotterstedt.com\/wp-content\/uploads\/2021\/01\/Sylvia-familyphotos-2020-6182-1024x681.jpg\" alt=\"\" class=\"wp-image-553\" srcset=\"https:\/\/lindaotterstedt.com\/wp-content\/uploads\/2021\/01\/Sylvia-familyphotos-2020-6182-1024x681.jpg 1024w, https:\/\/lindaotterstedt.com\/wp-content\/uploads\/2021\/01\/Sylvia-familyphotos-2020-6182-300x200.jpg 300w, https:\/\/lindaotterstedt.com\/wp-content\/uploads\/2021\/01\/Sylvia-familyphotos-2020-6182-768x511.jpg 768w, https:\/\/lindaotterstedt.com\/wp-content\/uploads\/2021\/01\/Sylvia-familyphotos-2020-6182-1536x1022.jpg 1536w, https:\/\/lindaotterstedt.com\/wp-content\/uploads\/2021\/01\/Sylvia-familyphotos-2020-6182-1600x1065.jpg 1600w, https:\/\/lindaotterstedt.com\/wp-content\/uploads\/2021\/01\/Sylvia-familyphotos-2020-6182.jpg 2024w\" sizes=\"(max-width: 1024px) 100vw, 1024px\" \/><\/figure>\n\n\n<figure class=\"wp-block-image size-large\"><img loading=\"lazy\" decoding=\"async\" width=\"1024\" height=\"681\" data-id=\"554\" src=\"https:\/\/lindaotterstedt.com\/wp-content\/uploads\/2021\/01\/Sylvia-familyphotos-2020-6223-1024x681.jpg\" alt=\"\" class=\"wp-image-554\" srcset=\"https:\/\/lindaotterstedt.com\/wp-content\/uploads\/2021\/01\/Sylvia-familyphotos-2020-6223-1024x681.jpg 1024w, https:\/\/lindaotterstedt.com\/wp-content\/uploads\/2021\/01\/Sylvia-familyphotos-2020-6223-300x200.jpg 300w, https:\/\/lindaotterstedt.com\/wp-content\/uploads\/2021\/01\/Sylvia-familyphotos-2020-6223-768x511.jpg 768w, https:\/\/lindaotterstedt.com\/wp-content\/uploads\/2021\/01\/Sylvia-familyphotos-2020-6223-1536x1022.jpg 1536w, https:\/\/lindaotterstedt.com\/wp-content\/uploads\/2021\/01\/Sylvia-familyphotos-2020-6223-1600x1065.jpg 1600w, https:\/\/lindaotterstedt.com\/wp-content\/uploads\/2021\/01\/Sylvia-familyphotos-2020-6223.jpg 2024w\" sizes=\"(max-width: 1024px) 100vw, 1024px\" \/><\/figure>\n\n\n<figure class=\"wp-block-image size-large\"><img loading=\"lazy\" decoding=\"async\" width=\"684\" height=\"1024\" data-id=\"555\" src=\"https:\/\/lindaotterstedt.com\/wp-content\/uploads\/2021\/01\/sylvia_1839-684x1024.jpg\" alt=\"\" class=\"wp-image-555\" srcset=\"https:\/\/lindaotterstedt.com\/wp-content\/uploads\/2021\/01\/sylvia_1839-684x1024.jpg 684w, https:\/\/lindaotterstedt.com\/wp-content\/uploads\/2021\/01\/sylvia_1839-200x300.jpg 200w, https:\/\/lindaotterstedt.com\/wp-content\/uploads\/2021\/01\/sylvia_1839-768x1150.jpg 768w, https:\/\/lindaotterstedt.com\/wp-content\/uploads\/2021\/01\/sylvia_1839.jpg 935w\" sizes=\"(max-width: 684px) 100vw, 684px\" \/><\/figure>\n\n\n<figure class=\"wp-block-image size-large\"><img loading=\"lazy\" decoding=\"async\" width=\"1024\" height=\"684\" data-id=\"556\" src=\"https:\/\/lindaotterstedt.com\/wp-content\/uploads\/2021\/01\/sylvia_2056-1024x684.jpg\" alt=\"\" class=\"wp-image-556\" srcset=\"https:\/\/lindaotterstedt.com\/wp-content\/uploads\/2021\/01\/sylvia_2056-1024x684.jpg 1024w, https:\/\/lindaotterstedt.com\/wp-content\/uploads\/2021\/01\/sylvia_2056-300x200.jpg 300w, https:\/\/lindaotterstedt.com\/wp-content\/uploads\/2021\/01\/sylvia_2056-768x513.jpg 768w, https:\/\/lindaotterstedt.com\/wp-content\/uploads\/2021\/01\/sylvia_2056.jpg 1400w\" sizes=\"(max-width: 1024px) 100vw, 1024px\" \/><\/figure>\n\n\n<figure class=\"wp-block-image size-large\"><img loading=\"lazy\" decoding=\"async\" width=\"1024\" height=\"681\" data-id=\"557\" src=\"https:\/\/lindaotterstedt.com\/wp-content\/uploads\/2021\/01\/Sylvia_familyphotography-6215-1024x681.jpg\" alt=\"\" class=\"wp-image-557\" srcset=\"https:\/\/lindaotterstedt.com\/wp-content\/uploads\/2021\/01\/Sylvia_familyphotography-6215-1024x681.jpg 1024w, https:\/\/lindaotterstedt.com\/wp-content\/uploads\/2021\/01\/Sylvia_familyphotography-6215-300x200.jpg 300w, https:\/\/lindaotterstedt.com\/wp-content\/uploads\/2021\/01\/Sylvia_familyphotography-6215-768x511.jpg 768w, https:\/\/lindaotterstedt.com\/wp-content\/uploads\/2021\/01\/Sylvia_familyphotography-6215-1536x1022.jpg 1536w, https:\/\/lindaotterstedt.com\/wp-content\/uploads\/2021\/01\/Sylvia_familyphotography-6215-2048x1363.jpg 2048w\" sizes=\"(max-width: 1024px) 100vw, 1024px\" \/><\/figure>\n\n\n<figure class=\"wp-block-image size-large\"><img loading=\"lazy\" decoding=\"async\" width=\"1024\" height=\"683\" data-id=\"558\" src=\"https:\/\/lindaotterstedt.com\/wp-content\/uploads\/2021\/01\/zslrW471335840l-1024x683.jpg\" alt=\"\" class=\"wp-image-558\" srcset=\"https:\/\/lindaotterstedt.com\/wp-content\/uploads\/2021\/01\/zslrW471335840l-1024x683.jpg 1024w, https:\/\/lindaotterstedt.com\/wp-content\/uploads\/2021\/01\/zslrW471335840l-300x200.jpg 300w, https:\/\/lindaotterstedt.com\/wp-content\/uploads\/2021\/01\/zslrW471335840l-768x512.jpg 768w, https:\/\/lindaotterstedt.com\/wp-content\/uploads\/2021\/01\/zslrW471335840l.jpg 1400w\" sizes=\"(max-width: 1024px) 100vw, 1024px\" \/><\/figure><\/figure>\n\n<p class=\"wp-block-paragraph\">Dessa \u00e4r v\u00e4ldigt naturliga och jag gillar flickornas och pojkens naturliga uttryck. S\u00e5 \u00e4r det i verkligheten. Det jag ocks\u00e5 gillar \u00e4r lite mer iscensatta bilder. Fortfarande naturligt men med mer planering och ordning med vackra kl\u00e4nningar till tjejerna och lite s\u00f6ta kl\u00e4der till pojken. <\/p>\n\n<figure class=\"wp-block-image size-large\"><img loading=\"lazy\" decoding=\"async\" width=\"1024\" height=\"681\" src=\"https:\/\/lindaotterstedt.com\/wp-content\/uploads\/2021\/01\/childrenfineart-fineart-barnfotograf_lindaotterstedt_logo-1024x681.jpg\" alt=\"\" class=\"wp-image-563\" srcset=\"https:\/\/lindaotterstedt.com\/wp-content\/uploads\/2021\/01\/childrenfineart-fineart-barnfotograf_lindaotterstedt_logo-1024x681.jpg 1024w, https:\/\/lindaotterstedt.com\/wp-content\/uploads\/2021\/01\/childrenfineart-fineart-barnfotograf_lindaotterstedt_logo-300x200.jpg 300w, https:\/\/lindaotterstedt.com\/wp-content\/uploads\/2021\/01\/childrenfineart-fineart-barnfotograf_lindaotterstedt_logo-768x511.jpg 768w, https:\/\/lindaotterstedt.com\/wp-content\/uploads\/2021\/01\/childrenfineart-fineart-barnfotograf_lindaotterstedt_logo-1536x1021.jpg 1536w, https:\/\/lindaotterstedt.com\/wp-content\/uploads\/2021\/01\/childrenfineart-fineart-barnfotograf_lindaotterstedt_logo-1600x1064.jpg 1600w, https:\/\/lindaotterstedt.com\/wp-content\/uploads\/2021\/01\/childrenfineart-fineart-barnfotograf_lindaotterstedt_logo.jpg 2024w\" sizes=\"(max-width: 1024px) 100vw, 1024px\" \/><figcaption class=\"wp-element-caption\">Pojke med h\u00f6st\u00e4pplen<\/figcaption><\/figure>\n<p class=\"wp-block-paragraph\"><\/p>\n\n<figure class=\"wp-block-image size-large\"><img loading=\"lazy\" decoding=\"async\" width=\"819\" height=\"1024\" src=\"https:\/\/lindaotterstedt.com\/wp-content\/uploads\/2021\/01\/childrenfineart-fineart-barnfotograf_lindaotterstedt-2-819x1024.jpg\" alt=\"\" class=\"wp-image-564\" srcset=\"https:\/\/lindaotterstedt.com\/wp-content\/uploads\/2021\/01\/childrenfineart-fineart-barnfotograf_lindaotterstedt-2-819x1024.jpg 819w, https:\/\/lindaotterstedt.com\/wp-content\/uploads\/2021\/01\/childrenfineart-fineart-barnfotograf_lindaotterstedt-2-240x300.jpg 240w, https:\/\/lindaotterstedt.com\/wp-content\/uploads\/2021\/01\/childrenfineart-fineart-barnfotograf_lindaotterstedt-2-768x960.jpg 768w, https:\/\/lindaotterstedt.com\/wp-content\/uploads\/2021\/01\/childrenfineart-fineart-barnfotograf_lindaotterstedt-2-1229x1536.jpg 1229w, https:\/\/lindaotterstedt.com\/wp-content\/uploads\/2021\/01\/childrenfineart-fineart-barnfotograf_lindaotterstedt-2-1280x1600.jpg 1280w, https:\/\/lindaotterstedt.com\/wp-content\/uploads\/2021\/01\/childrenfineart-fineart-barnfotograf_lindaotterstedt-2.jpg 1619w\" sizes=\"(max-width: 819px) 100vw, 819px\" \/><figcaption class=\"wp-element-caption\">Konstn\u00e4rlig flicka p\u00e5 ett annorlunda s\u00e4tt<\/figcaption><\/figure>\n<figure class=\"wp-block-image size-large\"><img loading=\"lazy\" decoding=\"async\" width=\"819\" height=\"1024\" src=\"https:\/\/lindaotterstedt.com\/wp-content\/uploads\/2021\/01\/childrenfineart-fineart-barnfotograf_lindaotterstedt--819x1024.jpg\" alt=\"\" class=\"wp-image-565\" srcset=\"https:\/\/lindaotterstedt.com\/wp-content\/uploads\/2021\/01\/childrenfineart-fineart-barnfotograf_lindaotterstedt--819x1024.jpg 819w, https:\/\/lindaotterstedt.com\/wp-content\/uploads\/2021\/01\/childrenfineart-fineart-barnfotograf_lindaotterstedt--240x300.jpg 240w, https:\/\/lindaotterstedt.com\/wp-content\/uploads\/2021\/01\/childrenfineart-fineart-barnfotograf_lindaotterstedt--768x960.jpg 768w, https:\/\/lindaotterstedt.com\/wp-content\/uploads\/2021\/01\/childrenfineart-fineart-barnfotograf_lindaotterstedt--1229x1536.jpg 1229w, https:\/\/lindaotterstedt.com\/wp-content\/uploads\/2021\/01\/childrenfineart-fineart-barnfotograf_lindaotterstedt--1280x1600.jpg 1280w, https:\/\/lindaotterstedt.com\/wp-content\/uploads\/2021\/01\/childrenfineart-fineart-barnfotograf_lindaotterstedt-.jpg 1619w\" sizes=\"(max-width: 819px) 100vw, 819px\" \/><figcaption class=\"wp-element-caption\">En vacker flicka p\u00e5 en stor sten<\/figcaption><\/figure>\n<h2 class=\"wp-block-heading\">\u00c4ven i skogen portr\u00e4tterar barn p\u00e5 olika s\u00e4tt.<\/h2>\n\n<p class=\"wp-block-paragraph\">Ja, lite mer organiserade bilder men \u00e4nd\u00e5 v\u00e4ldigt l\u00e4ttsamma och tjejerna \u00e4lskade kl\u00e4nningarna jag tog med till dem. De snurrade runt, kollade fl\u00f6det i kl\u00e4nningarna och k\u00e4ndes v\u00e4ldigt vackra.<\/p>\n\n<p class=\"wp-block-paragraph\">S\u00e5 medan de var i sin egen lilla v\u00e4rld med kl\u00e4nningarna tog jag n\u00e5gra s\u00f6ta bilder p\u00e5 dem. Titta bara p\u00e5 dessa systrar. S\u00e5 cuuuuute!<\/p>\n\n<figure class=\"wp-block-gallery has-nested-images columns-default is-cropped wp-block-gallery-2 is-layout-flex wp-block-gallery-is-layout-flex\">\n<figure class=\"wp-block-image size-large\"><img loading=\"lazy\" decoding=\"async\" width=\"1024\" height=\"819\" data-id=\"567\" src=\"https:\/\/lindaotterstedt.com\/wp-content\/uploads\/2021\/01\/fineart-barnfotograf-familjefotograf-4792-1024x819.jpg\" alt=\"\" class=\"wp-image-567\" srcset=\"https:\/\/lindaotterstedt.com\/wp-content\/uploads\/2021\/01\/fineart-barnfotograf-familjefotograf-4792-1024x819.jpg 1024w, https:\/\/lindaotterstedt.com\/wp-content\/uploads\/2021\/01\/fineart-barnfotograf-familjefotograf-4792-300x240.jpg 300w, https:\/\/lindaotterstedt.com\/wp-content\/uploads\/2021\/01\/fineart-barnfotograf-familjefotograf-4792-768x614.jpg 768w, https:\/\/lindaotterstedt.com\/wp-content\/uploads\/2021\/01\/fineart-barnfotograf-familjefotograf-4792-1536x1229.jpg 1536w, https:\/\/lindaotterstedt.com\/wp-content\/uploads\/2021\/01\/fineart-barnfotograf-familjefotograf-4792-2048x1638.jpg 2048w\" sizes=\"(max-width: 1024px) 100vw, 1024px\" \/><\/figure>\n\n\n<figure class=\"wp-block-image size-large\"><img loading=\"lazy\" decoding=\"async\" width=\"1024\" height=\"819\" data-id=\"568\" src=\"https:\/\/lindaotterstedt.com\/wp-content\/uploads\/2021\/01\/fineart-barnfotograf-familjefotograf-4794-1-1024x819.jpg\" alt=\"\" class=\"wp-image-568\" srcset=\"https:\/\/lindaotterstedt.com\/wp-content\/uploads\/2021\/01\/fineart-barnfotograf-familjefotograf-4794-1-1024x819.jpg 1024w, https:\/\/lindaotterstedt.com\/wp-content\/uploads\/2021\/01\/fineart-barnfotograf-familjefotograf-4794-1-300x240.jpg 300w, https:\/\/lindaotterstedt.com\/wp-content\/uploads\/2021\/01\/fineart-barnfotograf-familjefotograf-4794-1-768x614.jpg 768w, https:\/\/lindaotterstedt.com\/wp-content\/uploads\/2021\/01\/fineart-barnfotograf-familjefotograf-4794-1-1536x1229.jpg 1536w, https:\/\/lindaotterstedt.com\/wp-content\/uploads\/2021\/01\/fineart-barnfotograf-familjefotograf-4794-1-2048x1638.jpg 2048w\" sizes=\"(max-width: 1024px) 100vw, 1024px\" \/><\/figure>\n\n\n<figure class=\"wp-block-image size-large\"><img loading=\"lazy\" decoding=\"async\" width=\"1024\" height=\"819\" data-id=\"569\" src=\"https:\/\/lindaotterstedt.com\/wp-content\/uploads\/2021\/01\/fineart-barnfotograf-familjefotograf-4805-1024x819.jpg\" alt=\"\" class=\"wp-image-569\" srcset=\"https:\/\/lindaotterstedt.com\/wp-content\/uploads\/2021\/01\/fineart-barnfotograf-familjefotograf-4805-1024x819.jpg 1024w, https:\/\/lindaotterstedt.com\/wp-content\/uploads\/2021\/01\/fineart-barnfotograf-familjefotograf-4805-300x240.jpg 300w, https:\/\/lindaotterstedt.com\/wp-content\/uploads\/2021\/01\/fineart-barnfotograf-familjefotograf-4805-768x614.jpg 768w, https:\/\/lindaotterstedt.com\/wp-content\/uploads\/2021\/01\/fineart-barnfotograf-familjefotograf-4805-1536x1229.jpg 1536w, https:\/\/lindaotterstedt.com\/wp-content\/uploads\/2021\/01\/fineart-barnfotograf-familjefotograf-4805-2048x1638.jpg 2048w\" sizes=\"(max-width: 1024px) 100vw, 1024px\" \/><\/figure>\n\n\n<figure class=\"wp-block-image size-large\"><img loading=\"lazy\" decoding=\"async\" width=\"1024\" height=\"819\" data-id=\"570\" src=\"https:\/\/lindaotterstedt.com\/wp-content\/uploads\/2021\/01\/fineart-barnfotograf-familjefotograf-4806-1024x819.jpg\" alt=\"\" class=\"wp-image-570\" srcset=\"https:\/\/lindaotterstedt.com\/wp-content\/uploads\/2021\/01\/fineart-barnfotograf-familjefotograf-4806-1024x819.jpg 1024w, https:\/\/lindaotterstedt.com\/wp-content\/uploads\/2021\/01\/fineart-barnfotograf-familjefotograf-4806-300x240.jpg 300w, https:\/\/lindaotterstedt.com\/wp-content\/uploads\/2021\/01\/fineart-barnfotograf-familjefotograf-4806-768x614.jpg 768w, https:\/\/lindaotterstedt.com\/wp-content\/uploads\/2021\/01\/fineart-barnfotograf-familjefotograf-4806-1536x1229.jpg 1536w, https:\/\/lindaotterstedt.com\/wp-content\/uploads\/2021\/01\/fineart-barnfotograf-familjefotograf-4806-2048x1638.jpg 2048w\" sizes=\"(max-width: 1024px) 100vw, 1024px\" \/><\/figure>\n\n\n<figure class=\"wp-block-image size-large\"><img loading=\"lazy\" decoding=\"async\" width=\"1024\" height=\"819\" data-id=\"571\" src=\"https:\/\/lindaotterstedt.com\/wp-content\/uploads\/2021\/01\/fineart-barnfotograf-familjefotograf-4807-1024x819.jpg\" alt=\"\" class=\"wp-image-571\" srcset=\"https:\/\/lindaotterstedt.com\/wp-content\/uploads\/2021\/01\/fineart-barnfotograf-familjefotograf-4807-1024x819.jpg 1024w, https:\/\/lindaotterstedt.com\/wp-content\/uploads\/2021\/01\/fineart-barnfotograf-familjefotograf-4807-300x240.jpg 300w, https:\/\/lindaotterstedt.com\/wp-content\/uploads\/2021\/01\/fineart-barnfotograf-familjefotograf-4807-768x614.jpg 768w, https:\/\/lindaotterstedt.com\/wp-content\/uploads\/2021\/01\/fineart-barnfotograf-familjefotograf-4807-1536x1229.jpg 1536w, https:\/\/lindaotterstedt.com\/wp-content\/uploads\/2021\/01\/fineart-barnfotograf-familjefotograf-4807-2048x1638.jpg 2048w\" sizes=\"(max-width: 1024px) 100vw, 1024px\" \/><\/figure>\n\n\n<figure class=\"wp-block-image size-large\"><img loading=\"lazy\" decoding=\"async\" width=\"1024\" height=\"819\" data-id=\"572\" src=\"https:\/\/lindaotterstedt.com\/wp-content\/uploads\/2021\/01\/fineart-barnfotograf-familjefotograf-4808-2-1024x819.jpg\" alt=\"\" class=\"wp-image-572\" srcset=\"https:\/\/lindaotterstedt.com\/wp-content\/uploads\/2021\/01\/fineart-barnfotograf-familjefotograf-4808-2-1024x819.jpg 1024w, https:\/\/lindaotterstedt.com\/wp-content\/uploads\/2021\/01\/fineart-barnfotograf-familjefotograf-4808-2-300x240.jpg 300w, https:\/\/lindaotterstedt.com\/wp-content\/uploads\/2021\/01\/fineart-barnfotograf-familjefotograf-4808-2-768x614.jpg 768w, https:\/\/lindaotterstedt.com\/wp-content\/uploads\/2021\/01\/fineart-barnfotograf-familjefotograf-4808-2-1536x1229.jpg 1536w, https:\/\/lindaotterstedt.com\/wp-content\/uploads\/2021\/01\/fineart-barnfotograf-familjefotograf-4808-2-2048x1638.jpg 2048w\" sizes=\"(max-width: 1024px) 100vw, 1024px\" \/><\/figure>\n\n\n<figure class=\"wp-block-image size-large\"><img loading=\"lazy\" decoding=\"async\" width=\"1024\" height=\"819\" data-id=\"573\" src=\"https:\/\/lindaotterstedt.com\/wp-content\/uploads\/2021\/01\/fineart-barnfotograf-familjefotograf-4808-1024x819.jpg\" alt=\"\" class=\"wp-image-573\" srcset=\"https:\/\/lindaotterstedt.com\/wp-content\/uploads\/2021\/01\/fineart-barnfotograf-familjefotograf-4808-1024x819.jpg 1024w, https:\/\/lindaotterstedt.com\/wp-content\/uploads\/2021\/01\/fineart-barnfotograf-familjefotograf-4808-300x240.jpg 300w, https:\/\/lindaotterstedt.com\/wp-content\/uploads\/2021\/01\/fineart-barnfotograf-familjefotograf-4808-768x614.jpg 768w, https:\/\/lindaotterstedt.com\/wp-content\/uploads\/2021\/01\/fineart-barnfotograf-familjefotograf-4808-1536x1229.jpg 1536w, https:\/\/lindaotterstedt.com\/wp-content\/uploads\/2021\/01\/fineart-barnfotograf-familjefotograf-4808-2048x1638.jpg 2048w\" sizes=\"(max-width: 1024px) 100vw, 1024px\" \/><\/figure>\n\n\n<figure class=\"wp-block-image size-large\"><img loading=\"lazy\" decoding=\"async\" width=\"1024\" height=\"819\" data-id=\"574\" src=\"https:\/\/lindaotterstedt.com\/wp-content\/uploads\/2021\/01\/fineart-barnfotograf-familjefotograf-4815-1024x819.jpg\" alt=\"\" class=\"wp-image-574\" srcset=\"https:\/\/lindaotterstedt.com\/wp-content\/uploads\/2021\/01\/fineart-barnfotograf-familjefotograf-4815-1024x819.jpg 1024w, https:\/\/lindaotterstedt.com\/wp-content\/uploads\/2021\/01\/fineart-barnfotograf-familjefotograf-4815-300x240.jpg 300w, https:\/\/lindaotterstedt.com\/wp-content\/uploads\/2021\/01\/fineart-barnfotograf-familjefotograf-4815-768x614.jpg 768w, https:\/\/lindaotterstedt.com\/wp-content\/uploads\/2021\/01\/fineart-barnfotograf-familjefotograf-4815-1536x1229.jpg 1536w, https:\/\/lindaotterstedt.com\/wp-content\/uploads\/2021\/01\/fineart-barnfotograf-familjefotograf-4815-2048x1638.jpg 2048w\" sizes=\"(max-width: 1024px) 100vw, 1024px\" \/><\/figure>\n\n\n<figure class=\"wp-block-image size-large\"><img loading=\"lazy\" decoding=\"async\" width=\"1024\" height=\"819\" data-id=\"575\" src=\"https:\/\/lindaotterstedt.com\/wp-content\/uploads\/2021\/01\/fineart-barnfotograf-familjefotograf-4817-1024x819.jpg\" alt=\"\" class=\"wp-image-575\" srcset=\"https:\/\/lindaotterstedt.com\/wp-content\/uploads\/2021\/01\/fineart-barnfotograf-familjefotograf-4817-1024x819.jpg 1024w, https:\/\/lindaotterstedt.com\/wp-content\/uploads\/2021\/01\/fineart-barnfotograf-familjefotograf-4817-300x240.jpg 300w, https:\/\/lindaotterstedt.com\/wp-content\/uploads\/2021\/01\/fineart-barnfotograf-familjefotograf-4817-768x614.jpg 768w, https:\/\/lindaotterstedt.com\/wp-content\/uploads\/2021\/01\/fineart-barnfotograf-familjefotograf-4817-1536x1229.jpg 1536w, https:\/\/lindaotterstedt.com\/wp-content\/uploads\/2021\/01\/fineart-barnfotograf-familjefotograf-4817-2048x1638.jpg 2048w\" sizes=\"(max-width: 1024px) 100vw, 1024px\" \/><\/figure>\n\n\n<figure class=\"wp-block-image size-large\"><img loading=\"lazy\" decoding=\"async\" width=\"1024\" height=\"681\" data-id=\"576\" src=\"https:\/\/lindaotterstedt.com\/wp-content\/uploads\/2021\/01\/fineart-barnfotograf-familjefotograf-4821-1024x681.jpg\" alt=\"\" class=\"wp-image-576\" srcset=\"https:\/\/lindaotterstedt.com\/wp-content\/uploads\/2021\/01\/fineart-barnfotograf-familjefotograf-4821-1024x681.jpg 1024w, https:\/\/lindaotterstedt.com\/wp-content\/uploads\/2021\/01\/fineart-barnfotograf-familjefotograf-4821-300x200.jpg 300w, https:\/\/lindaotterstedt.com\/wp-content\/uploads\/2021\/01\/fineart-barnfotograf-familjefotograf-4821-768x511.jpg 768w, https:\/\/lindaotterstedt.com\/wp-content\/uploads\/2021\/01\/fineart-barnfotograf-familjefotograf-4821-1536x1022.jpg 1536w, https:\/\/lindaotterstedt.com\/wp-content\/uploads\/2021\/01\/fineart-barnfotograf-familjefotograf-4821-2048x1363.jpg 2048w\" sizes=\"(max-width: 1024px) 100vw, 1024px\" \/><\/figure>\n\n\n<figure class=\"wp-block-image size-large\"><img loading=\"lazy\" decoding=\"async\" width=\"1024\" height=\"681\" data-id=\"577\" src=\"https:\/\/lindaotterstedt.com\/wp-content\/uploads\/2021\/01\/fineart-barnfotograf-familjefotograf-4825-1024x681.jpg\" alt=\"\" class=\"wp-image-577\" srcset=\"https:\/\/lindaotterstedt.com\/wp-content\/uploads\/2021\/01\/fineart-barnfotograf-familjefotograf-4825-1024x681.jpg 1024w, https:\/\/lindaotterstedt.com\/wp-content\/uploads\/2021\/01\/fineart-barnfotograf-familjefotograf-4825-300x200.jpg 300w, https:\/\/lindaotterstedt.com\/wp-content\/uploads\/2021\/01\/fineart-barnfotograf-familjefotograf-4825-768x511.jpg 768w, https:\/\/lindaotterstedt.com\/wp-content\/uploads\/2021\/01\/fineart-barnfotograf-familjefotograf-4825-1536x1022.jpg 1536w, https:\/\/lindaotterstedt.com\/wp-content\/uploads\/2021\/01\/fineart-barnfotograf-familjefotograf-4825-2048x1363.jpg 2048w\" sizes=\"(max-width: 1024px) 100vw, 1024px\" \/><\/figure>\n\n\n<figure class=\"wp-block-image size-large\"><img loading=\"lazy\" decoding=\"async\" width=\"1024\" height=\"681\" data-id=\"578\" src=\"https:\/\/lindaotterstedt.com\/wp-content\/uploads\/2021\/01\/fineart-barnfotograf-familjefotograf-4827-1024x681.jpg\" alt=\"\" class=\"wp-image-578\" srcset=\"https:\/\/lindaotterstedt.com\/wp-content\/uploads\/2021\/01\/fineart-barnfotograf-familjefotograf-4827-1024x681.jpg 1024w, https:\/\/lindaotterstedt.com\/wp-content\/uploads\/2021\/01\/fineart-barnfotograf-familjefotograf-4827-300x200.jpg 300w, https:\/\/lindaotterstedt.com\/wp-content\/uploads\/2021\/01\/fineart-barnfotograf-familjefotograf-4827-768x511.jpg 768w, https:\/\/lindaotterstedt.com\/wp-content\/uploads\/2021\/01\/fineart-barnfotograf-familjefotograf-4827-1536x1022.jpg 1536w, https:\/\/lindaotterstedt.com\/wp-content\/uploads\/2021\/01\/fineart-barnfotograf-familjefotograf-4827-2048x1363.jpg 2048w\" sizes=\"(max-width: 1024px) 100vw, 1024px\" \/><\/figure>\n\n\n<figure class=\"wp-block-image size-large\"><img loading=\"lazy\" decoding=\"async\" width=\"1024\" height=\"681\" data-id=\"579\" src=\"https:\/\/lindaotterstedt.com\/wp-content\/uploads\/2021\/01\/fineart-barnfotograf-familjefotograf-4828-1024x681.jpg\" alt=\"\" class=\"wp-image-579\" srcset=\"https:\/\/lindaotterstedt.com\/wp-content\/uploads\/2021\/01\/fineart-barnfotograf-familjefotograf-4828-1024x681.jpg 1024w, https:\/\/lindaotterstedt.com\/wp-content\/uploads\/2021\/01\/fineart-barnfotograf-familjefotograf-4828-300x200.jpg 300w, https:\/\/lindaotterstedt.com\/wp-content\/uploads\/2021\/01\/fineart-barnfotograf-familjefotograf-4828-768x511.jpg 768w, https:\/\/lindaotterstedt.com\/wp-content\/uploads\/2021\/01\/fineart-barnfotograf-familjefotograf-4828-1536x1022.jpg 1536w, https:\/\/lindaotterstedt.com\/wp-content\/uploads\/2021\/01\/fineart-barnfotograf-familjefotograf-4828-2048x1363.jpg 2048w\" sizes=\"(max-width: 1024px) 100vw, 1024px\" \/><\/figure>\n\n\n<figure class=\"wp-block-image size-large\"><img loading=\"lazy\" decoding=\"async\" width=\"1024\" height=\"819\" data-id=\"580\" src=\"https:\/\/lindaotterstedt.com\/wp-content\/uploads\/2021\/01\/fineart-barnfotograf-familjefotograf-4830-1024x819.jpg\" alt=\"\" class=\"wp-image-580\" srcset=\"https:\/\/lindaotterstedt.com\/wp-content\/uploads\/2021\/01\/fineart-barnfotograf-familjefotograf-4830-1024x819.jpg 1024w, https:\/\/lindaotterstedt.com\/wp-content\/uploads\/2021\/01\/fineart-barnfotograf-familjefotograf-4830-300x240.jpg 300w, https:\/\/lindaotterstedt.com\/wp-content\/uploads\/2021\/01\/fineart-barnfotograf-familjefotograf-4830-768x614.jpg 768w, https:\/\/lindaotterstedt.com\/wp-content\/uploads\/2021\/01\/fineart-barnfotograf-familjefotograf-4830-1536x1229.jpg 1536w, https:\/\/lindaotterstedt.com\/wp-content\/uploads\/2021\/01\/fineart-barnfotograf-familjefotograf-4830-2048x1638.jpg 2048w\" sizes=\"(max-width: 1024px) 100vw, 1024px\" \/><\/figure><\/figure>\n\n<p class=\"wp-block-paragraph\">Efter en runda med att testa fl\u00f6det i kl\u00e4nningarna som godk\u00e4ndes av tjejerna bad jag dem ge varandra en kram. Det gjorde de, och s\u00e5 h\u00e4r blev bilderna. <\/p>\n\n<figure class=\"wp-block-gallery has-nested-images columns-default is-cropped wp-block-gallery-3 is-layout-flex wp-block-gallery-is-layout-flex\">\n<figure class=\"wp-block-image size-large\"><img loading=\"lazy\" decoding=\"async\" width=\"681\" height=\"1024\" data-id=\"592\" src=\"https:\/\/lindaotterstedt.com\/wp-content\/uploads\/2021\/01\/fineart-barnfotograf-familjefotograf-4738-1-681x1024.jpg\" alt=\"\" class=\"wp-image-592\" srcset=\"https:\/\/lindaotterstedt.com\/wp-content\/uploads\/2021\/01\/fineart-barnfotograf-familjefotograf-4738-1-681x1024.jpg 681w, https:\/\/lindaotterstedt.com\/wp-content\/uploads\/2021\/01\/fineart-barnfotograf-familjefotograf-4738-1-200x300.jpg 200w, https:\/\/lindaotterstedt.com\/wp-content\/uploads\/2021\/01\/fineart-barnfotograf-familjefotograf-4738-1-768x1154.jpg 768w, https:\/\/lindaotterstedt.com\/wp-content\/uploads\/2021\/01\/fineart-barnfotograf-familjefotograf-4738-1-1022x1536.jpg 1022w, https:\/\/lindaotterstedt.com\/wp-content\/uploads\/2021\/01\/fineart-barnfotograf-familjefotograf-4738-1-1363x2048.jpg 1363w, https:\/\/lindaotterstedt.com\/wp-content\/uploads\/2021\/01\/fineart-barnfotograf-familjefotograf-4738-1-scaled.jpg 1703w\" sizes=\"(max-width: 681px) 100vw, 681px\" \/><\/figure>\n\n\n<figure class=\"wp-block-image size-large\"><img loading=\"lazy\" decoding=\"async\" width=\"1024\" height=\"681\" data-id=\"593\" src=\"https:\/\/lindaotterstedt.com\/wp-content\/uploads\/2021\/01\/fineart-barnfotograf-familjefotograf-4740-1-1024x681.jpg\" alt=\"\" class=\"wp-image-593\" srcset=\"https:\/\/lindaotterstedt.com\/wp-content\/uploads\/2021\/01\/fineart-barnfotograf-familjefotograf-4740-1-1024x681.jpg 1024w, https:\/\/lindaotterstedt.com\/wp-content\/uploads\/2021\/01\/fineart-barnfotograf-familjefotograf-4740-1-300x200.jpg 300w, https:\/\/lindaotterstedt.com\/wp-content\/uploads\/2021\/01\/fineart-barnfotograf-familjefotograf-4740-1-768x511.jpg 768w, https:\/\/lindaotterstedt.com\/wp-content\/uploads\/2021\/01\/fineart-barnfotograf-familjefotograf-4740-1-1536x1022.jpg 1536w, https:\/\/lindaotterstedt.com\/wp-content\/uploads\/2021\/01\/fineart-barnfotograf-familjefotograf-4740-1-2048x1363.jpg 2048w\" sizes=\"(max-width: 1024px) 100vw, 1024px\" \/><\/figure>\n\n\n<figure class=\"wp-block-image size-large\"><img loading=\"lazy\" decoding=\"async\" width=\"1024\" height=\"681\" data-id=\"594\" src=\"https:\/\/lindaotterstedt.com\/wp-content\/uploads\/2021\/01\/fineart-barnfotograf-familjefotograf-4747-1-1024x681.jpg\" alt=\"\" class=\"wp-image-594\" srcset=\"https:\/\/lindaotterstedt.com\/wp-content\/uploads\/2021\/01\/fineart-barnfotograf-familjefotograf-4747-1-1024x681.jpg 1024w, https:\/\/lindaotterstedt.com\/wp-content\/uploads\/2021\/01\/fineart-barnfotograf-familjefotograf-4747-1-300x200.jpg 300w, https:\/\/lindaotterstedt.com\/wp-content\/uploads\/2021\/01\/fineart-barnfotograf-familjefotograf-4747-1-768x511.jpg 768w, https:\/\/lindaotterstedt.com\/wp-content\/uploads\/2021\/01\/fineart-barnfotograf-familjefotograf-4747-1-1536x1022.jpg 1536w, https:\/\/lindaotterstedt.com\/wp-content\/uploads\/2021\/01\/fineart-barnfotograf-familjefotograf-4747-1-2048x1363.jpg 2048w\" sizes=\"(max-width: 1024px) 100vw, 1024px\" \/><\/figure>\n\n\n<figure class=\"wp-block-image size-large\"><img loading=\"lazy\" decoding=\"async\" width=\"1024\" height=\"681\" data-id=\"595\" src=\"https:\/\/lindaotterstedt.com\/wp-content\/uploads\/2021\/01\/fineart-barnfotograf-familjefotograf-4764-1024x681.jpg\" alt=\"\" class=\"wp-image-595\" srcset=\"https:\/\/lindaotterstedt.com\/wp-content\/uploads\/2021\/01\/fineart-barnfotograf-familjefotograf-4764-1024x681.jpg 1024w, https:\/\/lindaotterstedt.com\/wp-content\/uploads\/2021\/01\/fineart-barnfotograf-familjefotograf-4764-300x200.jpg 300w, https:\/\/lindaotterstedt.com\/wp-content\/uploads\/2021\/01\/fineart-barnfotograf-familjefotograf-4764-768x511.jpg 768w, https:\/\/lindaotterstedt.com\/wp-content\/uploads\/2021\/01\/fineart-barnfotograf-familjefotograf-4764-1536x1022.jpg 1536w, https:\/\/lindaotterstedt.com\/wp-content\/uploads\/2021\/01\/fineart-barnfotograf-familjefotograf-4764-2048x1363.jpg 2048w\" sizes=\"(max-width: 1024px) 100vw, 1024px\" \/><\/figure>\n\n\n<figure class=\"wp-block-image size-large\"><img loading=\"lazy\" decoding=\"async\" width=\"1024\" height=\"819\" data-id=\"596\" src=\"https:\/\/lindaotterstedt.com\/wp-content\/uploads\/2021\/01\/fineart-barnfotograf-familjefotograf-4766-1024x819.jpg\" alt=\"\" class=\"wp-image-596\" srcset=\"https:\/\/lindaotterstedt.com\/wp-content\/uploads\/2021\/01\/fineart-barnfotograf-familjefotograf-4766-1024x819.jpg 1024w, https:\/\/lindaotterstedt.com\/wp-content\/uploads\/2021\/01\/fineart-barnfotograf-familjefotograf-4766-300x240.jpg 300w, https:\/\/lindaotterstedt.com\/wp-content\/uploads\/2021\/01\/fineart-barnfotograf-familjefotograf-4766-768x614.jpg 768w, https:\/\/lindaotterstedt.com\/wp-content\/uploads\/2021\/01\/fineart-barnfotograf-familjefotograf-4766-1536x1229.jpg 1536w, https:\/\/lindaotterstedt.com\/wp-content\/uploads\/2021\/01\/fineart-barnfotograf-familjefotograf-4766-2048x1638.jpg 2048w\" sizes=\"(max-width: 1024px) 100vw, 1024px\" \/><\/figure>\n\n\n<figure class=\"wp-block-image size-large\"><img loading=\"lazy\" decoding=\"async\" width=\"1024\" height=\"819\" data-id=\"598\" src=\"https:\/\/lindaotterstedt.com\/wp-content\/uploads\/2021\/01\/fineart-barnfotograf-familjefotograf-4767-1024x819.jpg\" alt=\"Systrar i fina kl&#xE4;nningar\" class=\"wp-image-598\" srcset=\"https:\/\/lindaotterstedt.com\/wp-content\/uploads\/2021\/01\/fineart-barnfotograf-familjefotograf-4767-1024x819.jpg 1024w, https:\/\/lindaotterstedt.com\/wp-content\/uploads\/2021\/01\/fineart-barnfotograf-familjefotograf-4767-300x240.jpg 300w, https:\/\/lindaotterstedt.com\/wp-content\/uploads\/2021\/01\/fineart-barnfotograf-familjefotograf-4767-768x614.jpg 768w, https:\/\/lindaotterstedt.com\/wp-content\/uploads\/2021\/01\/fineart-barnfotograf-familjefotograf-4767-1536x1229.jpg 1536w, https:\/\/lindaotterstedt.com\/wp-content\/uploads\/2021\/01\/fineart-barnfotograf-familjefotograf-4767-2048x1638.jpg 2048w\" sizes=\"(max-width: 1024px) 100vw, 1024px\" \/><\/figure>\n\n\n<figure class=\"wp-block-image size-large\"><img loading=\"lazy\" decoding=\"async\" width=\"1024\" height=\"819\" data-id=\"600\" src=\"https:\/\/lindaotterstedt.com\/wp-content\/uploads\/2021\/01\/fineart-barnfotograf-familjefotograf-4769-1-1024x819.jpg\" alt=\"\" class=\"wp-image-600\" srcset=\"https:\/\/lindaotterstedt.com\/wp-content\/uploads\/2021\/01\/fineart-barnfotograf-familjefotograf-4769-1-1024x819.jpg 1024w, https:\/\/lindaotterstedt.com\/wp-content\/uploads\/2021\/01\/fineart-barnfotograf-familjefotograf-4769-1-300x240.jpg 300w, https:\/\/lindaotterstedt.com\/wp-content\/uploads\/2021\/01\/fineart-barnfotograf-familjefotograf-4769-1-768x614.jpg 768w, https:\/\/lindaotterstedt.com\/wp-content\/uploads\/2021\/01\/fineart-barnfotograf-familjefotograf-4769-1-1536x1229.jpg 1536w, https:\/\/lindaotterstedt.com\/wp-content\/uploads\/2021\/01\/fineart-barnfotograf-familjefotograf-4769-1-2048x1638.jpg 2048w\" sizes=\"(max-width: 1024px) 100vw, 1024px\" \/><\/figure>\n\n\n<figure class=\"wp-block-image size-large\"><img loading=\"lazy\" decoding=\"async\" width=\"1024\" height=\"819\" data-id=\"602\" src=\"https:\/\/lindaotterstedt.com\/wp-content\/uploads\/2021\/01\/fineart-barnfotograf-familjefotograf-4770-1-1024x819.jpg\" alt=\"\" class=\"wp-image-602\" srcset=\"https:\/\/lindaotterstedt.com\/wp-content\/uploads\/2021\/01\/fineart-barnfotograf-familjefotograf-4770-1-1024x819.jpg 1024w, https:\/\/lindaotterstedt.com\/wp-content\/uploads\/2021\/01\/fineart-barnfotograf-familjefotograf-4770-1-300x240.jpg 300w, https:\/\/lindaotterstedt.com\/wp-content\/uploads\/2021\/01\/fineart-barnfotograf-familjefotograf-4770-1-768x614.jpg 768w, https:\/\/lindaotterstedt.com\/wp-content\/uploads\/2021\/01\/fineart-barnfotograf-familjefotograf-4770-1-1536x1229.jpg 1536w, https:\/\/lindaotterstedt.com\/wp-content\/uploads\/2021\/01\/fineart-barnfotograf-familjefotograf-4770-1-2048x1638.jpg 2048w\" sizes=\"(max-width: 1024px) 100vw, 1024px\" \/><\/figure>\n\n\n<figure class=\"wp-block-image size-large\"><img loading=\"lazy\" decoding=\"async\" width=\"819\" height=\"1024\" data-id=\"604\" src=\"https:\/\/lindaotterstedt.com\/wp-content\/uploads\/2021\/01\/fineart-barnfotograf-familjefotograf-4774-819x1024.jpg\" alt=\"\" class=\"wp-image-604\" srcset=\"https:\/\/lindaotterstedt.com\/wp-content\/uploads\/2021\/01\/fineart-barnfotograf-familjefotograf-4774-819x1024.jpg 819w, https:\/\/lindaotterstedt.com\/wp-content\/uploads\/2021\/01\/fineart-barnfotograf-familjefotograf-4774-240x300.jpg 240w, https:\/\/lindaotterstedt.com\/wp-content\/uploads\/2021\/01\/fineart-barnfotograf-familjefotograf-4774-768x960.jpg 768w, https:\/\/lindaotterstedt.com\/wp-content\/uploads\/2021\/01\/fineart-barnfotograf-familjefotograf-4774-1229x1536.jpg 1229w, https:\/\/lindaotterstedt.com\/wp-content\/uploads\/2021\/01\/fineart-barnfotograf-familjefotograf-4774-1638x2048.jpg 1638w, https:\/\/lindaotterstedt.com\/wp-content\/uploads\/2021\/01\/fineart-barnfotograf-familjefotograf-4774-scaled.jpg 2048w\" sizes=\"(max-width: 819px) 100vw, 819px\" \/><\/figure>\n\n\n<figure class=\"wp-block-image size-large\"><img loading=\"lazy\" decoding=\"async\" width=\"819\" height=\"1024\" data-id=\"605\" src=\"https:\/\/lindaotterstedt.com\/wp-content\/uploads\/2021\/01\/fineart-barnfotograf-familjefotograf-4778-1-819x1024.jpg\" alt=\"\" class=\"wp-image-605\" srcset=\"https:\/\/lindaotterstedt.com\/wp-content\/uploads\/2021\/01\/fineart-barnfotograf-familjefotograf-4778-1-819x1024.jpg 819w, https:\/\/lindaotterstedt.com\/wp-content\/uploads\/2021\/01\/fineart-barnfotograf-familjefotograf-4778-1-240x300.jpg 240w, https:\/\/lindaotterstedt.com\/wp-content\/uploads\/2021\/01\/fineart-barnfotograf-familjefotograf-4778-1-768x960.jpg 768w, https:\/\/lindaotterstedt.com\/wp-content\/uploads\/2021\/01\/fineart-barnfotograf-familjefotograf-4778-1-1229x1536.jpg 1229w, https:\/\/lindaotterstedt.com\/wp-content\/uploads\/2021\/01\/fineart-barnfotograf-familjefotograf-4778-1-1638x2048.jpg 1638w, https:\/\/lindaotterstedt.com\/wp-content\/uploads\/2021\/01\/fineart-barnfotograf-familjefotograf-4778-1-scaled.jpg 2048w\" sizes=\"(max-width: 819px) 100vw, 819px\" \/><figcaption class=\"wp-element-caption\">Jag \u00e4lskar dig<\/figcaption><\/figure><\/figure>\n\n<h2 class=\"wp-block-heading\">Naturliga \u00f6gonblick<\/h2>\n\n<p class=\"wp-block-paragraph\">Jag tror p\u00e5 att inte pressa barnen f\u00f6r mycket. Jag tycker att de \u00e4r lika h\u00e4rliga som de \u00e4r och de s\u00f6ta stunderna kommer, ge dem bara lite tid och tvinga dem inte att agera f\u00f6r mycket. Vi guidar dem och leker med dem. De \u00e4r bara barn.<\/p>\n\n<p class=\"wp-block-paragraph\"><\/p>\n\n<figure class=\"wp-block-gallery has-nested-images columns-default is-cropped wp-block-gallery-4 is-layout-flex wp-block-gallery-is-layout-flex\">\n<figure class=\"wp-block-image size-large\"><img loading=\"lazy\" decoding=\"async\" width=\"819\" height=\"1024\" data-id=\"603\" src=\"https:\/\/lindaotterstedt.com\/wp-content\/uploads\/2021\/01\/fineart-barnfotograf-familjefotograf-4774-2-1-819x1024.jpg\" alt=\"\" class=\"wp-image-603\" srcset=\"https:\/\/lindaotterstedt.com\/wp-content\/uploads\/2021\/01\/fineart-barnfotograf-familjefotograf-4774-2-1-819x1024.jpg 819w, https:\/\/lindaotterstedt.com\/wp-content\/uploads\/2021\/01\/fineart-barnfotograf-familjefotograf-4774-2-1-240x300.jpg 240w, https:\/\/lindaotterstedt.com\/wp-content\/uploads\/2021\/01\/fineart-barnfotograf-familjefotograf-4774-2-1-768x960.jpg 768w, https:\/\/lindaotterstedt.com\/wp-content\/uploads\/2021\/01\/fineart-barnfotograf-familjefotograf-4774-2-1-1229x1536.jpg 1229w, https:\/\/lindaotterstedt.com\/wp-content\/uploads\/2021\/01\/fineart-barnfotograf-familjefotograf-4774-2-1-1638x2048.jpg 1638w, https:\/\/lindaotterstedt.com\/wp-content\/uploads\/2021\/01\/fineart-barnfotograf-familjefotograf-4774-2-1-scaled.jpg 2048w\" sizes=\"(max-width: 819px) 100vw, 819px\" \/><\/figure>\n\n\n<figure class=\"wp-block-image size-large\"><img loading=\"lazy\" decoding=\"async\" width=\"1024\" height=\"819\" data-id=\"599\" src=\"https:\/\/lindaotterstedt.com\/wp-content\/uploads\/2021\/01\/fineart-barnfotograf-familjefotograf-4764-2-1-1024x819.jpg\" alt=\"\" class=\"wp-image-599\" srcset=\"https:\/\/lindaotterstedt.com\/wp-content\/uploads\/2021\/01\/fineart-barnfotograf-familjefotograf-4764-2-1-1024x819.jpg 1024w, https:\/\/lindaotterstedt.com\/wp-content\/uploads\/2021\/01\/fineart-barnfotograf-familjefotograf-4764-2-1-300x240.jpg 300w, https:\/\/lindaotterstedt.com\/wp-content\/uploads\/2021\/01\/fineart-barnfotograf-familjefotograf-4764-2-1-768x614.jpg 768w, https:\/\/lindaotterstedt.com\/wp-content\/uploads\/2021\/01\/fineart-barnfotograf-familjefotograf-4764-2-1-1536x1229.jpg 1536w, https:\/\/lindaotterstedt.com\/wp-content\/uploads\/2021\/01\/fineart-barnfotograf-familjefotograf-4764-2-1-2048x1638.jpg 2048w\" sizes=\"(max-width: 1024px) 100vw, 1024px\" \/><\/figure>\n\n\n<figure class=\"wp-block-image size-large\"><img loading=\"lazy\" decoding=\"async\" width=\"1024\" height=\"819\" data-id=\"601\" src=\"https:\/\/lindaotterstedt.com\/wp-content\/uploads\/2021\/01\/fineart-barnfotograf-familjefotograf-4767-2-1-1024x819.jpg\" alt=\"\" class=\"wp-image-601\" srcset=\"https:\/\/lindaotterstedt.com\/wp-content\/uploads\/2021\/01\/fineart-barnfotograf-familjefotograf-4767-2-1-1024x819.jpg 1024w, https:\/\/lindaotterstedt.com\/wp-content\/uploads\/2021\/01\/fineart-barnfotograf-familjefotograf-4767-2-1-300x240.jpg 300w, https:\/\/lindaotterstedt.com\/wp-content\/uploads\/2021\/01\/fineart-barnfotograf-familjefotograf-4767-2-1-768x614.jpg 768w, https:\/\/lindaotterstedt.com\/wp-content\/uploads\/2021\/01\/fineart-barnfotograf-familjefotograf-4767-2-1-1536x1229.jpg 1536w, https:\/\/lindaotterstedt.com\/wp-content\/uploads\/2021\/01\/fineart-barnfotograf-familjefotograf-4767-2-1-2048x1638.jpg 2048w\" sizes=\"(max-width: 1024px) 100vw, 1024px\" \/><\/figure>\n\n\n<figure class=\"wp-block-image size-large\"><img loading=\"lazy\" decoding=\"async\" width=\"681\" height=\"1024\" data-id=\"606\" src=\"https:\/\/lindaotterstedt.com\/wp-content\/uploads\/2021\/01\/fineart-barnfotograf-familjefotograf-4751-2-2-681x1024.jpg\" alt=\"\" class=\"wp-image-606\" srcset=\"https:\/\/lindaotterstedt.com\/wp-content\/uploads\/2021\/01\/fineart-barnfotograf-familjefotograf-4751-2-2-681x1024.jpg 681w, https:\/\/lindaotterstedt.com\/wp-content\/uploads\/2021\/01\/fineart-barnfotograf-familjefotograf-4751-2-2-200x300.jpg 200w, https:\/\/lindaotterstedt.com\/wp-content\/uploads\/2021\/01\/fineart-barnfotograf-familjefotograf-4751-2-2-768x1154.jpg 768w, https:\/\/lindaotterstedt.com\/wp-content\/uploads\/2021\/01\/fineart-barnfotograf-familjefotograf-4751-2-2-1022x1536.jpg 1022w, https:\/\/lindaotterstedt.com\/wp-content\/uploads\/2021\/01\/fineart-barnfotograf-familjefotograf-4751-2-2-1363x2048.jpg 1363w, https:\/\/lindaotterstedt.com\/wp-content\/uploads\/2021\/01\/fineart-barnfotograf-familjefotograf-4751-2-2-scaled.jpg 1703w\" sizes=\"(max-width: 681px) 100vw, 681px\" \/><\/figure><\/figure>\n\n<h2 class=\"wp-block-heading\">Barnportr\u00e4tt i svartvitt och f\u00e4rg<\/h2>\n\n<p class=\"wp-block-paragraph\">Tv\u00e5 gallerier, en i f\u00e4rg och en i BW. Jag har sv\u00e5rt att v\u00e4lja s\u00e5 normalt g\u00f6r jag b\u00e5da, inte av alla bilder men jag \u00e4ndrar n\u00e5gra av dem f\u00f6r att mina kunder ska se olika alternativ. Vad gillar du mest? <\/p>\n\n<p class=\"wp-block-paragraph\"><\/p>\n\n<p class=\"wp-block-paragraph\">Okej, s\u00e5 nu ska vi g\u00e5 till Fine Art Children Photography. Dessa bilder \u00e4r tagna inomhus med en handm\u00e5lad canvasbakgrund gjord i England. Jag har en bl\u00e5, en brun och jag har precis best\u00e4llt en oliv\/gr\u00f6n f\u00e4rg. Den d\u00e4r \u00e4r verkligen vacker. Den kommer till mig i februari. Kanske n\u00e5got f\u00f6r dig?<\/p>\n\n<p class=\"wp-block-paragraph\"><\/p>\n\n<figure class=\"wp-block-image size-large\"><img loading=\"lazy\" decoding=\"async\" width=\"819\" height=\"1024\" src=\"https:\/\/lindaotterstedt.com\/wp-content\/uploads\/2021\/01\/fineartphotography-fineartphotographer-fineartchildren-2-819x1024.jpg\" alt=\"\" class=\"wp-image-607\" srcset=\"https:\/\/lindaotterstedt.com\/wp-content\/uploads\/2021\/01\/fineartphotography-fineartphotographer-fineartchildren-2-819x1024.jpg 819w, https:\/\/lindaotterstedt.com\/wp-content\/uploads\/2021\/01\/fineartphotography-fineartphotographer-fineartchildren-2-240x300.jpg 240w, https:\/\/lindaotterstedt.com\/wp-content\/uploads\/2021\/01\/fineartphotography-fineartphotographer-fineartchildren-2-768x960.jpg 768w, https:\/\/lindaotterstedt.com\/wp-content\/uploads\/2021\/01\/fineartphotography-fineartphotographer-fineartchildren-2-1229x1536.jpg 1229w, https:\/\/lindaotterstedt.com\/wp-content\/uploads\/2021\/01\/fineartphotography-fineartphotographer-fineartchildren-2-1280x1600.jpg 1280w, https:\/\/lindaotterstedt.com\/wp-content\/uploads\/2021\/01\/fineartphotography-fineartphotographer-fineartchildren-2.jpg 1619w\" sizes=\"(max-width: 819px) 100vw, 819px\" \/><\/figure>\n<figure class=\"wp-block-image size-large\"><img loading=\"lazy\" decoding=\"async\" width=\"819\" height=\"1024\" src=\"https:\/\/lindaotterstedt.com\/wp-content\/uploads\/2021\/01\/fineartphotography-fineartphotographer-bwfineartchildren-1-819x1024.jpg\" alt=\"\" class=\"wp-image-609\" srcset=\"https:\/\/lindaotterstedt.com\/wp-content\/uploads\/2021\/01\/fineartphotography-fineartphotographer-bwfineartchildren-1-819x1024.jpg 819w, https:\/\/lindaotterstedt.com\/wp-content\/uploads\/2021\/01\/fineartphotography-fineartphotographer-bwfineartchildren-1-240x300.jpg 240w, https:\/\/lindaotterstedt.com\/wp-content\/uploads\/2021\/01\/fineartphotography-fineartphotographer-bwfineartchildren-1-768x960.jpg 768w, https:\/\/lindaotterstedt.com\/wp-content\/uploads\/2021\/01\/fineartphotography-fineartphotographer-bwfineartchildren-1-1229x1536.jpg 1229w, https:\/\/lindaotterstedt.com\/wp-content\/uploads\/2021\/01\/fineartphotography-fineartphotographer-bwfineartchildren-1-1280x1600.jpg 1280w, https:\/\/lindaotterstedt.com\/wp-content\/uploads\/2021\/01\/fineartphotography-fineartphotographer-bwfineartchildren-1.jpg 1619w\" sizes=\"(max-width: 819px) 100vw, 819px\" \/><\/figure>\n<p class=\"wp-block-paragraph\">H\u00e4r har vi den lilla tjejen som startade allt. Det h\u00e4r \u00e4r tjejen i babybulan p\u00e5 den f\u00f6rsta bilden i den h\u00e4r bloggen. \ud83d\ude42 6 \u00e5r senare, en tuff tjej. <\/p>\n\n<p class=\"wp-block-paragraph\">F\u00f6r att ta de h\u00e4r bilderna beh\u00f6ver jag en hel del utrustning: canvasbacken, en stor ljusk\u00e4lla och stativ och mitt andra stativ f\u00f6r att h\u00e5lla den stora backdroppen. \u00c4ntligen \u00e4r det s\u00e5 h\u00e4r det kan se ut med Fine Art Children Photography n\u00e4r allt \u00e4r klart, f\u00e5ngat och redigerat.<\/p>\n\n<figure class=\"wp-block-image size-large\"><img loading=\"lazy\" decoding=\"async\" width=\"819\" height=\"1024\" src=\"https:\/\/lindaotterstedt.com\/wp-content\/uploads\/2021\/01\/fineartphotography-fineartphotographer-fineartchildren-2-2-819x1024.jpg\" alt=\"\" class=\"wp-image-610\" srcset=\"https:\/\/lindaotterstedt.com\/wp-content\/uploads\/2021\/01\/fineartphotography-fineartphotographer-fineartchildren-2-2-819x1024.jpg 819w, https:\/\/lindaotterstedt.com\/wp-content\/uploads\/2021\/01\/fineartphotography-fineartphotographer-fineartchildren-2-2-240x300.jpg 240w, https:\/\/lindaotterstedt.com\/wp-content\/uploads\/2021\/01\/fineartphotography-fineartphotographer-fineartchildren-2-2-768x960.jpg 768w, https:\/\/lindaotterstedt.com\/wp-content\/uploads\/2021\/01\/fineartphotography-fineartphotographer-fineartchildren-2-2-1229x1536.jpg 1229w, https:\/\/lindaotterstedt.com\/wp-content\/uploads\/2021\/01\/fineartphotography-fineartphotographer-fineartchildren-2-2-1280x1600.jpg 1280w, https:\/\/lindaotterstedt.com\/wp-content\/uploads\/2021\/01\/fineartphotography-fineartphotographer-fineartchildren-2-2.jpg 1619w\" sizes=\"(max-width: 819px) 100vw, 819px\" \/><\/figure>\n<figure class=\"wp-block-image size-large\"><img loading=\"lazy\" decoding=\"async\" width=\"819\" height=\"1024\" src=\"https:\/\/lindaotterstedt.com\/wp-content\/uploads\/2021\/01\/fineartphotography-fineartphotographer-bwfineartchildren-1-2-819x1024.jpg\" alt=\"\" class=\"wp-image-608\" srcset=\"https:\/\/lindaotterstedt.com\/wp-content\/uploads\/2021\/01\/fineartphotography-fineartphotographer-bwfineartchildren-1-2-819x1024.jpg 819w, https:\/\/lindaotterstedt.com\/wp-content\/uploads\/2021\/01\/fineartphotography-fineartphotographer-bwfineartchildren-1-2-240x300.jpg 240w, https:\/\/lindaotterstedt.com\/wp-content\/uploads\/2021\/01\/fineartphotography-fineartphotographer-bwfineartchildren-1-2-768x960.jpg 768w, https:\/\/lindaotterstedt.com\/wp-content\/uploads\/2021\/01\/fineartphotography-fineartphotographer-bwfineartchildren-1-2-1229x1536.jpg 1229w, https:\/\/lindaotterstedt.com\/wp-content\/uploads\/2021\/01\/fineartphotography-fineartphotographer-bwfineartchildren-1-2-1280x1600.jpg 1280w, https:\/\/lindaotterstedt.com\/wp-content\/uploads\/2021\/01\/fineartphotography-fineartphotographer-bwfineartchildren-1-2.jpg 1619w\" sizes=\"(max-width: 819px) 100vw, 819px\" \/><\/figure>\n<p class=\"wp-block-paragraph\">Lillasyster som \u00e4r med p\u00e5 dokument\u00e4rbilderna, l\u00e4ngre upp, i sin pappas famn. En stor tjej nu, snart tre \u00e5r p\u00e5 dessa bilder. \ud83d\ude42 Bilderna \u00e4r redigerade och ibland l\u00e4gger jag \u00e4ven till rekvisita p\u00e5 fotosessionen som blommor, en halsduk, en stol eller n\u00e5got som min klient och jag best\u00e4mmer tillsammans.<\/p>\n\n<figure class=\"wp-block-gallery has-nested-images columns-default is-cropped wp-block-gallery-5 is-layout-flex wp-block-gallery-is-layout-flex\">\n<figure class=\"wp-block-image size-large\"><img loading=\"lazy\" decoding=\"async\" width=\"1024\" height=\"681\" data-id=\"614\" src=\"https:\/\/lindaotterstedt.com\/wp-content\/uploads\/2021\/01\/fineart-childrenfineart-barnfotografering-6353-1-1024x681.jpg\" alt=\"\" class=\"wp-image-614\" srcset=\"https:\/\/lindaotterstedt.com\/wp-content\/uploads\/2021\/01\/fineart-childrenfineart-barnfotografering-6353-1-1024x681.jpg 1024w, https:\/\/lindaotterstedt.com\/wp-content\/uploads\/2021\/01\/fineart-childrenfineart-barnfotografering-6353-1-300x200.jpg 300w, https:\/\/lindaotterstedt.com\/wp-content\/uploads\/2021\/01\/fineart-childrenfineart-barnfotografering-6353-1-768x511.jpg 768w, https:\/\/lindaotterstedt.com\/wp-content\/uploads\/2021\/01\/fineart-childrenfineart-barnfotografering-6353-1-1536x1022.jpg 1536w, https:\/\/lindaotterstedt.com\/wp-content\/uploads\/2021\/01\/fineart-childrenfineart-barnfotografering-6353-1-1600x1065.jpg 1600w, https:\/\/lindaotterstedt.com\/wp-content\/uploads\/2021\/01\/fineart-childrenfineart-barnfotografering-6353-1.jpg 2024w\" sizes=\"(max-width: 1024px) 100vw, 1024px\" \/><\/figure>\n\n\n<figure class=\"wp-block-image size-large\"><img loading=\"lazy\" decoding=\"async\" width=\"681\" height=\"1024\" data-id=\"615\" src=\"https:\/\/lindaotterstedt.com\/wp-content\/uploads\/2021\/01\/fineart-childrenfineart-barnfotografering-6408-1-681x1024.jpg\" alt=\"\" class=\"wp-image-615\" srcset=\"https:\/\/lindaotterstedt.com\/wp-content\/uploads\/2021\/01\/fineart-childrenfineart-barnfotografering-6408-1-681x1024.jpg 681w, https:\/\/lindaotterstedt.com\/wp-content\/uploads\/2021\/01\/fineart-childrenfineart-barnfotografering-6408-1-200x300.jpg 200w, https:\/\/lindaotterstedt.com\/wp-content\/uploads\/2021\/01\/fineart-childrenfineart-barnfotografering-6408-1-768x1154.jpg 768w, https:\/\/lindaotterstedt.com\/wp-content\/uploads\/2021\/01\/fineart-childrenfineart-barnfotografering-6408-1-1022x1536.jpg 1022w, https:\/\/lindaotterstedt.com\/wp-content\/uploads\/2021\/01\/fineart-childrenfineart-barnfotografering-6408-1-1065x1600.jpg 1065w, https:\/\/lindaotterstedt.com\/wp-content\/uploads\/2021\/01\/fineart-childrenfineart-barnfotografering-6408-1.jpg 1347w\" sizes=\"(max-width: 681px) 100vw, 681px\" \/><\/figure><\/figure>\n\n<figure class=\"wp-block-image size-large\"><img loading=\"lazy\" decoding=\"async\" width=\"1024\" height=\"681\" src=\"https:\/\/lindaotterstedt.com\/wp-content\/uploads\/2021\/01\/fineart-childrenfineart-barnfotografering-6420-1-1024x681.jpg\" alt=\"\" class=\"wp-image-616\" srcset=\"https:\/\/lindaotterstedt.com\/wp-content\/uploads\/2021\/01\/fineart-childrenfineart-barnfotografering-6420-1-1024x681.jpg 1024w, https:\/\/lindaotterstedt.com\/wp-content\/uploads\/2021\/01\/fineart-childrenfineart-barnfotografering-6420-1-300x200.jpg 300w, https:\/\/lindaotterstedt.com\/wp-content\/uploads\/2021\/01\/fineart-childrenfineart-barnfotografering-6420-1-768x511.jpg 768w, https:\/\/lindaotterstedt.com\/wp-content\/uploads\/2021\/01\/fineart-childrenfineart-barnfotografering-6420-1-1536x1022.jpg 1536w, https:\/\/lindaotterstedt.com\/wp-content\/uploads\/2021\/01\/fineart-childrenfineart-barnfotografering-6420-1-1600x1065.jpg 1600w, https:\/\/lindaotterstedt.com\/wp-content\/uploads\/2021\/01\/fineart-childrenfineart-barnfotografering-6420-1.jpg 2024w\" sizes=\"(max-width: 1024px) 100vw, 1024px\" \/><figcaption class=\"wp-element-caption\">Lillebror<\/figcaption><\/figure>\n<p class=\"wp-block-paragraph\"> <\/p>\n\n<h2 class=\"wp-block-heading\">Om kl\u00e4der<\/h2>\n\n<p class=\"wp-block-paragraph\">F\u00f6r att inte gl\u00f6mma den lilla pojken. Tre m\u00e5nader gammal och redan t\u00e4nder och med ett supercharmigt leende. Inga ren konst barnfotografi bilder p\u00e5 honom den h\u00e4r g\u00e5ngen men kanske om n\u00e5gra \u00e5r kommer han att st\u00e5 framf\u00f6r min kamera igen kl\u00e4dd i gamla modekl\u00e4der och h\u00e5lla i en bok eller n\u00e5got annat.<\/p>\n\n<p class=\"wp-block-paragraph\">Fine Art Children Photography handlar om att kl\u00e4 ut sig och att f\u00e5 ett mer m\u00e5lande utseende p\u00e5 barnen. Ta en titt p\u00e5 min l\u00e4nk p\u00e5 min hemsida om Fine Art Children Photography. D\u00e4r kan du redog\u00f6ra f\u00f6r mer om vad det \u00e4r och hur det fungerar och du kommer att se m\u00e5nga fler prover p\u00e5 bilder av konst barnfotografering av andra barn ocks\u00e5.<\/p>\n\n<h2 class=\"wp-block-heading\">Var du kan fotografera<\/h2>\n\n<p class=\"wp-block-paragraph\">Nu hoppas jag att du fick lite bra information om barnfotografering och skillnaderna som finns. Det finns sj\u00e4lvklart m\u00e5nga fler alternativ som att vara i en park, i <a href=\"https:\/\/international.stockholm.se\">Stockholms stad<\/a>, vid vattnet, en sj\u00f6, p\u00e5 en h\u00e4st, med din hund, med ett musikinstrument eller vad som helst du har i \u00e5tanke. Jag \u00e4r alltid \u00f6ppen f\u00f6r nya id\u00e9er.<\/p>\n\n<p class=\"wp-block-paragraph\">Till det sista, om du k\u00e4nner n\u00e5gon som \u00e4r gravid eller n\u00e5gon som har funderat p\u00e5 att ta portr\u00e4tt av sina barn (familj) v\u00e4nligen dela denna l\u00e4nk med dem. Tack! \ud83d\ude42<\/p>\n\n<p class=\"wp-block-paragraph\">Med v\u00e4nlig h\u00e4lsning Linda<\/p>\n\n<p class=\"wp-block-paragraph\"><\/p>\n\n<p class=\"wp-block-paragraph\"><\/p>\n","protected":false},"excerpt":{"rendered":"<p>H\u00e4r \u00e4r ett blogginl\u00e4gg om olika s\u00e4tt att g\u00f6ra fotosessioner med barn. <\/p>\n","protected":false},"author":4,"featured_media":2479,"comment_status":"open","ping_status":"open","sticky":false,"template":"","format":"standard","meta":{"_et_pb_use_builder":"","_et_pb_old_content":"","_et_gb_content_width":"","footnotes":""},"categories":[107],"tags":[],"class_list":["post-3157","post","type-post","status-publish","format-standard","has-post-thumbnail","hentry","category-familjefotografering-sv"],"yoast_head":"<!-- This site is optimized with the Yoast SEO plugin v28.2 - https:\/\/yoast.com\/product\/yoast-seo-wordpress\/ -->\n<title>Barnportr\u00e4tt p\u00e5 olika s\u00e4tt - Linda Otterstedt Photography<\/title>\n<meta name=\"robots\" content=\"index, follow, max-snippet:-1, max-image-preview:large, max-video-preview:-1\" \/>\n<link rel=\"canonical\" href=\"https:\/\/lindaotterstedt.com\/sv\/barnportratt-pa-olika-satt\/\" \/>\n<meta property=\"og:locale\" content=\"sv_SE\" \/>\n<meta property=\"og:type\" content=\"article\" \/>\n<meta property=\"og:title\" content=\"Barnportr\u00e4tt p\u00e5 olika s\u00e4tt - Linda Otterstedt Photography\" \/>\n<meta property=\"og:description\" content=\"H\u00e4r \u00e4r ett blogginl\u00e4gg om olika s\u00e4tt att g\u00f6ra fotosessioner med barn.\" \/>\n<meta property=\"og:url\" content=\"https:\/\/lindaotterstedt.com\/sv\/barnportratt-pa-olika-satt\/\" \/>\n<meta property=\"og:site_name\" content=\"Linda Otterstedt Photography\" \/>\n<meta property=\"article:publisher\" content=\"https:\/\/www.facebook.com\/lindaotterstedtphotography\" \/>\n<meta property=\"article:published_time\" content=\"2021-01-16T22:20:56+00:00\" \/>\n<meta property=\"article:modified_time\" content=\"2023-01-06T16:02:53+00:00\" \/>\n<meta property=\"og:image\" content=\"https:\/\/lindaotterstedt.com\/wp-content\/uploads\/2021\/01\/fineart-barnfotograf-familjefotograf-4825-scaled.jpg\" \/>\n\t<meta property=\"og:image:width\" content=\"2560\" \/>\n\t<meta property=\"og:image:height\" content=\"1703\" \/>\n\t<meta property=\"og:image:type\" content=\"image\/jpeg\" \/>\n<meta name=\"author\" content=\"lotterstedt\" \/>\n<meta name=\"twitter:card\" content=\"summary_large_image\" \/>\n<meta name=\"twitter:label1\" content=\"Skriven av\" \/>\n\t<meta name=\"twitter:data1\" content=\"lotterstedt\" \/>\n\t<meta name=\"twitter:label2\" content=\"Ber\u00e4knad l\u00e4stid\" \/>\n\t<meta name=\"twitter:data2\" content=\"5 minuter\" \/>\n<script type=\"application\/ld+json\" class=\"yoast-schema-graph\">{\"@context\":\"https:\\\/\\\/schema.org\",\"@graph\":[{\"@type\":\"Article\",\"@id\":\"https:\\\/\\\/lindaotterstedt.com\\\/sv\\\/barnportratt-pa-olika-satt\\\/#article\",\"isPartOf\":{\"@id\":\"https:\\\/\\\/lindaotterstedt.com\\\/sv\\\/barnportratt-pa-olika-satt\\\/\"},\"author\":{\"name\":\"lotterstedt\",\"@id\":\"https:\\\/\\\/lindaotterstedt.com\\\/sv\\\/#\\\/schema\\\/person\\\/d0a3e198c5e20dccae960da72784d717\"},\"headline\":\"Barnportr\u00e4tt p\u00e5 olika s\u00e4tt\",\"datePublished\":\"2021-01-16T22:20:56+00:00\",\"dateModified\":\"2023-01-06T16:02:53+00:00\",\"mainEntityOfPage\":{\"@id\":\"https:\\\/\\\/lindaotterstedt.com\\\/sv\\\/barnportratt-pa-olika-satt\\\/\"},\"wordCount\":972,\"commentCount\":0,\"publisher\":{\"@id\":\"https:\\\/\\\/lindaotterstedt.com\\\/sv\\\/#organization\"},\"image\":{\"@id\":\"https:\\\/\\\/lindaotterstedt.com\\\/sv\\\/barnportratt-pa-olika-satt\\\/#primaryimage\"},\"thumbnailUrl\":\"https:\\\/\\\/lindaotterstedt.com\\\/wp-content\\\/uploads\\\/2021\\\/01\\\/fineart-barnfotograf-familjefotograf-4825-scaled.jpg\",\"articleSection\":[\"Familjefotografering\"],\"inLanguage\":\"sv-SE\",\"potentialAction\":[{\"@type\":\"CommentAction\",\"name\":\"Comment\",\"target\":[\"https:\\\/\\\/lindaotterstedt.com\\\/sv\\\/barnportratt-pa-olika-satt\\\/#respond\"]}]},{\"@type\":\"WebPage\",\"@id\":\"https:\\\/\\\/lindaotterstedt.com\\\/sv\\\/barnportratt-pa-olika-satt\\\/\",\"url\":\"https:\\\/\\\/lindaotterstedt.com\\\/sv\\\/barnportratt-pa-olika-satt\\\/\",\"name\":\"Barnportr\u00e4tt p\u00e5 olika s\u00e4tt - Linda Otterstedt Photography\",\"isPartOf\":{\"@id\":\"https:\\\/\\\/lindaotterstedt.com\\\/sv\\\/#website\"},\"primaryImageOfPage\":{\"@id\":\"https:\\\/\\\/lindaotterstedt.com\\\/sv\\\/barnportratt-pa-olika-satt\\\/#primaryimage\"},\"image\":{\"@id\":\"https:\\\/\\\/lindaotterstedt.com\\\/sv\\\/barnportratt-pa-olika-satt\\\/#primaryimage\"},\"thumbnailUrl\":\"https:\\\/\\\/lindaotterstedt.com\\\/wp-content\\\/uploads\\\/2021\\\/01\\\/fineart-barnfotograf-familjefotograf-4825-scaled.jpg\",\"datePublished\":\"2021-01-16T22:20:56+00:00\",\"dateModified\":\"2023-01-06T16:02:53+00:00\",\"breadcrumb\":{\"@id\":\"https:\\\/\\\/lindaotterstedt.com\\\/sv\\\/barnportratt-pa-olika-satt\\\/#breadcrumb\"},\"inLanguage\":\"sv-SE\",\"potentialAction\":[{\"@type\":\"ReadAction\",\"target\":[\"https:\\\/\\\/lindaotterstedt.com\\\/sv\\\/barnportratt-pa-olika-satt\\\/\"]}]},{\"@type\":\"ImageObject\",\"inLanguage\":\"sv-SE\",\"@id\":\"https:\\\/\\\/lindaotterstedt.com\\\/sv\\\/barnportratt-pa-olika-satt\\\/#primaryimage\",\"url\":\"https:\\\/\\\/lindaotterstedt.com\\\/wp-content\\\/uploads\\\/2021\\\/01\\\/fineart-barnfotograf-familjefotograf-4825-scaled.jpg\",\"contentUrl\":\"https:\\\/\\\/lindaotterstedt.com\\\/wp-content\\\/uploads\\\/2021\\\/01\\\/fineart-barnfotograf-familjefotograf-4825-scaled.jpg\",\"width\":2560,\"height\":1703},{\"@type\":\"BreadcrumbList\",\"@id\":\"https:\\\/\\\/lindaotterstedt.com\\\/sv\\\/barnportratt-pa-olika-satt\\\/#breadcrumb\",\"itemListElement\":[{\"@type\":\"ListItem\",\"position\":1,\"name\":\"Home\",\"item\":\"https:\\\/\\\/lindaotterstedt.com\\\/sv\\\/\"},{\"@type\":\"ListItem\",\"position\":2,\"name\":\"Barnportr\u00e4tt p\u00e5 olika s\u00e4tt\"}]},{\"@type\":\"WebSite\",\"@id\":\"https:\\\/\\\/lindaotterstedt.com\\\/sv\\\/#website\",\"url\":\"https:\\\/\\\/lindaotterstedt.com\\\/sv\\\/\",\"name\":\"Linda Otterstedt Photography\",\"description\":\"Photography for generations to come\",\"publisher\":{\"@id\":\"https:\\\/\\\/lindaotterstedt.com\\\/sv\\\/#organization\"},\"potentialAction\":[{\"@type\":\"SearchAction\",\"target\":{\"@type\":\"EntryPoint\",\"urlTemplate\":\"https:\\\/\\\/lindaotterstedt.com\\\/sv\\\/?s={search_term_string}\"},\"query-input\":{\"@type\":\"PropertyValueSpecification\",\"valueRequired\":true,\"valueName\":\"search_term_string\"}}],\"inLanguage\":\"sv-SE\"},{\"@type\":\"Organization\",\"@id\":\"https:\\\/\\\/lindaotterstedt.com\\\/sv\\\/#organization\",\"name\":\"Linda Otterstedt Photography\",\"alternateName\":\"LOP\",\"url\":\"https:\\\/\\\/lindaotterstedt.com\\\/sv\\\/\",\"logo\":{\"@type\":\"ImageObject\",\"inLanguage\":\"sv-SE\",\"@id\":\"https:\\\/\\\/lindaotterstedt.com\\\/sv\\\/#\\\/schema\\\/logo\\\/image\\\/\",\"url\":\"https:\\\/\\\/lindaotterstedt.com\\\/wp-content\\\/uploads\\\/2023\\\/03\\\/1400_LOGO_Linda_Otterstedt_Standard_Logo_Transparent-copy.png\",\"contentUrl\":\"https:\\\/\\\/lindaotterstedt.com\\\/wp-content\\\/uploads\\\/2023\\\/03\\\/1400_LOGO_Linda_Otterstedt_Standard_Logo_Transparent-copy.png\",\"width\":2684,\"height\":1400,\"caption\":\"Linda Otterstedt Photography\"},\"image\":{\"@id\":\"https:\\\/\\\/lindaotterstedt.com\\\/sv\\\/#\\\/schema\\\/logo\\\/image\\\/\"},\"sameAs\":[\"https:\\\/\\\/www.facebook.com\\\/lindaotterstedtphotography\",\"https:\\\/\\\/www.instagram.com\\\/worldphotographer\",\"https:\\\/\\\/www.instagram.com\\\/worldphotographer_weddings\",\"https:\\\/\\\/www.linkedin.com\\\/in\\\/linda-otterstedt-1886235\\\/\"]},{\"@type\":\"Person\",\"@id\":\"https:\\\/\\\/lindaotterstedt.com\\\/sv\\\/#\\\/schema\\\/person\\\/d0a3e198c5e20dccae960da72784d717\",\"name\":\"lotterstedt\",\"description\":\"Hi and welcome to my page! I'm Linda, I'm Swedish but I'm something else too. I'm an expat. I have lived out of Sweden since year 2000, in 9 different countries around the world. For now I'm in Lausanne, Switzerland and I love this place. I'm willing to travel for work, just let me know where you need me. See ya! \\\/LINDA\",\"sameAs\":[\"http:\\\/\\\/www.lindaotterstedt.com\"]}]}<\/script>\n<!-- \/ Yoast SEO plugin. -->","yoast_head_json":{"title":"Barnportr\u00e4tt p\u00e5 olika s\u00e4tt - Linda Otterstedt Photography","robots":{"index":"index","follow":"follow","max-snippet":"max-snippet:-1","max-image-preview":"max-image-preview:large","max-video-preview":"max-video-preview:-1"},"canonical":"https:\/\/lindaotterstedt.com\/sv\/barnportratt-pa-olika-satt\/","og_locale":"sv_SE","og_type":"article","og_title":"Barnportr\u00e4tt p\u00e5 olika s\u00e4tt - Linda Otterstedt Photography","og_description":"H\u00e4r \u00e4r ett blogginl\u00e4gg om olika s\u00e4tt att g\u00f6ra fotosessioner med barn.","og_url":"https:\/\/lindaotterstedt.com\/sv\/barnportratt-pa-olika-satt\/","og_site_name":"Linda Otterstedt Photography","article_publisher":"https:\/\/www.facebook.com\/lindaotterstedtphotography","article_published_time":"2021-01-16T22:20:56+00:00","article_modified_time":"2023-01-06T16:02:53+00:00","og_image":[{"width":2560,"height":1703,"url":"https:\/\/lindaotterstedt.com\/wp-content\/uploads\/2021\/01\/fineart-barnfotograf-familjefotograf-4825-scaled.jpg","type":"image\/jpeg"}],"author":"lotterstedt","twitter_card":"summary_large_image","twitter_misc":{"Skriven av":"lotterstedt","Ber\u00e4knad l\u00e4stid":"5 minuter"},"schema":{"@context":"https:\/\/schema.org","@graph":[{"@type":"Article","@id":"https:\/\/lindaotterstedt.com\/sv\/barnportratt-pa-olika-satt\/#article","isPartOf":{"@id":"https:\/\/lindaotterstedt.com\/sv\/barnportratt-pa-olika-satt\/"},"author":{"name":"lotterstedt","@id":"https:\/\/lindaotterstedt.com\/sv\/#\/schema\/person\/d0a3e198c5e20dccae960da72784d717"},"headline":"Barnportr\u00e4tt p\u00e5 olika s\u00e4tt","datePublished":"2021-01-16T22:20:56+00:00","dateModified":"2023-01-06T16:02:53+00:00","mainEntityOfPage":{"@id":"https:\/\/lindaotterstedt.com\/sv\/barnportratt-pa-olika-satt\/"},"wordCount":972,"commentCount":0,"publisher":{"@id":"https:\/\/lindaotterstedt.com\/sv\/#organization"},"image":{"@id":"https:\/\/lindaotterstedt.com\/sv\/barnportratt-pa-olika-satt\/#primaryimage"},"thumbnailUrl":"https:\/\/lindaotterstedt.com\/wp-content\/uploads\/2021\/01\/fineart-barnfotograf-familjefotograf-4825-scaled.jpg","articleSection":["Familjefotografering"],"inLanguage":"sv-SE","potentialAction":[{"@type":"CommentAction","name":"Comment","target":["https:\/\/lindaotterstedt.com\/sv\/barnportratt-pa-olika-satt\/#respond"]}]},{"@type":"WebPage","@id":"https:\/\/lindaotterstedt.com\/sv\/barnportratt-pa-olika-satt\/","url":"https:\/\/lindaotterstedt.com\/sv\/barnportratt-pa-olika-satt\/","name":"Barnportr\u00e4tt p\u00e5 olika s\u00e4tt - Linda Otterstedt Photography","isPartOf":{"@id":"https:\/\/lindaotterstedt.com\/sv\/#website"},"primaryImageOfPage":{"@id":"https:\/\/lindaotterstedt.com\/sv\/barnportratt-pa-olika-satt\/#primaryimage"},"image":{"@id":"https:\/\/lindaotterstedt.com\/sv\/barnportratt-pa-olika-satt\/#primaryimage"},"thumbnailUrl":"https:\/\/lindaotterstedt.com\/wp-content\/uploads\/2021\/01\/fineart-barnfotograf-familjefotograf-4825-scaled.jpg","datePublished":"2021-01-16T22:20:56+00:00","dateModified":"2023-01-06T16:02:53+00:00","breadcrumb":{"@id":"https:\/\/lindaotterstedt.com\/sv\/barnportratt-pa-olika-satt\/#breadcrumb"},"inLanguage":"sv-SE","potentialAction":[{"@type":"ReadAction","target":["https:\/\/lindaotterstedt.com\/sv\/barnportratt-pa-olika-satt\/"]}]},{"@type":"ImageObject","inLanguage":"sv-SE","@id":"https:\/\/lindaotterstedt.com\/sv\/barnportratt-pa-olika-satt\/#primaryimage","url":"https:\/\/lindaotterstedt.com\/wp-content\/uploads\/2021\/01\/fineart-barnfotograf-familjefotograf-4825-scaled.jpg","contentUrl":"https:\/\/lindaotterstedt.com\/wp-content\/uploads\/2021\/01\/fineart-barnfotograf-familjefotograf-4825-scaled.jpg","width":2560,"height":1703},{"@type":"BreadcrumbList","@id":"https:\/\/lindaotterstedt.com\/sv\/barnportratt-pa-olika-satt\/#breadcrumb","itemListElement":[{"@type":"ListItem","position":1,"name":"Home","item":"https:\/\/lindaotterstedt.com\/sv\/"},{"@type":"ListItem","position":2,"name":"Barnportr\u00e4tt p\u00e5 olika s\u00e4tt"}]},{"@type":"WebSite","@id":"https:\/\/lindaotterstedt.com\/sv\/#website","url":"https:\/\/lindaotterstedt.com\/sv\/","name":"Linda Otterstedt Photography","description":"Photography for generations to come","publisher":{"@id":"https:\/\/lindaotterstedt.com\/sv\/#organization"},"potentialAction":[{"@type":"SearchAction","target":{"@type":"EntryPoint","urlTemplate":"https:\/\/lindaotterstedt.com\/sv\/?s={search_term_string}"},"query-input":{"@type":"PropertyValueSpecification","valueRequired":true,"valueName":"search_term_string"}}],"inLanguage":"sv-SE"},{"@type":"Organization","@id":"https:\/\/lindaotterstedt.com\/sv\/#organization","name":"Linda Otterstedt Photography","alternateName":"LOP","url":"https:\/\/lindaotterstedt.com\/sv\/","logo":{"@type":"ImageObject","inLanguage":"sv-SE","@id":"https:\/\/lindaotterstedt.com\/sv\/#\/schema\/logo\/image\/","url":"https:\/\/lindaotterstedt.com\/wp-content\/uploads\/2023\/03\/1400_LOGO_Linda_Otterstedt_Standard_Logo_Transparent-copy.png","contentUrl":"https:\/\/lindaotterstedt.com\/wp-content\/uploads\/2023\/03\/1400_LOGO_Linda_Otterstedt_Standard_Logo_Transparent-copy.png","width":2684,"height":1400,"caption":"Linda Otterstedt Photography"},"image":{"@id":"https:\/\/lindaotterstedt.com\/sv\/#\/schema\/logo\/image\/"},"sameAs":["https:\/\/www.facebook.com\/lindaotterstedtphotography","https:\/\/www.instagram.com\/worldphotographer","https:\/\/www.instagram.com\/worldphotographer_weddings","https:\/\/www.linkedin.com\/in\/linda-otterstedt-1886235\/"]},{"@type":"Person","@id":"https:\/\/lindaotterstedt.com\/sv\/#\/schema\/person\/d0a3e198c5e20dccae960da72784d717","name":"lotterstedt","description":"Hi and welcome to my page! I'm Linda, I'm Swedish but I'm something else too. I'm an expat. I have lived out of Sweden since year 2000, in 9 different countries around the world. For now I'm in Lausanne, Switzerland and I love this place. I'm willing to travel for work, just let me know where you need me. See ya! \/LINDA","sameAs":["http:\/\/www.lindaotterstedt.com"]}]}},"_links":{"self":[{"href":"https:\/\/lindaotterstedt.com\/sv\/wp-json\/wp\/v2\/posts\/3157","targetHints":{"allow":["GET"]}}],"collection":[{"href":"https:\/\/lindaotterstedt.com\/sv\/wp-json\/wp\/v2\/posts"}],"about":[{"href":"https:\/\/lindaotterstedt.com\/sv\/wp-json\/wp\/v2\/types\/post"}],"author":[{"embeddable":true,"href":"https:\/\/lindaotterstedt.com\/sv\/wp-json\/wp\/v2\/users\/4"}],"replies":[{"embeddable":true,"href":"https:\/\/lindaotterstedt.com\/sv\/wp-json\/wp\/v2\/comments?post=3157"}],"version-history":[{"count":8,"href":"https:\/\/lindaotterstedt.com\/sv\/wp-json\/wp\/v2\/posts\/3157\/revisions"}],"predecessor-version":[{"id":5122,"href":"https:\/\/lindaotterstedt.com\/sv\/wp-json\/wp\/v2\/posts\/3157\/revisions\/5122"}],"wp:featuredmedia":[{"embeddable":true,"href":"https:\/\/lindaotterstedt.com\/sv\/wp-json\/wp\/v2\/media\/2479"}],"wp:attachment":[{"href":"https:\/\/lindaotterstedt.com\/sv\/wp-json\/wp\/v2\/media?parent=3157"}],"wp:term":[{"taxonomy":"category","embeddable":true,"href":"https:\/\/lindaotterstedt.com\/sv\/wp-json\/wp\/v2\/categories?post=3157"},{"taxonomy":"post_tag","embeddable":true,"href":"https:\/\/lindaotterstedt.com\/sv\/wp-json\/wp\/v2\/tags?post=3157"}],"curies":[{"name":"wp","href":"https:\/\/api.w.org\/{rel}","templated":true}]}}