{"id":3171,"date":"2019-11-06T16:56:07","date_gmt":"2019-11-06T15:56:07","guid":{"rendered":"https:\/\/lindaotterstedt-com.lyricalstaging.com\/brollop-pa-portes-des-iris-lausanne\/"},"modified":"2023-01-07T23:58:24","modified_gmt":"2023-01-07T22:58:24","slug":"brollop-pa-portes-des-iris-lausanne","status":"publish","type":"post","link":"https:\/\/lindaotterstedt.com\/sv\/brollop-pa-portes-des-iris-lausanne\/","title":{"rendered":"Br\u00f6llop p\u00e5 Portes Des Iris"},"content":{"rendered":"\n<p class=\"wp-block-paragraph\">En br\u00f6llopsdr\u00f6m! Att ha ett br\u00f6llop p\u00e5 Portes Des Iris i Lausanne \u00e4r ren gl\u00e4dje, lycka och k\u00e4rlek. Den \u00e4r s\u00e5 vacker! Om du ska gifta dig och vill kontakta mig s\u00e5 fort som m\u00f6jligt &#8211; klicka <a href=\"https:\/\/lindaotterstedt.com\/sv\/kontakt-brollop\/\">h\u00e4r<\/a>.<\/p>\n\n<figure class=\"wp-block-image\"><img loading=\"lazy\" decoding=\"async\" width=\"1024\" height=\"684\" src=\"https:\/\/lindaotterstedt.com\/wp-content\/uploads\/2019\/10\/wedding-photographer-switzerland-9642-1-1024x684.jpg\" alt=\"\" class=\"wp-image-338\" srcset=\"https:\/\/lindaotterstedt.com\/wp-content\/uploads\/2019\/10\/wedding-photographer-switzerland-9642-1-1024x684.jpg 1024w, https:\/\/lindaotterstedt.com\/wp-content\/uploads\/2019\/10\/wedding-photographer-switzerland-9642-1-300x200.jpg 300w, https:\/\/lindaotterstedt.com\/wp-content\/uploads\/2019\/10\/wedding-photographer-switzerland-9642-1-768x513.jpg 768w, https:\/\/lindaotterstedt.com\/wp-content\/uploads\/2019\/10\/wedding-photographer-switzerland-9642-1-1600x1068.jpg 1600w\" sizes=\"(max-width: 1024px) 100vw, 1024px\" \/><\/figure>\n<h2 class=\"wp-block-heading\">Ett \u00e5skv\u00e4der inledde br\u00f6llopet<\/h2>\n\n<p class=\"wp-block-paragraph\">Dagen startade i <em><a href=\"https:\/\/romainmotier.ch\/\" target=\"_blank\" rel=\"noreferrer noopener\">Abbey<\/a><\/em> <a href=\"https:\/\/romainmotier.ch\/\" target=\"_blank\" rel=\"noreferrer noopener\">of<\/a> <em><a href=\"https:\/\/romainmotier.ch\/\" target=\"_blank\" rel=\"noreferrer noopener\">Romainm\u00f4tier<\/a><\/em> , 30 minuter utanf\u00f6r Lausanne. Det var det v\u00e4rsta v\u00e4dret du n\u00e5gonsin skulle vilja ha p\u00e5 din br\u00f6llopsdag, trots allt var det juli och det skulle vara soligt och varmt. V\u00e4l framme till klostret var v\u00e4dret fortfarande fruktansv\u00e4rt och ett \u00e5skv\u00e4der var p\u00e5 v\u00e4g in, en av de v\u00e4rsta jag har sett p\u00e5 l\u00e4nge. Jag var d\u00e4r n\u00e4stan en halvtimme f\u00f6r tidigt s\u00e5 jag kunde v\u00e4nta ut det mesta av \u00e5skv\u00e4dret, tills det v\u00e4rsta var \u00f6ver. Jag sprang sedan med min kamerautrustning under mitt paraply ner till kyrkan, tillsammans med en av s\u00e5ngarna till br\u00f6llopet. <\/p>\n\n<figure class=\"wp-block-image\"><img loading=\"lazy\" decoding=\"async\" width=\"1024\" height=\"684\" src=\"https:\/\/lindaotterstedt.com\/wp-content\/uploads\/2019\/10\/wedding-photographer-switzerland-8738-1-1024x684.jpg\" alt=\"\" class=\"wp-image-339\" srcset=\"https:\/\/lindaotterstedt.com\/wp-content\/uploads\/2019\/10\/wedding-photographer-switzerland-8738-1-1024x684.jpg 1024w, https:\/\/lindaotterstedt.com\/wp-content\/uploads\/2019\/10\/wedding-photographer-switzerland-8738-1-300x200.jpg 300w, https:\/\/lindaotterstedt.com\/wp-content\/uploads\/2019\/10\/wedding-photographer-switzerland-8738-1-768x513.jpg 768w, https:\/\/lindaotterstedt.com\/wp-content\/uploads\/2019\/10\/wedding-photographer-switzerland-8738-1-1600x1068.jpg 1600w\" sizes=\"(max-width: 1024px) 100vw, 1024px\" \/><figcaption class=\"wp-element-caption\">F\u00f6rberedelser f\u00f6re br\u00f6llopet<\/figcaption><\/figure>\n<p class=\"wp-block-paragraph\">Bruden g\u00f6r sig redo med alla sina sm\u00e5 blomsterflickor och pojkar (det var en liten ocks\u00e5). <\/p>\n\n<figure class=\"wp-block-image\"><img loading=\"lazy\" decoding=\"async\" width=\"1024\" height=\"684\" src=\"https:\/\/lindaotterstedt.com\/wp-content\/uploads\/2019\/10\/wedding-photographer-switzerland-8739-1-1024x684.jpg\" alt=\"\" class=\"wp-image-340\" srcset=\"https:\/\/lindaotterstedt.com\/wp-content\/uploads\/2019\/10\/wedding-photographer-switzerland-8739-1-1024x684.jpg 1024w, https:\/\/lindaotterstedt.com\/wp-content\/uploads\/2019\/10\/wedding-photographer-switzerland-8739-1-300x200.jpg 300w, https:\/\/lindaotterstedt.com\/wp-content\/uploads\/2019\/10\/wedding-photographer-switzerland-8739-1-768x513.jpg 768w, https:\/\/lindaotterstedt.com\/wp-content\/uploads\/2019\/10\/wedding-photographer-switzerland-8739-1-1600x1068.jpg 1600w\" sizes=\"(max-width: 1024px) 100vw, 1024px\" \/><\/figure>\n<figure class=\"wp-block-image\"><img loading=\"lazy\" decoding=\"async\" width=\"684\" height=\"1024\" src=\"https:\/\/lindaotterstedt.com\/wp-content\/uploads\/2019\/10\/wedding-photographer-switzerland-8783-1-684x1024.jpg\" alt=\"\" class=\"wp-image-341\" srcset=\"https:\/\/lindaotterstedt.com\/wp-content\/uploads\/2019\/10\/wedding-photographer-switzerland-8783-1-684x1024.jpg 684w, https:\/\/lindaotterstedt.com\/wp-content\/uploads\/2019\/10\/wedding-photographer-switzerland-8783-1-200x300.jpg 200w, https:\/\/lindaotterstedt.com\/wp-content\/uploads\/2019\/10\/wedding-photographer-switzerland-8783-1-768x1151.jpg 768w, https:\/\/lindaotterstedt.com\/wp-content\/uploads\/2019\/10\/wedding-photographer-switzerland-8783-1-1068x1600.jpg 1068w, https:\/\/lindaotterstedt.com\/wp-content\/uploads\/2019\/10\/wedding-photographer-switzerland-8783-1.jpg 1602w\" sizes=\"(max-width: 684px) 100vw, 684px\" \/><\/figure>\n<figure class=\"wp-block-image\"><img loading=\"lazy\" decoding=\"async\" width=\"1024\" height=\"684\" src=\"https:\/\/lindaotterstedt.com\/wp-content\/uploads\/2019\/10\/wedding-photographer-switzerland-8786-1-1024x684.jpg\" alt=\"\" class=\"wp-image-342\" srcset=\"https:\/\/lindaotterstedt.com\/wp-content\/uploads\/2019\/10\/wedding-photographer-switzerland-8786-1-1024x684.jpg 1024w, https:\/\/lindaotterstedt.com\/wp-content\/uploads\/2019\/10\/wedding-photographer-switzerland-8786-1-300x200.jpg 300w, https:\/\/lindaotterstedt.com\/wp-content\/uploads\/2019\/10\/wedding-photographer-switzerland-8786-1-768x513.jpg 768w, https:\/\/lindaotterstedt.com\/wp-content\/uploads\/2019\/10\/wedding-photographer-switzerland-8786-1-1600x1068.jpg 1600w\" sizes=\"(max-width: 1024px) 100vw, 1024px\" \/><\/figure>\n<p class=\"wp-block-paragraph\">V\u00e4l i kyrkan tog jag fram min kamera och br\u00f6llopsfotograferingen b\u00f6rjade. Kyrkan var upplyst och m\u00e5lningarna p\u00e5 v\u00e4ggarna var vackra och alla g\u00e4ster var s\u00e5 glada \u00f6ver att vara d\u00e4r och bruden och brudgummen var underbara. <\/p>\n\n<figure class=\"wp-block-image\"><img loading=\"lazy\" decoding=\"async\" width=\"1024\" height=\"684\" src=\"https:\/\/lindaotterstedt.com\/wp-content\/uploads\/2019\/10\/wedding-photographer-switzerland-8806-1-1024x684.jpg\" alt=\"\" class=\"wp-image-343\" srcset=\"https:\/\/lindaotterstedt.com\/wp-content\/uploads\/2019\/10\/wedding-photographer-switzerland-8806-1-1024x684.jpg 1024w, https:\/\/lindaotterstedt.com\/wp-content\/uploads\/2019\/10\/wedding-photographer-switzerland-8806-1-300x200.jpg 300w, https:\/\/lindaotterstedt.com\/wp-content\/uploads\/2019\/10\/wedding-photographer-switzerland-8806-1-768x513.jpg 768w, https:\/\/lindaotterstedt.com\/wp-content\/uploads\/2019\/10\/wedding-photographer-switzerland-8806-1-1600x1068.jpg 1600w\" sizes=\"(max-width: 1024px) 100vw, 1024px\" \/><\/figure>\n<figure class=\"wp-block-image\"><img loading=\"lazy\" decoding=\"async\" width=\"1024\" height=\"684\" src=\"https:\/\/lindaotterstedt.com\/wp-content\/uploads\/2019\/10\/wedding-photographer-switzerland-8982-1-1024x684.jpg\" alt=\"\" class=\"wp-image-345\" srcset=\"https:\/\/lindaotterstedt.com\/wp-content\/uploads\/2019\/10\/wedding-photographer-switzerland-8982-1-1024x684.jpg 1024w, https:\/\/lindaotterstedt.com\/wp-content\/uploads\/2019\/10\/wedding-photographer-switzerland-8982-1-300x200.jpg 300w, https:\/\/lindaotterstedt.com\/wp-content\/uploads\/2019\/10\/wedding-photographer-switzerland-8982-1-768x513.jpg 768w, https:\/\/lindaotterstedt.com\/wp-content\/uploads\/2019\/10\/wedding-photographer-switzerland-8982-1-1600x1068.jpg 1600w\" sizes=\"(max-width: 1024px) 100vw, 1024px\" \/><\/figure>\n<figure class=\"wp-block-image\"><img loading=\"lazy\" decoding=\"async\" width=\"1024\" height=\"683\" src=\"https:\/\/lindaotterstedt.com\/wp-content\/uploads\/2019\/11\/Wedding-2019-8862-1024x683.jpg\" alt=\"\" class=\"wp-image-383\" srcset=\"https:\/\/lindaotterstedt.com\/wp-content\/uploads\/2019\/11\/Wedding-2019-8862-1024x683.jpg 1024w, https:\/\/lindaotterstedt.com\/wp-content\/uploads\/2019\/11\/Wedding-2019-8862-300x200.jpg 300w, https:\/\/lindaotterstedt.com\/wp-content\/uploads\/2019\/11\/Wedding-2019-8862-768x513.jpg 768w\" sizes=\"(max-width: 1024px) 100vw, 1024px\" \/><\/figure>\n<h2 class=\"wp-block-heading\">Ceremonin<\/h2>\n\n<p class=\"wp-block-paragraph\">Ceremonin var v\u00e4ldigt l\u00e4tt och vacker och jag nj\u00f6t till fullo. Pl\u00f6tsligt var allt \u00f6ver och vi var p\u00e5 v\u00e4g ut i regnet, men regnet var borta och himlen var klarbl\u00e5 och en stor sol p\u00e5 himlen. Det var bara h\u00e4rligt! Vi hade verkligen tur, och hej, s\u00e4ger de inte att det kommer att ge br\u00f6llopsparet tur om det kommer lite regn p\u00e5 br\u00f6llopsdagen. H\u00f6ger?<\/p>\n\n<figure class=\"wp-block-image\"><img loading=\"lazy\" decoding=\"async\" width=\"1024\" height=\"684\" src=\"https:\/\/lindaotterstedt.com\/wp-content\/uploads\/2019\/10\/wedding-photographer-switzerland-9120-1-1024x684.jpg\" alt=\"\" class=\"wp-image-346\" srcset=\"https:\/\/lindaotterstedt.com\/wp-content\/uploads\/2019\/10\/wedding-photographer-switzerland-9120-1-1024x684.jpg 1024w, https:\/\/lindaotterstedt.com\/wp-content\/uploads\/2019\/10\/wedding-photographer-switzerland-9120-1-300x200.jpg 300w, https:\/\/lindaotterstedt.com\/wp-content\/uploads\/2019\/10\/wedding-photographer-switzerland-9120-1-768x513.jpg 768w, https:\/\/lindaotterstedt.com\/wp-content\/uploads\/2019\/10\/wedding-photographer-switzerland-9120-1-1600x1068.jpg 1600w\" sizes=\"(max-width: 1024px) 100vw, 1024px\" \/><figcaption class=\"wp-element-caption\"><br\/><\/figcaption><\/figure>\n<figure class=\"wp-block-image\"><img loading=\"lazy\" decoding=\"async\" width=\"1024\" height=\"691\" src=\"https:\/\/lindaotterstedt.com\/wp-content\/uploads\/2019\/11\/Wedding-2019-9131_blog-1024x691.jpg\" alt=\"\" class=\"wp-image-385\" srcset=\"https:\/\/lindaotterstedt.com\/wp-content\/uploads\/2019\/11\/Wedding-2019-9131_blog-1024x691.jpg 1024w, https:\/\/lindaotterstedt.com\/wp-content\/uploads\/2019\/11\/Wedding-2019-9131_blog-300x203.jpg 300w, https:\/\/lindaotterstedt.com\/wp-content\/uploads\/2019\/11\/Wedding-2019-9131_blog-768x518.jpg 768w, https:\/\/lindaotterstedt.com\/wp-content\/uploads\/2019\/11\/Wedding-2019-9131_blog-1600x1080.jpg 1600w, https:\/\/lindaotterstedt.com\/wp-content\/uploads\/2019\/11\/Wedding-2019-9131_blog.jpg 2000w\" sizes=\"(max-width: 1024px) 100vw, 1024px\" \/><\/figure>\n<p class=\"wp-block-paragraph\"><\/p>\n\n<figure class=\"wp-block-image\"><img loading=\"lazy\" decoding=\"async\" width=\"1024\" height=\"683\" src=\"https:\/\/lindaotterstedt.com\/wp-content\/uploads\/2019\/11\/Wedding-2019-9352-1-1024x683.jpg\" alt=\"\" class=\"wp-image-389\" srcset=\"https:\/\/lindaotterstedt.com\/wp-content\/uploads\/2019\/11\/Wedding-2019-9352-1-1024x683.jpg 1024w, https:\/\/lindaotterstedt.com\/wp-content\/uploads\/2019\/11\/Wedding-2019-9352-1-300x200.jpg 300w, https:\/\/lindaotterstedt.com\/wp-content\/uploads\/2019\/11\/Wedding-2019-9352-1-768x513.jpg 768w\" sizes=\"(max-width: 1024px) 100vw, 1024px\" \/><\/figure>\n<p class=\"wp-block-paragraph\">Bruden, brudgummen, g\u00e4sterna och jag steg alla in i bilarna och k\u00f6rde till <a rel=\"noreferrer noopener\" href=\"https:\/\/portesdesiris.ch\/en\/\" target=\"_blank\">Portes Des Iris<\/a> . Det h\u00e4r \u00e4r en av de vackraste st\u00e4llena jag n\u00e5gonsin varit p\u00e5. Det var helt fantastiskt och det perfekta st\u00e4llet f\u00f6r en br\u00f6llopsmiddag. Det f\u00f6rbises en otrolig park med blommor, palmer gr\u00e4nder, dammar och den fantastiska utsikten \u00f6ver alperna. <\/p>\n\n<figure class=\"wp-block-image\"><img loading=\"lazy\" decoding=\"async\" width=\"683\" height=\"1024\" src=\"https:\/\/lindaotterstedt.com\/wp-content\/uploads\/2019\/11\/Wedding-2019-9318-683x1024.jpg\" alt=\"\" class=\"wp-image-387\" srcset=\"https:\/\/lindaotterstedt.com\/wp-content\/uploads\/2019\/11\/Wedding-2019-9318-683x1024.jpg 683w, https:\/\/lindaotterstedt.com\/wp-content\/uploads\/2019\/11\/Wedding-2019-9318-200x300.jpg 200w, https:\/\/lindaotterstedt.com\/wp-content\/uploads\/2019\/11\/Wedding-2019-9318-768x1151.jpg 768w\" sizes=\"(max-width: 683px) 100vw, 683px\" \/><\/figure>\n<h2 class=\"wp-block-heading\">Br\u00f6llop p\u00e5 Portes Des Iris i Lausanne med M\u00f6venpick<\/h2>\n\n<p class=\"wp-block-paragraph\">Eftermiddagen fortsatte med cocktails och glass fr\u00e5n <a href=\"https:\/\/www.movenpick.com\/en\/europe\/switzerland\/lausanne\/hotel-lausanne.html\">M\u00f6venpick<\/a>, f\u00f6ljt av middag, vacker br\u00f6llopst\u00e5rta och tal.<\/p>\n\n<figure class=\"wp-block-gallery has-nested-images columns-default is-cropped wp-block-gallery-1 is-layout-flex wp-block-gallery-is-layout-flex\">\n<figure class=\"wp-block-image\"><img loading=\"lazy\" decoding=\"async\" width=\"684\" height=\"1024\" data-id=\"372\" src=\"https:\/\/lindaotterstedt.com\/wp-content\/uploads\/2019\/10\/wedding-photographer-switzerland-9560-1-684x1024.jpg\" alt=\"\" class=\"wp-image-372\" srcset=\"https:\/\/lindaotterstedt.com\/wp-content\/uploads\/2019\/10\/wedding-photographer-switzerland-9560-1-684x1024.jpg 684w, https:\/\/lindaotterstedt.com\/wp-content\/uploads\/2019\/10\/wedding-photographer-switzerland-9560-1-200x300.jpg 200w, https:\/\/lindaotterstedt.com\/wp-content\/uploads\/2019\/10\/wedding-photographer-switzerland-9560-1-768x1151.jpg 768w, https:\/\/lindaotterstedt.com\/wp-content\/uploads\/2019\/10\/wedding-photographer-switzerland-9560-1-1068x1600.jpg 1068w, https:\/\/lindaotterstedt.com\/wp-content\/uploads\/2019\/10\/wedding-photographer-switzerland-9560-1.jpg 1602w\" sizes=\"(max-width: 684px) 100vw, 684px\" \/><\/figure>\n\n\n<figure class=\"wp-block-image\"><img loading=\"lazy\" decoding=\"async\" width=\"1024\" height=\"684\" data-id=\"373\" src=\"https:\/\/lindaotterstedt.com\/wp-content\/uploads\/2019\/10\/wedding-photographer-switzerland-9567-1-1024x684.jpg\" alt=\"\" class=\"wp-image-373\" srcset=\"https:\/\/lindaotterstedt.com\/wp-content\/uploads\/2019\/10\/wedding-photographer-switzerland-9567-1-1024x684.jpg 1024w, https:\/\/lindaotterstedt.com\/wp-content\/uploads\/2019\/10\/wedding-photographer-switzerland-9567-1-300x200.jpg 300w, https:\/\/lindaotterstedt.com\/wp-content\/uploads\/2019\/10\/wedding-photographer-switzerland-9567-1-768x513.jpg 768w, https:\/\/lindaotterstedt.com\/wp-content\/uploads\/2019\/10\/wedding-photographer-switzerland-9567-1-1600x1068.jpg 1600w\" sizes=\"(max-width: 1024px) 100vw, 1024px\" \/><\/figure>\n\n\n<figure class=\"wp-block-image\"><img loading=\"lazy\" decoding=\"async\" width=\"1024\" height=\"684\" data-id=\"374\" src=\"https:\/\/lindaotterstedt.com\/wp-content\/uploads\/2019\/10\/wedding-photographer-switzerland-9592-1-1024x684.jpg\" alt=\"Br&#xF6;llopsbilder\" class=\"wp-image-374\" srcset=\"https:\/\/lindaotterstedt.com\/wp-content\/uploads\/2019\/10\/wedding-photographer-switzerland-9592-1-1024x684.jpg 1024w, https:\/\/lindaotterstedt.com\/wp-content\/uploads\/2019\/10\/wedding-photographer-switzerland-9592-1-300x200.jpg 300w, https:\/\/lindaotterstedt.com\/wp-content\/uploads\/2019\/10\/wedding-photographer-switzerland-9592-1-768x513.jpg 768w, https:\/\/lindaotterstedt.com\/wp-content\/uploads\/2019\/10\/wedding-photographer-switzerland-9592-1-1600x1068.jpg 1600w\" sizes=\"(max-width: 1024px) 100vw, 1024px\" \/><figcaption class=\"wp-element-caption\">Platsen \u00e4r Portes des Iris strax utanf\u00f6r Lausanne.<\/figcaption><\/figure>\n\n\n<figure class=\"wp-block-image\"><img loading=\"lazy\" decoding=\"async\" width=\"684\" height=\"1024\" data-id=\"375\" src=\"https:\/\/lindaotterstedt.com\/wp-content\/uploads\/2019\/10\/wedding-photographer-switzerland-9614-1-684x1024.jpg\" alt=\"\" class=\"wp-image-375\" srcset=\"https:\/\/lindaotterstedt.com\/wp-content\/uploads\/2019\/10\/wedding-photographer-switzerland-9614-1-684x1024.jpg 684w, https:\/\/lindaotterstedt.com\/wp-content\/uploads\/2019\/10\/wedding-photographer-switzerland-9614-1-200x300.jpg 200w, https:\/\/lindaotterstedt.com\/wp-content\/uploads\/2019\/10\/wedding-photographer-switzerland-9614-1-768x1151.jpg 768w, https:\/\/lindaotterstedt.com\/wp-content\/uploads\/2019\/10\/wedding-photographer-switzerland-9614-1-1068x1600.jpg 1068w, https:\/\/lindaotterstedt.com\/wp-content\/uploads\/2019\/10\/wedding-photographer-switzerland-9614-1.jpg 1602w\" sizes=\"(max-width: 684px) 100vw, 684px\" \/><\/figure>\n\n\n<figure class=\"wp-block-image\"><img loading=\"lazy\" decoding=\"async\" width=\"684\" height=\"1024\" data-id=\"376\" src=\"https:\/\/lindaotterstedt.com\/wp-content\/uploads\/2019\/10\/wedding-photographer-switzerland-9623-1-684x1024.jpg\" alt=\"\" class=\"wp-image-376\" srcset=\"https:\/\/lindaotterstedt.com\/wp-content\/uploads\/2019\/10\/wedding-photographer-switzerland-9623-1-684x1024.jpg 684w, https:\/\/lindaotterstedt.com\/wp-content\/uploads\/2019\/10\/wedding-photographer-switzerland-9623-1-200x300.jpg 200w, https:\/\/lindaotterstedt.com\/wp-content\/uploads\/2019\/10\/wedding-photographer-switzerland-9623-1-768x1151.jpg 768w, https:\/\/lindaotterstedt.com\/wp-content\/uploads\/2019\/10\/wedding-photographer-switzerland-9623-1-1068x1600.jpg 1068w, https:\/\/lindaotterstedt.com\/wp-content\/uploads\/2019\/10\/wedding-photographer-switzerland-9623-1.jpg 1602w\" sizes=\"(max-width: 684px) 100vw, 684px\" \/><\/figure>\n\n\n<figure class=\"wp-block-image\"><img loading=\"lazy\" decoding=\"async\" width=\"684\" height=\"1024\" data-id=\"377\" src=\"https:\/\/lindaotterstedt.com\/wp-content\/uploads\/2019\/10\/wedding-photographer-switzerland-9631-1-684x1024.jpg\" alt=\"\" class=\"wp-image-377\" srcset=\"https:\/\/lindaotterstedt.com\/wp-content\/uploads\/2019\/10\/wedding-photographer-switzerland-9631-1-684x1024.jpg 684w, https:\/\/lindaotterstedt.com\/wp-content\/uploads\/2019\/10\/wedding-photographer-switzerland-9631-1-200x300.jpg 200w, https:\/\/lindaotterstedt.com\/wp-content\/uploads\/2019\/10\/wedding-photographer-switzerland-9631-1-768x1151.jpg 768w, https:\/\/lindaotterstedt.com\/wp-content\/uploads\/2019\/10\/wedding-photographer-switzerland-9631-1-1068x1600.jpg 1068w, https:\/\/lindaotterstedt.com\/wp-content\/uploads\/2019\/10\/wedding-photographer-switzerland-9631-1.jpg 1602w\" sizes=\"(max-width: 684px) 100vw, 684px\" \/><\/figure>\n\n\n<figure class=\"wp-block-image\"><img loading=\"lazy\" decoding=\"async\" width=\"684\" height=\"1024\" data-id=\"378\" src=\"https:\/\/lindaotterstedt.com\/wp-content\/uploads\/2019\/10\/wedding-photographer-switzerland-9645-1-684x1024.jpg\" alt=\"\" class=\"wp-image-378\" srcset=\"https:\/\/lindaotterstedt.com\/wp-content\/uploads\/2019\/10\/wedding-photographer-switzerland-9645-1-684x1024.jpg 684w, https:\/\/lindaotterstedt.com\/wp-content\/uploads\/2019\/10\/wedding-photographer-switzerland-9645-1-200x300.jpg 200w, https:\/\/lindaotterstedt.com\/wp-content\/uploads\/2019\/10\/wedding-photographer-switzerland-9645-1-768x1151.jpg 768w, https:\/\/lindaotterstedt.com\/wp-content\/uploads\/2019\/10\/wedding-photographer-switzerland-9645-1-1068x1600.jpg 1068w, https:\/\/lindaotterstedt.com\/wp-content\/uploads\/2019\/10\/wedding-photographer-switzerland-9645-1.jpg 1602w\" sizes=\"(max-width: 684px) 100vw, 684px\" \/><\/figure><\/figure>\n\n<p class=\"wp-block-paragraph\">Det jag hade \u00f6nskat mig, om jag kan beg\u00e4ra n\u00e5got, \u00e4r att f\u00e5 mer tid f\u00f6r br\u00f6llopsparet att ta vackra portr\u00e4tt ute i parken d\u00e4r lokalen ligger. Parken \u00e4r otrolig med allt den erbjuder f\u00f6r portr\u00e4ttfotografering. <\/p>\n\n<figure class=\"wp-block-image\"><img loading=\"lazy\" decoding=\"async\" width=\"1024\" height=\"684\" src=\"https:\/\/lindaotterstedt.com\/wp-content\/uploads\/2019\/10\/wedding-photographer-switzerland-9429-2-1024x684.jpg\" alt=\"\" class=\"wp-image-349\" srcset=\"https:\/\/lindaotterstedt.com\/wp-content\/uploads\/2019\/10\/wedding-photographer-switzerland-9429-2-1024x684.jpg 1024w, https:\/\/lindaotterstedt.com\/wp-content\/uploads\/2019\/10\/wedding-photographer-switzerland-9429-2-300x200.jpg 300w, https:\/\/lindaotterstedt.com\/wp-content\/uploads\/2019\/10\/wedding-photographer-switzerland-9429-2-768x513.jpg 768w, https:\/\/lindaotterstedt.com\/wp-content\/uploads\/2019\/10\/wedding-photographer-switzerland-9429-2-1600x1068.jpg 1600w\" sizes=\"(max-width: 1024px) 100vw, 1024px\" \/><\/figure>\n<figure class=\"wp-block-gallery has-nested-images columns-default is-cropped wp-block-gallery-2 is-layout-flex wp-block-gallery-is-layout-flex\">\n<figure class=\"wp-block-image\"><img loading=\"lazy\" decoding=\"async\" width=\"1024\" height=\"684\" data-id=\"350\" src=\"https:\/\/lindaotterstedt.com\/wp-content\/uploads\/2019\/10\/wedding-photographer-switzerland-9505-1-1024x684.jpg\" alt=\"\" class=\"wp-image-350\" srcset=\"https:\/\/lindaotterstedt.com\/wp-content\/uploads\/2019\/10\/wedding-photographer-switzerland-9505-1-1024x684.jpg 1024w, https:\/\/lindaotterstedt.com\/wp-content\/uploads\/2019\/10\/wedding-photographer-switzerland-9505-1-300x200.jpg 300w, https:\/\/lindaotterstedt.com\/wp-content\/uploads\/2019\/10\/wedding-photographer-switzerland-9505-1-768x513.jpg 768w, https:\/\/lindaotterstedt.com\/wp-content\/uploads\/2019\/10\/wedding-photographer-switzerland-9505-1-1600x1068.jpg 1600w\" sizes=\"(max-width: 1024px) 100vw, 1024px\" \/><\/figure>\n\n\n<figure class=\"wp-block-image\"><img loading=\"lazy\" decoding=\"async\" width=\"1024\" height=\"684\" data-id=\"351\" src=\"https:\/\/lindaotterstedt.com\/wp-content\/uploads\/2019\/10\/wedding-photographer-switzerland-9522-1-1024x684.jpg\" alt=\"\" class=\"wp-image-351\" srcset=\"https:\/\/lindaotterstedt.com\/wp-content\/uploads\/2019\/10\/wedding-photographer-switzerland-9522-1-1024x684.jpg 1024w, https:\/\/lindaotterstedt.com\/wp-content\/uploads\/2019\/10\/wedding-photographer-switzerland-9522-1-300x200.jpg 300w, https:\/\/lindaotterstedt.com\/wp-content\/uploads\/2019\/10\/wedding-photographer-switzerland-9522-1-768x513.jpg 768w, https:\/\/lindaotterstedt.com\/wp-content\/uploads\/2019\/10\/wedding-photographer-switzerland-9522-1-1600x1068.jpg 1600w\" sizes=\"(max-width: 1024px) 100vw, 1024px\" \/><\/figure>\n\n\n<figure class=\"wp-block-image\"><img loading=\"lazy\" decoding=\"async\" width=\"1024\" height=\"684\" data-id=\"352\" src=\"https:\/\/lindaotterstedt.com\/wp-content\/uploads\/2019\/10\/wedding-photographer-switzerland-9524-1-1024x684.jpg\" alt=\"\" class=\"wp-image-352\" srcset=\"https:\/\/lindaotterstedt.com\/wp-content\/uploads\/2019\/10\/wedding-photographer-switzerland-9524-1-1024x684.jpg 1024w, https:\/\/lindaotterstedt.com\/wp-content\/uploads\/2019\/10\/wedding-photographer-switzerland-9524-1-300x200.jpg 300w, https:\/\/lindaotterstedt.com\/wp-content\/uploads\/2019\/10\/wedding-photographer-switzerland-9524-1-768x513.jpg 768w, https:\/\/lindaotterstedt.com\/wp-content\/uploads\/2019\/10\/wedding-photographer-switzerland-9524-1-1600x1068.jpg 1600w\" sizes=\"(max-width: 1024px) 100vw, 1024px\" \/><\/figure>\n\n\n<figure class=\"wp-block-image\"><img loading=\"lazy\" decoding=\"async\" width=\"1024\" height=\"684\" data-id=\"353\" src=\"https:\/\/lindaotterstedt.com\/wp-content\/uploads\/2019\/10\/wedding-photographer-switzerland-9525-1-1024x684.jpg\" alt=\"\" class=\"wp-image-353\" srcset=\"https:\/\/lindaotterstedt.com\/wp-content\/uploads\/2019\/10\/wedding-photographer-switzerland-9525-1-1024x684.jpg 1024w, https:\/\/lindaotterstedt.com\/wp-content\/uploads\/2019\/10\/wedding-photographer-switzerland-9525-1-300x200.jpg 300w, https:\/\/lindaotterstedt.com\/wp-content\/uploads\/2019\/10\/wedding-photographer-switzerland-9525-1-768x513.jpg 768w, https:\/\/lindaotterstedt.com\/wp-content\/uploads\/2019\/10\/wedding-photographer-switzerland-9525-1-1600x1068.jpg 1600w\" sizes=\"(max-width: 1024px) 100vw, 1024px\" \/><\/figure>\n\n\n<figure class=\"wp-block-image\"><img loading=\"lazy\" decoding=\"async\" width=\"684\" height=\"1024\" data-id=\"354\" src=\"https:\/\/lindaotterstedt.com\/wp-content\/uploads\/2019\/10\/wedding-photographer-switzerland-9527-1-684x1024.jpg\" alt=\"\" class=\"wp-image-354\" srcset=\"https:\/\/lindaotterstedt.com\/wp-content\/uploads\/2019\/10\/wedding-photographer-switzerland-9527-1-684x1024.jpg 684w, https:\/\/lindaotterstedt.com\/wp-content\/uploads\/2019\/10\/wedding-photographer-switzerland-9527-1-200x300.jpg 200w, https:\/\/lindaotterstedt.com\/wp-content\/uploads\/2019\/10\/wedding-photographer-switzerland-9527-1-768x1151.jpg 768w, https:\/\/lindaotterstedt.com\/wp-content\/uploads\/2019\/10\/wedding-photographer-switzerland-9527-1-1068x1600.jpg 1068w, https:\/\/lindaotterstedt.com\/wp-content\/uploads\/2019\/10\/wedding-photographer-switzerland-9527-1.jpg 1602w\" sizes=\"(max-width: 684px) 100vw, 684px\" \/><\/figure>\n\n\n<figure class=\"wp-block-image\"><img loading=\"lazy\" decoding=\"async\" width=\"1024\" height=\"684\" data-id=\"356\" src=\"https:\/\/lindaotterstedt.com\/wp-content\/uploads\/2019\/10\/wedding-photographer-switzerland-9530-1-1024x684.jpg\" alt=\"\" class=\"wp-image-356\" srcset=\"https:\/\/lindaotterstedt.com\/wp-content\/uploads\/2019\/10\/wedding-photographer-switzerland-9530-1-1024x684.jpg 1024w, https:\/\/lindaotterstedt.com\/wp-content\/uploads\/2019\/10\/wedding-photographer-switzerland-9530-1-300x200.jpg 300w, https:\/\/lindaotterstedt.com\/wp-content\/uploads\/2019\/10\/wedding-photographer-switzerland-9530-1-768x513.jpg 768w, https:\/\/lindaotterstedt.com\/wp-content\/uploads\/2019\/10\/wedding-photographer-switzerland-9530-1-1600x1068.jpg 1600w\" sizes=\"(max-width: 1024px) 100vw, 1024px\" \/><\/figure>\n\n\n<figure class=\"wp-block-image\"><img loading=\"lazy\" decoding=\"async\" width=\"1024\" height=\"684\" data-id=\"357\" src=\"https:\/\/lindaotterstedt.com\/wp-content\/uploads\/2019\/10\/wedding-photographer-switzerland-9533-1-1024x684.jpg\" alt=\"\" class=\"wp-image-357\" srcset=\"https:\/\/lindaotterstedt.com\/wp-content\/uploads\/2019\/10\/wedding-photographer-switzerland-9533-1-1024x684.jpg 1024w, https:\/\/lindaotterstedt.com\/wp-content\/uploads\/2019\/10\/wedding-photographer-switzerland-9533-1-300x200.jpg 300w, https:\/\/lindaotterstedt.com\/wp-content\/uploads\/2019\/10\/wedding-photographer-switzerland-9533-1-768x513.jpg 768w, https:\/\/lindaotterstedt.com\/wp-content\/uploads\/2019\/10\/wedding-photographer-switzerland-9533-1-1600x1068.jpg 1600w\" sizes=\"(max-width: 1024px) 100vw, 1024px\" \/><\/figure>\n\n\n<figure class=\"wp-block-image\"><img loading=\"lazy\" decoding=\"async\" width=\"1024\" height=\"684\" data-id=\"358\" src=\"https:\/\/lindaotterstedt.com\/wp-content\/uploads\/2019\/10\/wedding-photographer-switzerland-9458-1-1024x684.jpg\" alt=\"\" class=\"wp-image-358\" srcset=\"https:\/\/lindaotterstedt.com\/wp-content\/uploads\/2019\/10\/wedding-photographer-switzerland-9458-1-1024x684.jpg 1024w, https:\/\/lindaotterstedt.com\/wp-content\/uploads\/2019\/10\/wedding-photographer-switzerland-9458-1-300x200.jpg 300w, https:\/\/lindaotterstedt.com\/wp-content\/uploads\/2019\/10\/wedding-photographer-switzerland-9458-1-768x513.jpg 768w, https:\/\/lindaotterstedt.com\/wp-content\/uploads\/2019\/10\/wedding-photographer-switzerland-9458-1-1600x1068.jpg 1600w\" sizes=\"(max-width: 1024px) 100vw, 1024px\" \/><\/figure>\n\n\n<figure class=\"wp-block-image\"><img loading=\"lazy\" decoding=\"async\" width=\"1024\" height=\"684\" data-id=\"359\" src=\"https:\/\/lindaotterstedt.com\/wp-content\/uploads\/2019\/10\/wedding-photographer-switzerland-9990-1-1024x684.jpg\" alt=\"\" class=\"wp-image-359\" srcset=\"https:\/\/lindaotterstedt.com\/wp-content\/uploads\/2019\/10\/wedding-photographer-switzerland-9990-1-1024x684.jpg 1024w, https:\/\/lindaotterstedt.com\/wp-content\/uploads\/2019\/10\/wedding-photographer-switzerland-9990-1-300x200.jpg 300w, https:\/\/lindaotterstedt.com\/wp-content\/uploads\/2019\/10\/wedding-photographer-switzerland-9990-1-768x513.jpg 768w, https:\/\/lindaotterstedt.com\/wp-content\/uploads\/2019\/10\/wedding-photographer-switzerland-9990-1-1600x1068.jpg 1600w\" sizes=\"(max-width: 1024px) 100vw, 1024px\" \/><\/figure>\n\n\n<figure class=\"wp-block-image\"><img loading=\"lazy\" decoding=\"async\" width=\"684\" height=\"1024\" data-id=\"361\" src=\"https:\/\/lindaotterstedt.com\/wp-content\/uploads\/2019\/10\/wedding-photographer-switzerland-2-1-684x1024.jpg\" alt=\"\" class=\"wp-image-361\" srcset=\"https:\/\/lindaotterstedt.com\/wp-content\/uploads\/2019\/10\/wedding-photographer-switzerland-2-1-684x1024.jpg 684w, https:\/\/lindaotterstedt.com\/wp-content\/uploads\/2019\/10\/wedding-photographer-switzerland-2-1-200x300.jpg 200w, https:\/\/lindaotterstedt.com\/wp-content\/uploads\/2019\/10\/wedding-photographer-switzerland-2-1-768x1151.jpg 768w, https:\/\/lindaotterstedt.com\/wp-content\/uploads\/2019\/10\/wedding-photographer-switzerland-2-1-1068x1600.jpg 1068w, https:\/\/lindaotterstedt.com\/wp-content\/uploads\/2019\/10\/wedding-photographer-switzerland-2-1.jpg 1602w\" sizes=\"(max-width: 684px) 100vw, 684px\" \/><\/figure>\n\n\n<figure class=\"wp-block-image\"><img loading=\"lazy\" decoding=\"async\" width=\"1024\" height=\"683\" data-id=\"362\" src=\"https:\/\/lindaotterstedt.com\/wp-content\/uploads\/2019\/10\/wedding-photographer-switzerland-0089-1-1024x683.jpg\" alt=\"\" class=\"wp-image-362\" srcset=\"https:\/\/lindaotterstedt.com\/wp-content\/uploads\/2019\/10\/wedding-photographer-switzerland-0089-1-1024x683.jpg 1024w, https:\/\/lindaotterstedt.com\/wp-content\/uploads\/2019\/10\/wedding-photographer-switzerland-0089-1-300x200.jpg 300w, https:\/\/lindaotterstedt.com\/wp-content\/uploads\/2019\/10\/wedding-photographer-switzerland-0089-1-768x512.jpg 768w, https:\/\/lindaotterstedt.com\/wp-content\/uploads\/2019\/10\/wedding-photographer-switzerland-0089-1-1600x1067.jpg 1600w\" sizes=\"(max-width: 1024px) 100vw, 1024px\" \/><\/figure>\n\n\n<figure class=\"wp-block-image\"><img loading=\"lazy\" decoding=\"async\" width=\"1024\" height=\"684\" data-id=\"379\" src=\"https:\/\/lindaotterstedt.com\/wp-content\/uploads\/2019\/10\/wedding-photographer-switzerland-9661-2-1024x684.jpg\" alt=\"\" class=\"wp-image-379\" srcset=\"https:\/\/lindaotterstedt.com\/wp-content\/uploads\/2019\/10\/wedding-photographer-switzerland-9661-2-1024x684.jpg 1024w, https:\/\/lindaotterstedt.com\/wp-content\/uploads\/2019\/10\/wedding-photographer-switzerland-9661-2-300x200.jpg 300w, https:\/\/lindaotterstedt.com\/wp-content\/uploads\/2019\/10\/wedding-photographer-switzerland-9661-2-768x513.jpg 768w, https:\/\/lindaotterstedt.com\/wp-content\/uploads\/2019\/10\/wedding-photographer-switzerland-9661-2-1600x1068.jpg 1600w\" sizes=\"(max-width: 1024px) 100vw, 1024px\" \/><\/figure><\/figure>\n\n<p class=\"wp-block-paragraph\">Efter nygiftens f\u00f6rsta dans b\u00f6rjade alla g\u00e5 ner till baren d\u00e4r det ocks\u00e5 fanns en DJ. DJ:n spelade fantastisk musik och alla dansade. Vilken fest! Jag k\u00e4nde att b\u00e5de g\u00e4sterna och jag hade sv\u00e5rt att \u00e5ka iv\u00e4g i slutet av natten. Jag tror att jag stannade till ett p\u00e5 natten.<\/p>\n\n<p class=\"wp-block-paragraph\">Vilken dag och jag skulle inte tveka att g\u00f6ra det igen, en s\u00e5dan fantastisk upplevelse med ett fantastiskt par.<\/p>\n\n<p class=\"wp-block-paragraph\">Tack Emmanuelle och Adrien f\u00f6r att ni valde mig som er fotograf f\u00f6r detta fantastiska br\u00f6llop.<\/p>\n\n<figure class=\"wp-block-gallery has-nested-images columns-default is-cropped wp-block-gallery-3 is-layout-flex wp-block-gallery-is-layout-flex\">\n<figure class=\"wp-block-image\"><img loading=\"lazy\" decoding=\"async\" width=\"1024\" height=\"683\" data-id=\"363\" src=\"https:\/\/lindaotterstedt.com\/wp-content\/uploads\/2019\/10\/wedding-photographer-switzerland-2-2-1-1024x683.jpg\" alt=\"\" class=\"wp-image-363\" srcset=\"https:\/\/lindaotterstedt.com\/wp-content\/uploads\/2019\/10\/wedding-photographer-switzerland-2-2-1-1024x683.jpg 1024w, https:\/\/lindaotterstedt.com\/wp-content\/uploads\/2019\/10\/wedding-photographer-switzerland-2-2-1-300x200.jpg 300w, https:\/\/lindaotterstedt.com\/wp-content\/uploads\/2019\/10\/wedding-photographer-switzerland-2-2-1-768x512.jpg 768w, https:\/\/lindaotterstedt.com\/wp-content\/uploads\/2019\/10\/wedding-photographer-switzerland-2-2-1-1600x1067.jpg 1600w\" sizes=\"(max-width: 1024px) 100vw, 1024px\" \/><\/figure>\n\n\n<figure class=\"wp-block-image\"><img loading=\"lazy\" decoding=\"async\" width=\"684\" height=\"1024\" data-id=\"364\" src=\"https:\/\/lindaotterstedt.com\/wp-content\/uploads\/2019\/10\/wedding-photographer-switzerland-0295-1-684x1024.jpg\" alt=\"\" class=\"wp-image-364\" srcset=\"https:\/\/lindaotterstedt.com\/wp-content\/uploads\/2019\/10\/wedding-photographer-switzerland-0295-1-684x1024.jpg 684w, https:\/\/lindaotterstedt.com\/wp-content\/uploads\/2019\/10\/wedding-photographer-switzerland-0295-1-200x300.jpg 200w, https:\/\/lindaotterstedt.com\/wp-content\/uploads\/2019\/10\/wedding-photographer-switzerland-0295-1-768x1151.jpg 768w, https:\/\/lindaotterstedt.com\/wp-content\/uploads\/2019\/10\/wedding-photographer-switzerland-0295-1-1068x1600.jpg 1068w, https:\/\/lindaotterstedt.com\/wp-content\/uploads\/2019\/10\/wedding-photographer-switzerland-0295-1.jpg 1602w\" sizes=\"(max-width: 684px) 100vw, 684px\" \/><\/figure>\n\n\n<figure class=\"wp-block-image\"><img loading=\"lazy\" decoding=\"async\" width=\"1024\" height=\"684\" data-id=\"365\" src=\"https:\/\/lindaotterstedt.com\/wp-content\/uploads\/2019\/10\/wedding-photographer-switzerland-0373-1-1024x684.jpg\" alt=\"\" class=\"wp-image-365\" srcset=\"https:\/\/lindaotterstedt.com\/wp-content\/uploads\/2019\/10\/wedding-photographer-switzerland-0373-1-1024x684.jpg 1024w, https:\/\/lindaotterstedt.com\/wp-content\/uploads\/2019\/10\/wedding-photographer-switzerland-0373-1-300x200.jpg 300w, https:\/\/lindaotterstedt.com\/wp-content\/uploads\/2019\/10\/wedding-photographer-switzerland-0373-1-768x513.jpg 768w, https:\/\/lindaotterstedt.com\/wp-content\/uploads\/2019\/10\/wedding-photographer-switzerland-0373-1-1600x1068.jpg 1600w\" sizes=\"(max-width: 1024px) 100vw, 1024px\" \/><\/figure>\n\n\n<figure class=\"wp-block-image\"><img loading=\"lazy\" decoding=\"async\" width=\"684\" height=\"1024\" data-id=\"366\" src=\"https:\/\/lindaotterstedt.com\/wp-content\/uploads\/2019\/10\/wedding-photographer-switzerland-0410-1-684x1024.jpg\" alt=\"\" class=\"wp-image-366\" srcset=\"https:\/\/lindaotterstedt.com\/wp-content\/uploads\/2019\/10\/wedding-photographer-switzerland-0410-1-684x1024.jpg 684w, https:\/\/lindaotterstedt.com\/wp-content\/uploads\/2019\/10\/wedding-photographer-switzerland-0410-1-200x300.jpg 200w, https:\/\/lindaotterstedt.com\/wp-content\/uploads\/2019\/10\/wedding-photographer-switzerland-0410-1-768x1151.jpg 768w, https:\/\/lindaotterstedt.com\/wp-content\/uploads\/2019\/10\/wedding-photographer-switzerland-0410-1-1068x1600.jpg 1068w, https:\/\/lindaotterstedt.com\/wp-content\/uploads\/2019\/10\/wedding-photographer-switzerland-0410-1.jpg 1602w\" sizes=\"(max-width: 684px) 100vw, 684px\" \/><\/figure>\n\n\n<figure class=\"wp-block-image\"><img loading=\"lazy\" decoding=\"async\" width=\"684\" height=\"1024\" data-id=\"367\" src=\"https:\/\/lindaotterstedt.com\/wp-content\/uploads\/2019\/10\/wedding-photographer-switzerland-0392-1-684x1024.jpg\" alt=\"\" class=\"wp-image-367\" srcset=\"https:\/\/lindaotterstedt.com\/wp-content\/uploads\/2019\/10\/wedding-photographer-switzerland-0392-1-684x1024.jpg 684w, https:\/\/lindaotterstedt.com\/wp-content\/uploads\/2019\/10\/wedding-photographer-switzerland-0392-1-200x300.jpg 200w, https:\/\/lindaotterstedt.com\/wp-content\/uploads\/2019\/10\/wedding-photographer-switzerland-0392-1-768x1151.jpg 768w, https:\/\/lindaotterstedt.com\/wp-content\/uploads\/2019\/10\/wedding-photographer-switzerland-0392-1-1068x1600.jpg 1068w, https:\/\/lindaotterstedt.com\/wp-content\/uploads\/2019\/10\/wedding-photographer-switzerland-0392-1.jpg 1602w\" sizes=\"(max-width: 684px) 100vw, 684px\" \/><\/figure>\n\n\n<figure class=\"wp-block-image\"><img loading=\"lazy\" decoding=\"async\" width=\"1024\" height=\"684\" data-id=\"368\" src=\"https:\/\/lindaotterstedt.com\/wp-content\/uploads\/2019\/10\/wedding-photographer-switzerland-9811-1-1024x684.jpg\" alt=\"\" class=\"wp-image-368\" srcset=\"https:\/\/lindaotterstedt.com\/wp-content\/uploads\/2019\/10\/wedding-photographer-switzerland-9811-1-1024x684.jpg 1024w, https:\/\/lindaotterstedt.com\/wp-content\/uploads\/2019\/10\/wedding-photographer-switzerland-9811-1-300x200.jpg 300w, https:\/\/lindaotterstedt.com\/wp-content\/uploads\/2019\/10\/wedding-photographer-switzerland-9811-1-768x513.jpg 768w, https:\/\/lindaotterstedt.com\/wp-content\/uploads\/2019\/10\/wedding-photographer-switzerland-9811-1-1600x1068.jpg 1600w\" sizes=\"(max-width: 1024px) 100vw, 1024px\" \/><\/figure>\n\n\n<figure class=\"wp-block-image\"><img loading=\"lazy\" decoding=\"async\" width=\"684\" height=\"1024\" data-id=\"369\" src=\"https:\/\/lindaotterstedt.com\/wp-content\/uploads\/2019\/10\/wedding-photographer-switzerland-9860-1-684x1024.jpg\" alt=\"\" class=\"wp-image-369\" srcset=\"https:\/\/lindaotterstedt.com\/wp-content\/uploads\/2019\/10\/wedding-photographer-switzerland-9860-1-684x1024.jpg 684w, https:\/\/lindaotterstedt.com\/wp-content\/uploads\/2019\/10\/wedding-photographer-switzerland-9860-1-200x300.jpg 200w, https:\/\/lindaotterstedt.com\/wp-content\/uploads\/2019\/10\/wedding-photographer-switzerland-9860-1-768x1151.jpg 768w, https:\/\/lindaotterstedt.com\/wp-content\/uploads\/2019\/10\/wedding-photographer-switzerland-9860-1-1068x1600.jpg 1068w, https:\/\/lindaotterstedt.com\/wp-content\/uploads\/2019\/10\/wedding-photographer-switzerland-9860-1.jpg 1602w\" sizes=\"(max-width: 684px) 100vw, 684px\" \/><\/figure>\n\n\n<figure class=\"wp-block-image\"><img loading=\"lazy\" decoding=\"async\" width=\"1024\" height=\"684\" data-id=\"370\" src=\"https:\/\/lindaotterstedt.com\/wp-content\/uploads\/2019\/10\/wedding-photographer-switzerland-9889-1-1024x684.jpg\" alt=\"\" class=\"wp-image-370\" srcset=\"https:\/\/lindaotterstedt.com\/wp-content\/uploads\/2019\/10\/wedding-photographer-switzerland-9889-1-1024x684.jpg 1024w, https:\/\/lindaotterstedt.com\/wp-content\/uploads\/2019\/10\/wedding-photographer-switzerland-9889-1-300x200.jpg 300w, https:\/\/lindaotterstedt.com\/wp-content\/uploads\/2019\/10\/wedding-photographer-switzerland-9889-1-768x513.jpg 768w, https:\/\/lindaotterstedt.com\/wp-content\/uploads\/2019\/10\/wedding-photographer-switzerland-9889-1-1600x1068.jpg 1600w\" sizes=\"(max-width: 1024px) 100vw, 1024px\" \/><\/figure>\n\n\n<figure class=\"wp-block-image\"><img loading=\"lazy\" decoding=\"async\" width=\"1024\" height=\"684\" data-id=\"371\" src=\"https:\/\/lindaotterstedt.com\/wp-content\/uploads\/2019\/10\/wedding-photographer-switzerland-9899-1-1024x684.jpg\" alt=\"\" class=\"wp-image-371\" srcset=\"https:\/\/lindaotterstedt.com\/wp-content\/uploads\/2019\/10\/wedding-photographer-switzerland-9899-1-1024x684.jpg 1024w, https:\/\/lindaotterstedt.com\/wp-content\/uploads\/2019\/10\/wedding-photographer-switzerland-9899-1-300x200.jpg 300w, https:\/\/lindaotterstedt.com\/wp-content\/uploads\/2019\/10\/wedding-photographer-switzerland-9899-1-768x513.jpg 768w, https:\/\/lindaotterstedt.com\/wp-content\/uploads\/2019\/10\/wedding-photographer-switzerland-9899-1-1600x1068.jpg 1600w\" sizes=\"(max-width: 1024px) 100vw, 1024px\" \/><\/figure>\n\n\n<figure class=\"wp-block-image\"><img loading=\"lazy\" decoding=\"async\" width=\"684\" height=\"1024\" data-id=\"380\" src=\"https:\/\/lindaotterstedt.com\/wp-content\/uploads\/2019\/10\/wedding-photographer-switzerland-9653-1-684x1024.jpg\" alt=\"\" class=\"wp-image-380\" srcset=\"https:\/\/lindaotterstedt.com\/wp-content\/uploads\/2019\/10\/wedding-photographer-switzerland-9653-1-684x1024.jpg 684w, https:\/\/lindaotterstedt.com\/wp-content\/uploads\/2019\/10\/wedding-photographer-switzerland-9653-1-200x300.jpg 200w, https:\/\/lindaotterstedt.com\/wp-content\/uploads\/2019\/10\/wedding-photographer-switzerland-9653-1-768x1151.jpg 768w, https:\/\/lindaotterstedt.com\/wp-content\/uploads\/2019\/10\/wedding-photographer-switzerland-9653-1-1068x1600.jpg 1068w, https:\/\/lindaotterstedt.com\/wp-content\/uploads\/2019\/10\/wedding-photographer-switzerland-9653-1.jpg 1602w\" sizes=\"(max-width: 684px) 100vw, 684px\" \/><\/figure><\/figure>\n","protected":false},"excerpt":{"rendered":"<p>En br\u00f6llopsdr\u00f6m! Att ha ett br\u00f6llop p\u00e5 Portes Des Iris i Lausanne \u00e4r ren gl\u00e4dje, lycka och k\u00e4rlek. Den \u00e4r s\u00e5 vacker! Om du ska gifta dig och vill kontakta mig s\u00e5 fort som m\u00f6jligt &#8211; klicka h\u00e4r. Ett \u00e5skv\u00e4der inledde br\u00f6llopet Dagen startade i Abbey of Romainm\u00f4tier , 30 minuter utanf\u00f6r Lausanne. Det var [&hellip;]<\/p>\n","protected":false},"author":4,"featured_media":2319,"comment_status":"open","ping_status":"open","sticky":false,"template":"","format":"standard","meta":{"_et_pb_use_builder":"","_et_pb_old_content":"","_et_gb_content_width":"","footnotes":""},"categories":[86],"tags":[],"class_list":["post-3171","post","type-post","status-publish","format-standard","has-post-thumbnail","hentry","category-brollop"],"yoast_head":"<!-- This site is optimized with the Yoast SEO plugin v28.2 - https:\/\/yoast.com\/product\/yoast-seo-wordpress\/ -->\n<title>Br\u00f6llop p\u00e5 Portes Des Iris - Linda Otterstedt Photography<\/title>\n<meta name=\"robots\" content=\"index, follow, max-snippet:-1, max-image-preview:large, max-video-preview:-1\" \/>\n<link rel=\"canonical\" href=\"https:\/\/lindaotterstedt.com\/sv\/brollop-pa-portes-des-iris-lausanne\/\" \/>\n<meta property=\"og:locale\" content=\"sv_SE\" \/>\n<meta property=\"og:type\" content=\"article\" \/>\n<meta property=\"og:title\" content=\"Br\u00f6llop p\u00e5 Portes Des Iris - Linda Otterstedt Photography\" \/>\n<meta property=\"og:description\" content=\"En br\u00f6llopsdr\u00f6m! Att ha ett br\u00f6llop p\u00e5 Portes Des Iris i Lausanne \u00e4r ren gl\u00e4dje, lycka och k\u00e4rlek. Den \u00e4r s\u00e5 vacker! Om du ska gifta dig och vill kontakta mig s\u00e5 fort som m\u00f6jligt &#8211; klicka h\u00e4r. Ett \u00e5skv\u00e4der inledde br\u00f6llopet Dagen startade i Abbey of Romainm\u00f4tier , 30 minuter utanf\u00f6r Lausanne. Det var [&hellip;]\" \/>\n<meta property=\"og:url\" content=\"https:\/\/lindaotterstedt.com\/sv\/brollop-pa-portes-des-iris-lausanne\/\" \/>\n<meta property=\"og:site_name\" content=\"Linda Otterstedt Photography\" \/>\n<meta property=\"article:publisher\" content=\"https:\/\/www.facebook.com\/lindaotterstedtphotography\" \/>\n<meta property=\"article:published_time\" content=\"2019-11-06T15:56:07+00:00\" \/>\n<meta property=\"article:modified_time\" content=\"2023-01-07T22:58:24+00:00\" \/>\n<meta property=\"og:image\" content=\"https:\/\/lindaotterstedt.com\/wp-content\/uploads\/2019\/11\/Wedding-2019-9587_cropped-1.jpg\" \/>\n\t<meta property=\"og:image:width\" content=\"2000\" \/>\n\t<meta property=\"og:image:height\" content=\"1350\" \/>\n\t<meta property=\"og:image:type\" content=\"image\/jpeg\" \/>\n<meta name=\"author\" content=\"lotterstedt\" \/>\n<meta name=\"twitter:card\" content=\"summary_large_image\" \/>\n<meta name=\"twitter:label1\" content=\"Skriven av\" \/>\n\t<meta name=\"twitter:data1\" content=\"lotterstedt\" \/>\n\t<meta name=\"twitter:label2\" content=\"Ber\u00e4knad l\u00e4stid\" \/>\n\t<meta name=\"twitter:data2\" content=\"3 minuter\" \/>\n<script type=\"application\/ld+json\" class=\"yoast-schema-graph\">{\"@context\":\"https:\\\/\\\/schema.org\",\"@graph\":[{\"@type\":\"Article\",\"@id\":\"https:\\\/\\\/lindaotterstedt.com\\\/sv\\\/brollop-pa-portes-des-iris-lausanne\\\/#article\",\"isPartOf\":{\"@id\":\"https:\\\/\\\/lindaotterstedt.com\\\/sv\\\/brollop-pa-portes-des-iris-lausanne\\\/\"},\"author\":{\"name\":\"lotterstedt\",\"@id\":\"https:\\\/\\\/lindaotterstedt.com\\\/sv\\\/#\\\/schema\\\/person\\\/d0a3e198c5e20dccae960da72784d717\"},\"headline\":\"Br\u00f6llop p\u00e5 Portes Des Iris\",\"datePublished\":\"2019-11-06T15:56:07+00:00\",\"dateModified\":\"2023-01-07T22:58:24+00:00\",\"mainEntityOfPage\":{\"@id\":\"https:\\\/\\\/lindaotterstedt.com\\\/sv\\\/brollop-pa-portes-des-iris-lausanne\\\/\"},\"wordCount\":567,\"commentCount\":0,\"publisher\":{\"@id\":\"https:\\\/\\\/lindaotterstedt.com\\\/sv\\\/#organization\"},\"image\":{\"@id\":\"https:\\\/\\\/lindaotterstedt.com\\\/sv\\\/brollop-pa-portes-des-iris-lausanne\\\/#primaryimage\"},\"thumbnailUrl\":\"https:\\\/\\\/lindaotterstedt.com\\\/wp-content\\\/uploads\\\/2019\\\/11\\\/Wedding-2019-9587_cropped-1.jpg\",\"articleSection\":[\"Br\u00f6llop\"],\"inLanguage\":\"sv-SE\",\"potentialAction\":[{\"@type\":\"CommentAction\",\"name\":\"Comment\",\"target\":[\"https:\\\/\\\/lindaotterstedt.com\\\/sv\\\/brollop-pa-portes-des-iris-lausanne\\\/#respond\"]}]},{\"@type\":\"WebPage\",\"@id\":\"https:\\\/\\\/lindaotterstedt.com\\\/sv\\\/brollop-pa-portes-des-iris-lausanne\\\/\",\"url\":\"https:\\\/\\\/lindaotterstedt.com\\\/sv\\\/brollop-pa-portes-des-iris-lausanne\\\/\",\"name\":\"Br\u00f6llop p\u00e5 Portes Des Iris - Linda Otterstedt Photography\",\"isPartOf\":{\"@id\":\"https:\\\/\\\/lindaotterstedt.com\\\/sv\\\/#website\"},\"primaryImageOfPage\":{\"@id\":\"https:\\\/\\\/lindaotterstedt.com\\\/sv\\\/brollop-pa-portes-des-iris-lausanne\\\/#primaryimage\"},\"image\":{\"@id\":\"https:\\\/\\\/lindaotterstedt.com\\\/sv\\\/brollop-pa-portes-des-iris-lausanne\\\/#primaryimage\"},\"thumbnailUrl\":\"https:\\\/\\\/lindaotterstedt.com\\\/wp-content\\\/uploads\\\/2019\\\/11\\\/Wedding-2019-9587_cropped-1.jpg\",\"datePublished\":\"2019-11-06T15:56:07+00:00\",\"dateModified\":\"2023-01-07T22:58:24+00:00\",\"breadcrumb\":{\"@id\":\"https:\\\/\\\/lindaotterstedt.com\\\/sv\\\/brollop-pa-portes-des-iris-lausanne\\\/#breadcrumb\"},\"inLanguage\":\"sv-SE\",\"potentialAction\":[{\"@type\":\"ReadAction\",\"target\":[\"https:\\\/\\\/lindaotterstedt.com\\\/sv\\\/brollop-pa-portes-des-iris-lausanne\\\/\"]}]},{\"@type\":\"ImageObject\",\"inLanguage\":\"sv-SE\",\"@id\":\"https:\\\/\\\/lindaotterstedt.com\\\/sv\\\/brollop-pa-portes-des-iris-lausanne\\\/#primaryimage\",\"url\":\"https:\\\/\\\/lindaotterstedt.com\\\/wp-content\\\/uploads\\\/2019\\\/11\\\/Wedding-2019-9587_cropped-1.jpg\",\"contentUrl\":\"https:\\\/\\\/lindaotterstedt.com\\\/wp-content\\\/uploads\\\/2019\\\/11\\\/Wedding-2019-9587_cropped-1.jpg\",\"width\":2000,\"height\":1350},{\"@type\":\"BreadcrumbList\",\"@id\":\"https:\\\/\\\/lindaotterstedt.com\\\/sv\\\/brollop-pa-portes-des-iris-lausanne\\\/#breadcrumb\",\"itemListElement\":[{\"@type\":\"ListItem\",\"position\":1,\"name\":\"Home\",\"item\":\"https:\\\/\\\/lindaotterstedt.com\\\/sv\\\/\"},{\"@type\":\"ListItem\",\"position\":2,\"name\":\"Br\u00f6llop p\u00e5 Portes Des Iris\"}]},{\"@type\":\"WebSite\",\"@id\":\"https:\\\/\\\/lindaotterstedt.com\\\/sv\\\/#website\",\"url\":\"https:\\\/\\\/lindaotterstedt.com\\\/sv\\\/\",\"name\":\"Linda Otterstedt Photography\",\"description\":\"Photography for generations to come\",\"publisher\":{\"@id\":\"https:\\\/\\\/lindaotterstedt.com\\\/sv\\\/#organization\"},\"potentialAction\":[{\"@type\":\"SearchAction\",\"target\":{\"@type\":\"EntryPoint\",\"urlTemplate\":\"https:\\\/\\\/lindaotterstedt.com\\\/sv\\\/?s={search_term_string}\"},\"query-input\":{\"@type\":\"PropertyValueSpecification\",\"valueRequired\":true,\"valueName\":\"search_term_string\"}}],\"inLanguage\":\"sv-SE\"},{\"@type\":\"Organization\",\"@id\":\"https:\\\/\\\/lindaotterstedt.com\\\/sv\\\/#organization\",\"name\":\"Linda Otterstedt Photography\",\"alternateName\":\"LOP\",\"url\":\"https:\\\/\\\/lindaotterstedt.com\\\/sv\\\/\",\"logo\":{\"@type\":\"ImageObject\",\"inLanguage\":\"sv-SE\",\"@id\":\"https:\\\/\\\/lindaotterstedt.com\\\/sv\\\/#\\\/schema\\\/logo\\\/image\\\/\",\"url\":\"https:\\\/\\\/lindaotterstedt.com\\\/wp-content\\\/uploads\\\/2023\\\/03\\\/1400_LOGO_Linda_Otterstedt_Standard_Logo_Transparent-copy.png\",\"contentUrl\":\"https:\\\/\\\/lindaotterstedt.com\\\/wp-content\\\/uploads\\\/2023\\\/03\\\/1400_LOGO_Linda_Otterstedt_Standard_Logo_Transparent-copy.png\",\"width\":2684,\"height\":1400,\"caption\":\"Linda Otterstedt Photography\"},\"image\":{\"@id\":\"https:\\\/\\\/lindaotterstedt.com\\\/sv\\\/#\\\/schema\\\/logo\\\/image\\\/\"},\"sameAs\":[\"https:\\\/\\\/www.facebook.com\\\/lindaotterstedtphotography\",\"https:\\\/\\\/www.instagram.com\\\/worldphotographer\",\"https:\\\/\\\/www.instagram.com\\\/worldphotographer_weddings\",\"https:\\\/\\\/www.linkedin.com\\\/in\\\/linda-otterstedt-1886235\\\/\"]},{\"@type\":\"Person\",\"@id\":\"https:\\\/\\\/lindaotterstedt.com\\\/sv\\\/#\\\/schema\\\/person\\\/d0a3e198c5e20dccae960da72784d717\",\"name\":\"lotterstedt\",\"description\":\"Hi and welcome to my page! I'm Linda, I'm Swedish but I'm something else too. I'm an expat. I have lived out of Sweden since year 2000, in 9 different countries around the world. For now I'm in Lausanne, Switzerland and I love this place. I'm willing to travel for work, just let me know where you need me. See ya! \\\/LINDA\",\"sameAs\":[\"http:\\\/\\\/www.lindaotterstedt.com\"]}]}<\/script>\n<!-- \/ Yoast SEO plugin. -->","yoast_head_json":{"title":"Br\u00f6llop p\u00e5 Portes Des Iris - Linda Otterstedt Photography","robots":{"index":"index","follow":"follow","max-snippet":"max-snippet:-1","max-image-preview":"max-image-preview:large","max-video-preview":"max-video-preview:-1"},"canonical":"https:\/\/lindaotterstedt.com\/sv\/brollop-pa-portes-des-iris-lausanne\/","og_locale":"sv_SE","og_type":"article","og_title":"Br\u00f6llop p\u00e5 Portes Des Iris - Linda Otterstedt Photography","og_description":"En br\u00f6llopsdr\u00f6m! Att ha ett br\u00f6llop p\u00e5 Portes Des Iris i Lausanne \u00e4r ren gl\u00e4dje, lycka och k\u00e4rlek. Den \u00e4r s\u00e5 vacker! Om du ska gifta dig och vill kontakta mig s\u00e5 fort som m\u00f6jligt &#8211; klicka h\u00e4r. Ett \u00e5skv\u00e4der inledde br\u00f6llopet Dagen startade i Abbey of Romainm\u00f4tier , 30 minuter utanf\u00f6r Lausanne. Det var [&hellip;]","og_url":"https:\/\/lindaotterstedt.com\/sv\/brollop-pa-portes-des-iris-lausanne\/","og_site_name":"Linda Otterstedt Photography","article_publisher":"https:\/\/www.facebook.com\/lindaotterstedtphotography","article_published_time":"2019-11-06T15:56:07+00:00","article_modified_time":"2023-01-07T22:58:24+00:00","og_image":[{"width":2000,"height":1350,"url":"https:\/\/lindaotterstedt.com\/wp-content\/uploads\/2019\/11\/Wedding-2019-9587_cropped-1.jpg","type":"image\/jpeg"}],"author":"lotterstedt","twitter_card":"summary_large_image","twitter_misc":{"Skriven av":"lotterstedt","Ber\u00e4knad l\u00e4stid":"3 minuter"},"schema":{"@context":"https:\/\/schema.org","@graph":[{"@type":"Article","@id":"https:\/\/lindaotterstedt.com\/sv\/brollop-pa-portes-des-iris-lausanne\/#article","isPartOf":{"@id":"https:\/\/lindaotterstedt.com\/sv\/brollop-pa-portes-des-iris-lausanne\/"},"author":{"name":"lotterstedt","@id":"https:\/\/lindaotterstedt.com\/sv\/#\/schema\/person\/d0a3e198c5e20dccae960da72784d717"},"headline":"Br\u00f6llop p\u00e5 Portes Des Iris","datePublished":"2019-11-06T15:56:07+00:00","dateModified":"2023-01-07T22:58:24+00:00","mainEntityOfPage":{"@id":"https:\/\/lindaotterstedt.com\/sv\/brollop-pa-portes-des-iris-lausanne\/"},"wordCount":567,"commentCount":0,"publisher":{"@id":"https:\/\/lindaotterstedt.com\/sv\/#organization"},"image":{"@id":"https:\/\/lindaotterstedt.com\/sv\/brollop-pa-portes-des-iris-lausanne\/#primaryimage"},"thumbnailUrl":"https:\/\/lindaotterstedt.com\/wp-content\/uploads\/2019\/11\/Wedding-2019-9587_cropped-1.jpg","articleSection":["Br\u00f6llop"],"inLanguage":"sv-SE","potentialAction":[{"@type":"CommentAction","name":"Comment","target":["https:\/\/lindaotterstedt.com\/sv\/brollop-pa-portes-des-iris-lausanne\/#respond"]}]},{"@type":"WebPage","@id":"https:\/\/lindaotterstedt.com\/sv\/brollop-pa-portes-des-iris-lausanne\/","url":"https:\/\/lindaotterstedt.com\/sv\/brollop-pa-portes-des-iris-lausanne\/","name":"Br\u00f6llop p\u00e5 Portes Des Iris - Linda Otterstedt Photography","isPartOf":{"@id":"https:\/\/lindaotterstedt.com\/sv\/#website"},"primaryImageOfPage":{"@id":"https:\/\/lindaotterstedt.com\/sv\/brollop-pa-portes-des-iris-lausanne\/#primaryimage"},"image":{"@id":"https:\/\/lindaotterstedt.com\/sv\/brollop-pa-portes-des-iris-lausanne\/#primaryimage"},"thumbnailUrl":"https:\/\/lindaotterstedt.com\/wp-content\/uploads\/2019\/11\/Wedding-2019-9587_cropped-1.jpg","datePublished":"2019-11-06T15:56:07+00:00","dateModified":"2023-01-07T22:58:24+00:00","breadcrumb":{"@id":"https:\/\/lindaotterstedt.com\/sv\/brollop-pa-portes-des-iris-lausanne\/#breadcrumb"},"inLanguage":"sv-SE","potentialAction":[{"@type":"ReadAction","target":["https:\/\/lindaotterstedt.com\/sv\/brollop-pa-portes-des-iris-lausanne\/"]}]},{"@type":"ImageObject","inLanguage":"sv-SE","@id":"https:\/\/lindaotterstedt.com\/sv\/brollop-pa-portes-des-iris-lausanne\/#primaryimage","url":"https:\/\/lindaotterstedt.com\/wp-content\/uploads\/2019\/11\/Wedding-2019-9587_cropped-1.jpg","contentUrl":"https:\/\/lindaotterstedt.com\/wp-content\/uploads\/2019\/11\/Wedding-2019-9587_cropped-1.jpg","width":2000,"height":1350},{"@type":"BreadcrumbList","@id":"https:\/\/lindaotterstedt.com\/sv\/brollop-pa-portes-des-iris-lausanne\/#breadcrumb","itemListElement":[{"@type":"ListItem","position":1,"name":"Home","item":"https:\/\/lindaotterstedt.com\/sv\/"},{"@type":"ListItem","position":2,"name":"Br\u00f6llop p\u00e5 Portes Des Iris"}]},{"@type":"WebSite","@id":"https:\/\/lindaotterstedt.com\/sv\/#website","url":"https:\/\/lindaotterstedt.com\/sv\/","name":"Linda Otterstedt Photography","description":"Photography for generations to come","publisher":{"@id":"https:\/\/lindaotterstedt.com\/sv\/#organization"},"potentialAction":[{"@type":"SearchAction","target":{"@type":"EntryPoint","urlTemplate":"https:\/\/lindaotterstedt.com\/sv\/?s={search_term_string}"},"query-input":{"@type":"PropertyValueSpecification","valueRequired":true,"valueName":"search_term_string"}}],"inLanguage":"sv-SE"},{"@type":"Organization","@id":"https:\/\/lindaotterstedt.com\/sv\/#organization","name":"Linda Otterstedt Photography","alternateName":"LOP","url":"https:\/\/lindaotterstedt.com\/sv\/","logo":{"@type":"ImageObject","inLanguage":"sv-SE","@id":"https:\/\/lindaotterstedt.com\/sv\/#\/schema\/logo\/image\/","url":"https:\/\/lindaotterstedt.com\/wp-content\/uploads\/2023\/03\/1400_LOGO_Linda_Otterstedt_Standard_Logo_Transparent-copy.png","contentUrl":"https:\/\/lindaotterstedt.com\/wp-content\/uploads\/2023\/03\/1400_LOGO_Linda_Otterstedt_Standard_Logo_Transparent-copy.png","width":2684,"height":1400,"caption":"Linda Otterstedt Photography"},"image":{"@id":"https:\/\/lindaotterstedt.com\/sv\/#\/schema\/logo\/image\/"},"sameAs":["https:\/\/www.facebook.com\/lindaotterstedtphotography","https:\/\/www.instagram.com\/worldphotographer","https:\/\/www.instagram.com\/worldphotographer_weddings","https:\/\/www.linkedin.com\/in\/linda-otterstedt-1886235\/"]},{"@type":"Person","@id":"https:\/\/lindaotterstedt.com\/sv\/#\/schema\/person\/d0a3e198c5e20dccae960da72784d717","name":"lotterstedt","description":"Hi and welcome to my page! I'm Linda, I'm Swedish but I'm something else too. I'm an expat. I have lived out of Sweden since year 2000, in 9 different countries around the world. For now I'm in Lausanne, Switzerland and I love this place. I'm willing to travel for work, just let me know where you need me. See ya! \/LINDA","sameAs":["http:\/\/www.lindaotterstedt.com"]}]}},"_links":{"self":[{"href":"https:\/\/lindaotterstedt.com\/sv\/wp-json\/wp\/v2\/posts\/3171","targetHints":{"allow":["GET"]}}],"collection":[{"href":"https:\/\/lindaotterstedt.com\/sv\/wp-json\/wp\/v2\/posts"}],"about":[{"href":"https:\/\/lindaotterstedt.com\/sv\/wp-json\/wp\/v2\/types\/post"}],"author":[{"embeddable":true,"href":"https:\/\/lindaotterstedt.com\/sv\/wp-json\/wp\/v2\/users\/4"}],"replies":[{"embeddable":true,"href":"https:\/\/lindaotterstedt.com\/sv\/wp-json\/wp\/v2\/comments?post=3171"}],"version-history":[{"count":3,"href":"https:\/\/lindaotterstedt.com\/sv\/wp-json\/wp\/v2\/posts\/3171\/revisions"}],"predecessor-version":[{"id":5177,"href":"https:\/\/lindaotterstedt.com\/sv\/wp-json\/wp\/v2\/posts\/3171\/revisions\/5177"}],"wp:featuredmedia":[{"embeddable":true,"href":"https:\/\/lindaotterstedt.com\/sv\/wp-json\/wp\/v2\/media\/2319"}],"wp:attachment":[{"href":"https:\/\/lindaotterstedt.com\/sv\/wp-json\/wp\/v2\/media?parent=3171"}],"wp:term":[{"taxonomy":"category","embeddable":true,"href":"https:\/\/lindaotterstedt.com\/sv\/wp-json\/wp\/v2\/categories?post=3171"},{"taxonomy":"post_tag","embeddable":true,"href":"https:\/\/lindaotterstedt.com\/sv\/wp-json\/wp\/v2\/tags?post=3171"}],"curies":[{"name":"wp","href":"https:\/\/api.w.org\/{rel}","templated":true}]}}