{"id":3173,"date":"2019-10-31T22:03:20","date_gmt":"2019-10-31T21:03:20","guid":{"rendered":"https:\/\/lindaotterstedt-com.lyricalstaging.com\/hostsession-i-geneve\/"},"modified":"2022-10-24T22:51:26","modified_gmt":"2022-10-24T20:51:26","slug":"hostsession-i-geneve","status":"publish","type":"post","link":"https:\/\/lindaotterstedt.com\/sv\/hostsession-i-geneve\/","title":{"rendered":"Familjefotografering p\u00e5 h\u00f6sten i Gen\u00e8ve"},"content":{"rendered":"\n<p class=\"wp-block-paragraph\">\u00c4r det inte vackert ute nu?<\/p>\n\n<p class=\"wp-block-paragraph\">Vi \u00e4r precis ig\u00e5ng n\u00e4r tr\u00e4den byter f\u00e4rg till gult, r\u00f6tt och lila. Jag \u00e4lskar v\u00e5ra olika \u00e5rstider. Jag bodde runt ekvatorn i 12 \u00e5r och jag saknade alltid de olika \u00e5rstiderna. N\u00e4r dagarna s\u00e5g mulna ut t\u00e4nkte jag: \u00e4ntligen lite moln, jag tog p\u00e5 mig jeansen och en tr\u00f6ja &#8211; kom ut och det var fortfarande 30 grader ute. Nu bor jag \u00e4ntligen i ett land med \u00e5rstider, jag \u00e4r inte det st\u00f6rsta fan av \u00e5rstidernas v\u00e4xlingar, men n\u00e4r alla tr\u00e4d har skiftat fr\u00e5n gr\u00f6nt till r\u00f6tt och l\u00f6ven ligger p\u00e5 marken \u00e4lskar jag den nya \u00e5rstiden som vi \u00e4r inne.<\/p>\n\n<p class=\"wp-block-paragraph\">\u00c4ntligen n\u00e4r jag bor i ett land med s\u00e4songer gillar jag inte n\u00e4r f\u00f6r\u00e4ndringarna kommer, men n\u00e4r det \u00e4r klart \u00e4lskar jag s\u00e4songen vi \u00e4r inne i. <\/p>\n\n<figure class=\"wp-block-image\"><img loading=\"lazy\" decoding=\"async\" width=\"1024\" height=\"684\" src=\"https:\/\/lindaotterstedt.com\/wp-content\/uploads\/2019\/10\/family-photographer-switzerland-9040-1-1024x684.jpg\" alt=\"\" class=\"wp-image-241\" srcset=\"https:\/\/lindaotterstedt.com\/wp-content\/uploads\/2019\/10\/family-photographer-switzerland-9040-1-1024x684.jpg 1024w, https:\/\/lindaotterstedt.com\/wp-content\/uploads\/2019\/10\/family-photographer-switzerland-9040-1-300x200.jpg 300w, https:\/\/lindaotterstedt.com\/wp-content\/uploads\/2019\/10\/family-photographer-switzerland-9040-1-768x513.jpg 768w, https:\/\/lindaotterstedt.com\/wp-content\/uploads\/2019\/10\/family-photographer-switzerland-9040-1-1600x1068.jpg 1600w\" sizes=\"(max-width: 1024px) 100vw, 1024px\" \/><\/figure>\n<p class=\"wp-block-paragraph\">Nu n\u00e4r det \u00e4r h\u00f6st har Schweiz \u00e5terigen klarat sig med de h\u00e4rliga varma dagarna och n\u00e5gra vackra solnedg\u00e5ngar. Varma dagar och krispig luft, sol och f\u00e4rger som skiftar runt omkring oss. F\u00f6rutom idag &#8211; kraftigt regn och lite m\u00f6rkt. En perfekt dag att sitta vid datorn och blogga, och visa er denna supers\u00f6ta familj p\u00e5 fyra fr\u00e5n en fotosession i Gen\u00e8ve. Den h\u00e4r lilla flickan stal mitt hj\u00e4rta. H\u00e4r \u00e4r n\u00e5gra ord fr\u00e5n mamman som jag fick en morgon efter att hon sett bilderna &#8211; hon gjorde min dag!<\/p>\n\n<p class=\"wp-block-paragraph\">&#8221;Tack Linda!!!!!!!!!!!!!! oss men med min dotter \u00e4r fantastiskt. Jag har massor av foton p\u00e5 henne med det falska leendet efter 50 choklad, men det h\u00e4r \u00e4r hon och hennes riktiga leende bara hela henne. Vi \u00e4lskar dem. Efter att ha sett dem har jag redan en id\u00e9 f\u00f6r n\u00e4sta bild session som jag tror skulle vara vacker.&#8221; <\/p>\n\n<p class=\"wp-block-paragraph\">Nu vet jag vilken fotografering vi ska g\u00f6ra. Jag \u00e5terkommer med en annan blogg om den fotograferingen. Det kommer att bli fantastiskt! Jippie! <\/p>\n\n<ul class=\"wp-block-gallery columns-0 is-cropped wp-block-gallery-1 is-layout-flex wp-block-gallery-is-layout-flex\"><\/ul>\n<ul class=\"wp-block-gallery columns-3 is-cropped wp-block-gallery-2 is-layout-flex wp-block-gallery-is-layout-flex\"><li class=\"blocks-gallery-item\"><figure><img loading=\"lazy\" decoding=\"async\" width=\"684\" height=\"1024\" src=\"https:\/\/lindaotterstedt.com\/wp-content\/uploads\/2019\/10\/family-photographer-switzerland-8786-684x1024.jpg\" alt=\"\" data-id=\"225\" data-link=\"https:\/\/lindaotterstedt.com\/?attachment_id=225\" class=\"wp-image-225\" srcset=\"https:\/\/lindaotterstedt.com\/wp-content\/uploads\/2019\/10\/family-photographer-switzerland-8786-684x1024.jpg 684w, https:\/\/lindaotterstedt.com\/wp-content\/uploads\/2019\/10\/family-photographer-switzerland-8786-200x300.jpg 200w, https:\/\/lindaotterstedt.com\/wp-content\/uploads\/2019\/10\/family-photographer-switzerland-8786-768x1151.jpg 768w, https:\/\/lindaotterstedt.com\/wp-content\/uploads\/2019\/10\/family-photographer-switzerland-8786-1068x1600.jpg 1068w, https:\/\/lindaotterstedt.com\/wp-content\/uploads\/2019\/10\/family-photographer-switzerland-8786.jpg 1602w\" sizes=\"(max-width: 684px) 100vw, 684px\" \/><\/figure><\/li><li class=\"blocks-gallery-item\"><figure><img loading=\"lazy\" decoding=\"async\" width=\"684\" height=\"1024\" src=\"https:\/\/lindaotterstedt.com\/wp-content\/uploads\/2019\/10\/family-photographer-switzerland-8792-684x1024.jpg\" alt=\"\" data-id=\"226\" data-link=\"https:\/\/lindaotterstedt.com\/?attachment_id=226\" class=\"wp-image-226\" srcset=\"https:\/\/lindaotterstedt.com\/wp-content\/uploads\/2019\/10\/family-photographer-switzerland-8792-684x1024.jpg 684w, https:\/\/lindaotterstedt.com\/wp-content\/uploads\/2019\/10\/family-photographer-switzerland-8792-200x300.jpg 200w, https:\/\/lindaotterstedt.com\/wp-content\/uploads\/2019\/10\/family-photographer-switzerland-8792-768x1151.jpg 768w, https:\/\/lindaotterstedt.com\/wp-content\/uploads\/2019\/10\/family-photographer-switzerland-8792-1068x1600.jpg 1068w, https:\/\/lindaotterstedt.com\/wp-content\/uploads\/2019\/10\/family-photographer-switzerland-8792.jpg 1602w\" sizes=\"(max-width: 684px) 100vw, 684px\" \/><\/figure><\/li><li class=\"blocks-gallery-item\"><figure><img loading=\"lazy\" decoding=\"async\" width=\"684\" height=\"1024\" src=\"https:\/\/lindaotterstedt.com\/wp-content\/uploads\/2019\/10\/family-photographer-switzerland-8821-684x1024.jpg\" alt=\"\" data-id=\"227\" data-link=\"https:\/\/lindaotterstedt.com\/?attachment_id=227\" class=\"wp-image-227\" srcset=\"https:\/\/lindaotterstedt.com\/wp-content\/uploads\/2019\/10\/family-photographer-switzerland-8821-684x1024.jpg 684w, https:\/\/lindaotterstedt.com\/wp-content\/uploads\/2019\/10\/family-photographer-switzerland-8821-200x300.jpg 200w, https:\/\/lindaotterstedt.com\/wp-content\/uploads\/2019\/10\/family-photographer-switzerland-8821-768x1151.jpg 768w, https:\/\/lindaotterstedt.com\/wp-content\/uploads\/2019\/10\/family-photographer-switzerland-8821-1068x1600.jpg 1068w, https:\/\/lindaotterstedt.com\/wp-content\/uploads\/2019\/10\/family-photographer-switzerland-8821.jpg 1602w\" sizes=\"(max-width: 684px) 100vw, 684px\" \/><\/figure><\/li><li class=\"blocks-gallery-item\"><figure><img loading=\"lazy\" decoding=\"async\" width=\"1024\" height=\"684\" src=\"https:\/\/lindaotterstedt.com\/wp-content\/uploads\/2019\/10\/family-photographer-switzerland-8850-1024x684.jpg\" alt=\"\" data-id=\"228\" data-link=\"https:\/\/lindaotterstedt.com\/?attachment_id=228\" class=\"wp-image-228\" srcset=\"https:\/\/lindaotterstedt.com\/wp-content\/uploads\/2019\/10\/family-photographer-switzerland-8850-1024x684.jpg 1024w, https:\/\/lindaotterstedt.com\/wp-content\/uploads\/2019\/10\/family-photographer-switzerland-8850-300x200.jpg 300w, https:\/\/lindaotterstedt.com\/wp-content\/uploads\/2019\/10\/family-photographer-switzerland-8850-768x513.jpg 768w, https:\/\/lindaotterstedt.com\/wp-content\/uploads\/2019\/10\/family-photographer-switzerland-8850-1600x1068.jpg 1600w\" sizes=\"(max-width: 1024px) 100vw, 1024px\" \/><\/figure><\/li><li class=\"blocks-gallery-item\"><figure><img loading=\"lazy\" decoding=\"async\" width=\"684\" height=\"1024\" src=\"https:\/\/lindaotterstedt.com\/wp-content\/uploads\/2019\/10\/family-photographer-switzerland-8858-684x1024.jpg\" alt=\"\" data-id=\"229\" data-link=\"https:\/\/lindaotterstedt.com\/?attachment_id=229\" class=\"wp-image-229\" srcset=\"https:\/\/lindaotterstedt.com\/wp-content\/uploads\/2019\/10\/family-photographer-switzerland-8858-684x1024.jpg 684w, https:\/\/lindaotterstedt.com\/wp-content\/uploads\/2019\/10\/family-photographer-switzerland-8858-200x300.jpg 200w, https:\/\/lindaotterstedt.com\/wp-content\/uploads\/2019\/10\/family-photographer-switzerland-8858-768x1151.jpg 768w, https:\/\/lindaotterstedt.com\/wp-content\/uploads\/2019\/10\/family-photographer-switzerland-8858-1068x1600.jpg 1068w, https:\/\/lindaotterstedt.com\/wp-content\/uploads\/2019\/10\/family-photographer-switzerland-8858.jpg 1602w\" sizes=\"(max-width: 684px) 100vw, 684px\" \/><\/figure><\/li><li class=\"blocks-gallery-item\"><figure><img loading=\"lazy\" decoding=\"async\" width=\"684\" height=\"1024\" src=\"https:\/\/lindaotterstedt.com\/wp-content\/uploads\/2019\/10\/family-photographer-switzerland-8887-684x1024.jpg\" alt=\"\" data-id=\"230\" data-link=\"https:\/\/lindaotterstedt.com\/?attachment_id=230\" class=\"wp-image-230\" srcset=\"https:\/\/lindaotterstedt.com\/wp-content\/uploads\/2019\/10\/family-photographer-switzerland-8887-684x1024.jpg 684w, https:\/\/lindaotterstedt.com\/wp-content\/uploads\/2019\/10\/family-photographer-switzerland-8887-200x300.jpg 200w, https:\/\/lindaotterstedt.com\/wp-content\/uploads\/2019\/10\/family-photographer-switzerland-8887-768x1151.jpg 768w, https:\/\/lindaotterstedt.com\/wp-content\/uploads\/2019\/10\/family-photographer-switzerland-8887-1068x1600.jpg 1068w, https:\/\/lindaotterstedt.com\/wp-content\/uploads\/2019\/10\/family-photographer-switzerland-8887.jpg 1602w\" sizes=\"(max-width: 684px) 100vw, 684px\" \/><\/figure><\/li><li class=\"blocks-gallery-item\"><figure><img loading=\"lazy\" decoding=\"async\" width=\"1024\" height=\"684\" src=\"https:\/\/lindaotterstedt.com\/wp-content\/uploads\/2019\/10\/family-photographer-switzerland-8911-1024x684.jpg\" alt=\"\" data-id=\"231\" data-link=\"https:\/\/lindaotterstedt.com\/?attachment_id=231\" class=\"wp-image-231\" srcset=\"https:\/\/lindaotterstedt.com\/wp-content\/uploads\/2019\/10\/family-photographer-switzerland-8911-1024x684.jpg 1024w, https:\/\/lindaotterstedt.com\/wp-content\/uploads\/2019\/10\/family-photographer-switzerland-8911-300x200.jpg 300w, https:\/\/lindaotterstedt.com\/wp-content\/uploads\/2019\/10\/family-photographer-switzerland-8911-768x513.jpg 768w, https:\/\/lindaotterstedt.com\/wp-content\/uploads\/2019\/10\/family-photographer-switzerland-8911-1600x1068.jpg 1600w\" sizes=\"(max-width: 1024px) 100vw, 1024px\" \/><\/figure><\/li><li class=\"blocks-gallery-item\"><figure><img loading=\"lazy\" decoding=\"async\" width=\"684\" height=\"1024\" src=\"https:\/\/lindaotterstedt.com\/wp-content\/uploads\/2019\/10\/family-photographer-switzerland-8958-684x1024.jpg\" alt=\"\" data-id=\"232\" data-link=\"https:\/\/lindaotterstedt.com\/?attachment_id=232\" class=\"wp-image-232\" srcset=\"https:\/\/lindaotterstedt.com\/wp-content\/uploads\/2019\/10\/family-photographer-switzerland-8958-684x1024.jpg 684w, https:\/\/lindaotterstedt.com\/wp-content\/uploads\/2019\/10\/family-photographer-switzerland-8958-200x300.jpg 200w, https:\/\/lindaotterstedt.com\/wp-content\/uploads\/2019\/10\/family-photographer-switzerland-8958-768x1151.jpg 768w, https:\/\/lindaotterstedt.com\/wp-content\/uploads\/2019\/10\/family-photographer-switzerland-8958-1068x1600.jpg 1068w, https:\/\/lindaotterstedt.com\/wp-content\/uploads\/2019\/10\/family-photographer-switzerland-8958.jpg 1602w\" sizes=\"(max-width: 684px) 100vw, 684px\" \/><\/figure><\/li><li class=\"blocks-gallery-item\"><figure><img loading=\"lazy\" decoding=\"async\" width=\"1024\" height=\"684\" src=\"https:\/\/lindaotterstedt.com\/wp-content\/uploads\/2019\/10\/family-photographer-switzerland-8989-1024x684.jpg\" alt=\"\" data-id=\"233\" data-link=\"https:\/\/lindaotterstedt.com\/?attachment_id=233\" class=\"wp-image-233\" srcset=\"https:\/\/lindaotterstedt.com\/wp-content\/uploads\/2019\/10\/family-photographer-switzerland-8989-1024x684.jpg 1024w, https:\/\/lindaotterstedt.com\/wp-content\/uploads\/2019\/10\/family-photographer-switzerland-8989-300x200.jpg 300w, https:\/\/lindaotterstedt.com\/wp-content\/uploads\/2019\/10\/family-photographer-switzerland-8989-768x513.jpg 768w, https:\/\/lindaotterstedt.com\/wp-content\/uploads\/2019\/10\/family-photographer-switzerland-8989-1600x1068.jpg 1600w\" sizes=\"(max-width: 1024px) 100vw, 1024px\" \/><\/figure><\/li><li class=\"blocks-gallery-item\"><figure><img loading=\"lazy\" decoding=\"async\" width=\"1024\" height=\"684\" src=\"https:\/\/lindaotterstedt.com\/wp-content\/uploads\/2019\/10\/family-photographer-switzerland-9027-1024x684.jpg\" alt=\"\" data-id=\"234\" data-link=\"https:\/\/lindaotterstedt.com\/?attachment_id=234\" class=\"wp-image-234\" srcset=\"https:\/\/lindaotterstedt.com\/wp-content\/uploads\/2019\/10\/family-photographer-switzerland-9027-1024x684.jpg 1024w, https:\/\/lindaotterstedt.com\/wp-content\/uploads\/2019\/10\/family-photographer-switzerland-9027-300x200.jpg 300w, https:\/\/lindaotterstedt.com\/wp-content\/uploads\/2019\/10\/family-photographer-switzerland-9027-768x513.jpg 768w, https:\/\/lindaotterstedt.com\/wp-content\/uploads\/2019\/10\/family-photographer-switzerland-9027-1600x1068.jpg 1600w\" sizes=\"(max-width: 1024px) 100vw, 1024px\" \/><\/figure><\/li><li class=\"blocks-gallery-item\"><figure><img loading=\"lazy\" decoding=\"async\" width=\"1024\" height=\"684\" src=\"https:\/\/lindaotterstedt.com\/wp-content\/uploads\/2019\/10\/family-photographer-switzerland-9043-1024x684.jpg\" alt=\"\" data-id=\"236\" data-link=\"https:\/\/lindaotterstedt.com\/?attachment_id=236\" class=\"wp-image-236\" srcset=\"https:\/\/lindaotterstedt.com\/wp-content\/uploads\/2019\/10\/family-photographer-switzerland-9043-1024x684.jpg 1024w, https:\/\/lindaotterstedt.com\/wp-content\/uploads\/2019\/10\/family-photographer-switzerland-9043-300x200.jpg 300w, https:\/\/lindaotterstedt.com\/wp-content\/uploads\/2019\/10\/family-photographer-switzerland-9043-768x513.jpg 768w, https:\/\/lindaotterstedt.com\/wp-content\/uploads\/2019\/10\/family-photographer-switzerland-9043-1600x1068.jpg 1600w\" sizes=\"(max-width: 1024px) 100vw, 1024px\" \/><\/figure><\/li><li class=\"blocks-gallery-item\"><figure><img loading=\"lazy\" decoding=\"async\" width=\"1024\" height=\"684\" src=\"https:\/\/lindaotterstedt.com\/wp-content\/uploads\/2019\/10\/family-photographer-switzerland-9104-1024x684.jpg\" alt=\"\" data-id=\"237\" data-link=\"https:\/\/lindaotterstedt.com\/?attachment_id=237\" class=\"wp-image-237\" srcset=\"https:\/\/lindaotterstedt.com\/wp-content\/uploads\/2019\/10\/family-photographer-switzerland-9104-1024x684.jpg 1024w, https:\/\/lindaotterstedt.com\/wp-content\/uploads\/2019\/10\/family-photographer-switzerland-9104-300x200.jpg 300w, https:\/\/lindaotterstedt.com\/wp-content\/uploads\/2019\/10\/family-photographer-switzerland-9104-768x513.jpg 768w, https:\/\/lindaotterstedt.com\/wp-content\/uploads\/2019\/10\/family-photographer-switzerland-9104-1600x1068.jpg 1600w\" sizes=\"(max-width: 1024px) 100vw, 1024px\" \/><\/figure><\/li><li class=\"blocks-gallery-item\"><figure><img loading=\"lazy\" decoding=\"async\" width=\"1024\" height=\"684\" src=\"https:\/\/lindaotterstedt.com\/wp-content\/uploads\/2019\/10\/family-photographer-switzerland-9114-1024x684.jpg\" alt=\"\" data-id=\"238\" data-link=\"https:\/\/lindaotterstedt.com\/?attachment_id=238\" class=\"wp-image-238\" srcset=\"https:\/\/lindaotterstedt.com\/wp-content\/uploads\/2019\/10\/family-photographer-switzerland-9114-1024x684.jpg 1024w, https:\/\/lindaotterstedt.com\/wp-content\/uploads\/2019\/10\/family-photographer-switzerland-9114-300x200.jpg 300w, https:\/\/lindaotterstedt.com\/wp-content\/uploads\/2019\/10\/family-photographer-switzerland-9114-768x513.jpg 768w, https:\/\/lindaotterstedt.com\/wp-content\/uploads\/2019\/10\/family-photographer-switzerland-9114-1600x1068.jpg 1600w\" sizes=\"(max-width: 1024px) 100vw, 1024px\" \/><\/figure><\/li><li class=\"blocks-gallery-item\"><figure><img loading=\"lazy\" decoding=\"async\" width=\"1024\" height=\"684\" src=\"https:\/\/lindaotterstedt.com\/wp-content\/uploads\/2019\/10\/family-photographer-switzerland-9124-1024x684.jpg\" alt=\"\" data-id=\"239\" data-link=\"https:\/\/lindaotterstedt.com\/?attachment_id=239\" class=\"wp-image-239\" srcset=\"https:\/\/lindaotterstedt.com\/wp-content\/uploads\/2019\/10\/family-photographer-switzerland-9124-1024x684.jpg 1024w, https:\/\/lindaotterstedt.com\/wp-content\/uploads\/2019\/10\/family-photographer-switzerland-9124-300x200.jpg 300w, https:\/\/lindaotterstedt.com\/wp-content\/uploads\/2019\/10\/family-photographer-switzerland-9124-768x513.jpg 768w, https:\/\/lindaotterstedt.com\/wp-content\/uploads\/2019\/10\/family-photographer-switzerland-9124-1600x1068.jpg 1600w\" sizes=\"(max-width: 1024px) 100vw, 1024px\" \/><\/figure><\/li><li class=\"blocks-gallery-item\"><figure><img loading=\"lazy\" decoding=\"async\" width=\"1024\" height=\"684\" src=\"https:\/\/lindaotterstedt.com\/wp-content\/uploads\/2019\/10\/family-photographer-switzerland-9132-1024x684.jpg\" alt=\"\" data-id=\"240\" data-link=\"https:\/\/lindaotterstedt.com\/?attachment_id=240\" class=\"wp-image-240\" srcset=\"https:\/\/lindaotterstedt.com\/wp-content\/uploads\/2019\/10\/family-photographer-switzerland-9132-1024x684.jpg 1024w, https:\/\/lindaotterstedt.com\/wp-content\/uploads\/2019\/10\/family-photographer-switzerland-9132-300x200.jpg 300w, https:\/\/lindaotterstedt.com\/wp-content\/uploads\/2019\/10\/family-photographer-switzerland-9132-768x513.jpg 768w, https:\/\/lindaotterstedt.com\/wp-content\/uploads\/2019\/10\/family-photographer-switzerland-9132-1600x1068.jpg 1600w\" sizes=\"(max-width: 1024px) 100vw, 1024px\" \/><\/figure><\/li><li class=\"blocks-gallery-item\"><figure><img loading=\"lazy\" decoding=\"async\" width=\"1024\" height=\"684\" src=\"https:\/\/lindaotterstedt.com\/wp-content\/uploads\/2019\/10\/children-photographer-9095-1024x684.jpg\" alt=\"\" data-id=\"381\" data-link=\"https:\/\/lindaotterstedt.com\/?attachment_id=381\" class=\"wp-image-381\" srcset=\"https:\/\/lindaotterstedt.com\/wp-content\/uploads\/2019\/10\/children-photographer-9095-1024x684.jpg 1024w, https:\/\/lindaotterstedt.com\/wp-content\/uploads\/2019\/10\/children-photographer-9095-300x200.jpg 300w, https:\/\/lindaotterstedt.com\/wp-content\/uploads\/2019\/10\/children-photographer-9095-768x513.jpg 768w, https:\/\/lindaotterstedt.com\/wp-content\/uploads\/2019\/10\/children-photographer-9095.jpg 1200w\" sizes=\"(max-width: 1024px) 100vw, 1024px\" \/><\/figure><\/li><\/ul>\n<p class=\"wp-block-paragraph\"><\/p>\n","protected":false},"excerpt":{"rendered":"<p>\u00c4r det inte vackert ute nu? Vi \u00e4r precis ig\u00e5ng n\u00e4r tr\u00e4den byter f\u00e4rg till gult, r\u00f6tt och lila. Jag \u00e4lskar v\u00e5ra olika \u00e5rstider. Jag bodde runt ekvatorn i 12 \u00e5r och jag saknade alltid de olika \u00e5rstiderna. N\u00e4r dagarna s\u00e5g mulna ut t\u00e4nkte jag: \u00e4ntligen lite moln, jag tog p\u00e5 mig jeansen och en [&hellip;]<\/p>\n","protected":false},"author":4,"featured_media":2174,"comment_status":"open","ping_status":"open","sticky":false,"template":"","format":"standard","meta":{"_et_pb_use_builder":"","_et_pb_old_content":"","_et_gb_content_width":"","footnotes":""},"categories":[107],"tags":[],"class_list":["post-3173","post","type-post","status-publish","format-standard","has-post-thumbnail","hentry","category-familjefotografering-sv"],"yoast_head":"<!-- This site is optimized with the Yoast SEO plugin v28.2 - https:\/\/yoast.com\/product\/yoast-seo-wordpress\/ -->\n<title>Familjefotografering p\u00e5 h\u00f6sten i Gen\u00e8ve - Linda Otterstedt Photography<\/title>\n<meta name=\"robots\" content=\"index, follow, max-snippet:-1, max-image-preview:large, max-video-preview:-1\" \/>\n<link rel=\"canonical\" href=\"https:\/\/lindaotterstedt.com\/sv\/hostsession-i-geneve\/\" \/>\n<meta property=\"og:locale\" content=\"sv_SE\" \/>\n<meta property=\"og:type\" content=\"article\" \/>\n<meta property=\"og:title\" content=\"Familjefotografering p\u00e5 h\u00f6sten i Gen\u00e8ve - Linda Otterstedt Photography\" \/>\n<meta property=\"og:description\" content=\"\u00c4r det inte vackert ute nu? Vi \u00e4r precis ig\u00e5ng n\u00e4r tr\u00e4den byter f\u00e4rg till gult, r\u00f6tt och lila. Jag \u00e4lskar v\u00e5ra olika \u00e5rstider. Jag bodde runt ekvatorn i 12 \u00e5r och jag saknade alltid de olika \u00e5rstiderna. N\u00e4r dagarna s\u00e5g mulna ut t\u00e4nkte jag: \u00e4ntligen lite moln, jag tog p\u00e5 mig jeansen och en [&hellip;]\" \/>\n<meta property=\"og:url\" content=\"https:\/\/lindaotterstedt.com\/sv\/hostsession-i-geneve\/\" \/>\n<meta property=\"og:site_name\" content=\"Linda Otterstedt Photography\" \/>\n<meta property=\"article:publisher\" content=\"https:\/\/www.facebook.com\/lindaotterstedtphotography\" \/>\n<meta property=\"article:published_time\" content=\"2019-10-31T21:03:20+00:00\" \/>\n<meta property=\"article:modified_time\" content=\"2022-10-24T20:51:26+00:00\" \/>\n<meta property=\"og:image\" content=\"https:\/\/lindaotterstedt.com\/wp-content\/uploads\/2019\/10\/family-photographer-switzerland-9104-1.jpg\" \/>\n\t<meta property=\"og:image:width\" content=\"2400\" \/>\n\t<meta property=\"og:image:height\" content=\"1602\" \/>\n\t<meta property=\"og:image:type\" content=\"image\/jpeg\" \/>\n<meta name=\"author\" content=\"lotterstedt\" \/>\n<meta name=\"twitter:card\" content=\"summary_large_image\" \/>\n<meta name=\"twitter:label1\" content=\"Skriven av\" \/>\n\t<meta name=\"twitter:data1\" content=\"lotterstedt\" \/>\n\t<meta name=\"twitter:label2\" content=\"Ber\u00e4knad l\u00e4stid\" \/>\n\t<meta name=\"twitter:data2\" content=\"2 minuter\" \/>\n<script type=\"application\/ld+json\" class=\"yoast-schema-graph\">{\"@context\":\"https:\\\/\\\/schema.org\",\"@graph\":[{\"@type\":\"Article\",\"@id\":\"https:\\\/\\\/lindaotterstedt.com\\\/sv\\\/hostsession-i-geneve\\\/#article\",\"isPartOf\":{\"@id\":\"https:\\\/\\\/lindaotterstedt.com\\\/sv\\\/hostsession-i-geneve\\\/\"},\"author\":{\"name\":\"lotterstedt\",\"@id\":\"https:\\\/\\\/lindaotterstedt.com\\\/sv\\\/#\\\/schema\\\/person\\\/d0a3e198c5e20dccae960da72784d717\"},\"headline\":\"Familjefotografering p\u00e5 h\u00f6sten i Gen\u00e8ve\",\"datePublished\":\"2019-10-31T21:03:20+00:00\",\"dateModified\":\"2022-10-24T20:51:26+00:00\",\"mainEntityOfPage\":{\"@id\":\"https:\\\/\\\/lindaotterstedt.com\\\/sv\\\/hostsession-i-geneve\\\/\"},\"wordCount\":355,\"commentCount\":0,\"publisher\":{\"@id\":\"https:\\\/\\\/lindaotterstedt.com\\\/sv\\\/#organization\"},\"image\":{\"@id\":\"https:\\\/\\\/lindaotterstedt.com\\\/sv\\\/hostsession-i-geneve\\\/#primaryimage\"},\"thumbnailUrl\":\"https:\\\/\\\/lindaotterstedt.com\\\/wp-content\\\/uploads\\\/2019\\\/10\\\/family-photographer-switzerland-9104-1.jpg\",\"articleSection\":[\"Familjefotografering\"],\"inLanguage\":\"sv-SE\",\"potentialAction\":[{\"@type\":\"CommentAction\",\"name\":\"Comment\",\"target\":[\"https:\\\/\\\/lindaotterstedt.com\\\/sv\\\/hostsession-i-geneve\\\/#respond\"]}]},{\"@type\":\"WebPage\",\"@id\":\"https:\\\/\\\/lindaotterstedt.com\\\/sv\\\/hostsession-i-geneve\\\/\",\"url\":\"https:\\\/\\\/lindaotterstedt.com\\\/sv\\\/hostsession-i-geneve\\\/\",\"name\":\"Familjefotografering p\u00e5 h\u00f6sten i Gen\u00e8ve - Linda Otterstedt Photography\",\"isPartOf\":{\"@id\":\"https:\\\/\\\/lindaotterstedt.com\\\/sv\\\/#website\"},\"primaryImageOfPage\":{\"@id\":\"https:\\\/\\\/lindaotterstedt.com\\\/sv\\\/hostsession-i-geneve\\\/#primaryimage\"},\"image\":{\"@id\":\"https:\\\/\\\/lindaotterstedt.com\\\/sv\\\/hostsession-i-geneve\\\/#primaryimage\"},\"thumbnailUrl\":\"https:\\\/\\\/lindaotterstedt.com\\\/wp-content\\\/uploads\\\/2019\\\/10\\\/family-photographer-switzerland-9104-1.jpg\",\"datePublished\":\"2019-10-31T21:03:20+00:00\",\"dateModified\":\"2022-10-24T20:51:26+00:00\",\"breadcrumb\":{\"@id\":\"https:\\\/\\\/lindaotterstedt.com\\\/sv\\\/hostsession-i-geneve\\\/#breadcrumb\"},\"inLanguage\":\"sv-SE\",\"potentialAction\":[{\"@type\":\"ReadAction\",\"target\":[\"https:\\\/\\\/lindaotterstedt.com\\\/sv\\\/hostsession-i-geneve\\\/\"]}]},{\"@type\":\"ImageObject\",\"inLanguage\":\"sv-SE\",\"@id\":\"https:\\\/\\\/lindaotterstedt.com\\\/sv\\\/hostsession-i-geneve\\\/#primaryimage\",\"url\":\"https:\\\/\\\/lindaotterstedt.com\\\/wp-content\\\/uploads\\\/2019\\\/10\\\/family-photographer-switzerland-9104-1.jpg\",\"contentUrl\":\"https:\\\/\\\/lindaotterstedt.com\\\/wp-content\\\/uploads\\\/2019\\\/10\\\/family-photographer-switzerland-9104-1.jpg\",\"width\":2400,\"height\":1602,\"caption\":\"Fall session in Geneva.\"},{\"@type\":\"BreadcrumbList\",\"@id\":\"https:\\\/\\\/lindaotterstedt.com\\\/sv\\\/hostsession-i-geneve\\\/#breadcrumb\",\"itemListElement\":[{\"@type\":\"ListItem\",\"position\":1,\"name\":\"Home\",\"item\":\"https:\\\/\\\/lindaotterstedt.com\\\/sv\\\/\"},{\"@type\":\"ListItem\",\"position\":2,\"name\":\"Familjefotografering p\u00e5 h\u00f6sten i Gen\u00e8ve\"}]},{\"@type\":\"WebSite\",\"@id\":\"https:\\\/\\\/lindaotterstedt.com\\\/sv\\\/#website\",\"url\":\"https:\\\/\\\/lindaotterstedt.com\\\/sv\\\/\",\"name\":\"Linda Otterstedt Photography\",\"description\":\"Photography for generations to come\",\"publisher\":{\"@id\":\"https:\\\/\\\/lindaotterstedt.com\\\/sv\\\/#organization\"},\"potentialAction\":[{\"@type\":\"SearchAction\",\"target\":{\"@type\":\"EntryPoint\",\"urlTemplate\":\"https:\\\/\\\/lindaotterstedt.com\\\/sv\\\/?s={search_term_string}\"},\"query-input\":{\"@type\":\"PropertyValueSpecification\",\"valueRequired\":true,\"valueName\":\"search_term_string\"}}],\"inLanguage\":\"sv-SE\"},{\"@type\":\"Organization\",\"@id\":\"https:\\\/\\\/lindaotterstedt.com\\\/sv\\\/#organization\",\"name\":\"Linda Otterstedt Photography\",\"alternateName\":\"LOP\",\"url\":\"https:\\\/\\\/lindaotterstedt.com\\\/sv\\\/\",\"logo\":{\"@type\":\"ImageObject\",\"inLanguage\":\"sv-SE\",\"@id\":\"https:\\\/\\\/lindaotterstedt.com\\\/sv\\\/#\\\/schema\\\/logo\\\/image\\\/\",\"url\":\"https:\\\/\\\/lindaotterstedt.com\\\/wp-content\\\/uploads\\\/2023\\\/03\\\/1400_LOGO_Linda_Otterstedt_Standard_Logo_Transparent-copy.png\",\"contentUrl\":\"https:\\\/\\\/lindaotterstedt.com\\\/wp-content\\\/uploads\\\/2023\\\/03\\\/1400_LOGO_Linda_Otterstedt_Standard_Logo_Transparent-copy.png\",\"width\":2684,\"height\":1400,\"caption\":\"Linda Otterstedt Photography\"},\"image\":{\"@id\":\"https:\\\/\\\/lindaotterstedt.com\\\/sv\\\/#\\\/schema\\\/logo\\\/image\\\/\"},\"sameAs\":[\"https:\\\/\\\/www.facebook.com\\\/lindaotterstedtphotography\",\"https:\\\/\\\/www.instagram.com\\\/worldphotographer\",\"https:\\\/\\\/www.instagram.com\\\/worldphotographer_weddings\",\"https:\\\/\\\/www.linkedin.com\\\/in\\\/linda-otterstedt-1886235\\\/\"]},{\"@type\":\"Person\",\"@id\":\"https:\\\/\\\/lindaotterstedt.com\\\/sv\\\/#\\\/schema\\\/person\\\/d0a3e198c5e20dccae960da72784d717\",\"name\":\"lotterstedt\",\"description\":\"Hi and welcome to my page! I'm Linda, I'm Swedish but I'm something else too. I'm an expat. I have lived out of Sweden since year 2000, in 9 different countries around the world. For now I'm in Lausanne, Switzerland and I love this place. I'm willing to travel for work, just let me know where you need me. See ya! \\\/LINDA\",\"sameAs\":[\"http:\\\/\\\/www.lindaotterstedt.com\"]}]}<\/script>\n<!-- \/ Yoast SEO plugin. -->","yoast_head_json":{"title":"Familjefotografering p\u00e5 h\u00f6sten i Gen\u00e8ve - Linda Otterstedt Photography","robots":{"index":"index","follow":"follow","max-snippet":"max-snippet:-1","max-image-preview":"max-image-preview:large","max-video-preview":"max-video-preview:-1"},"canonical":"https:\/\/lindaotterstedt.com\/sv\/hostsession-i-geneve\/","og_locale":"sv_SE","og_type":"article","og_title":"Familjefotografering p\u00e5 h\u00f6sten i Gen\u00e8ve - Linda Otterstedt Photography","og_description":"\u00c4r det inte vackert ute nu? Vi \u00e4r precis ig\u00e5ng n\u00e4r tr\u00e4den byter f\u00e4rg till gult, r\u00f6tt och lila. Jag \u00e4lskar v\u00e5ra olika \u00e5rstider. Jag bodde runt ekvatorn i 12 \u00e5r och jag saknade alltid de olika \u00e5rstiderna. N\u00e4r dagarna s\u00e5g mulna ut t\u00e4nkte jag: \u00e4ntligen lite moln, jag tog p\u00e5 mig jeansen och en [&hellip;]","og_url":"https:\/\/lindaotterstedt.com\/sv\/hostsession-i-geneve\/","og_site_name":"Linda Otterstedt Photography","article_publisher":"https:\/\/www.facebook.com\/lindaotterstedtphotography","article_published_time":"2019-10-31T21:03:20+00:00","article_modified_time":"2022-10-24T20:51:26+00:00","og_image":[{"width":2400,"height":1602,"url":"https:\/\/lindaotterstedt.com\/wp-content\/uploads\/2019\/10\/family-photographer-switzerland-9104-1.jpg","type":"image\/jpeg"}],"author":"lotterstedt","twitter_card":"summary_large_image","twitter_misc":{"Skriven av":"lotterstedt","Ber\u00e4knad l\u00e4stid":"2 minuter"},"schema":{"@context":"https:\/\/schema.org","@graph":[{"@type":"Article","@id":"https:\/\/lindaotterstedt.com\/sv\/hostsession-i-geneve\/#article","isPartOf":{"@id":"https:\/\/lindaotterstedt.com\/sv\/hostsession-i-geneve\/"},"author":{"name":"lotterstedt","@id":"https:\/\/lindaotterstedt.com\/sv\/#\/schema\/person\/d0a3e198c5e20dccae960da72784d717"},"headline":"Familjefotografering p\u00e5 h\u00f6sten i Gen\u00e8ve","datePublished":"2019-10-31T21:03:20+00:00","dateModified":"2022-10-24T20:51:26+00:00","mainEntityOfPage":{"@id":"https:\/\/lindaotterstedt.com\/sv\/hostsession-i-geneve\/"},"wordCount":355,"commentCount":0,"publisher":{"@id":"https:\/\/lindaotterstedt.com\/sv\/#organization"},"image":{"@id":"https:\/\/lindaotterstedt.com\/sv\/hostsession-i-geneve\/#primaryimage"},"thumbnailUrl":"https:\/\/lindaotterstedt.com\/wp-content\/uploads\/2019\/10\/family-photographer-switzerland-9104-1.jpg","articleSection":["Familjefotografering"],"inLanguage":"sv-SE","potentialAction":[{"@type":"CommentAction","name":"Comment","target":["https:\/\/lindaotterstedt.com\/sv\/hostsession-i-geneve\/#respond"]}]},{"@type":"WebPage","@id":"https:\/\/lindaotterstedt.com\/sv\/hostsession-i-geneve\/","url":"https:\/\/lindaotterstedt.com\/sv\/hostsession-i-geneve\/","name":"Familjefotografering p\u00e5 h\u00f6sten i Gen\u00e8ve - Linda Otterstedt Photography","isPartOf":{"@id":"https:\/\/lindaotterstedt.com\/sv\/#website"},"primaryImageOfPage":{"@id":"https:\/\/lindaotterstedt.com\/sv\/hostsession-i-geneve\/#primaryimage"},"image":{"@id":"https:\/\/lindaotterstedt.com\/sv\/hostsession-i-geneve\/#primaryimage"},"thumbnailUrl":"https:\/\/lindaotterstedt.com\/wp-content\/uploads\/2019\/10\/family-photographer-switzerland-9104-1.jpg","datePublished":"2019-10-31T21:03:20+00:00","dateModified":"2022-10-24T20:51:26+00:00","breadcrumb":{"@id":"https:\/\/lindaotterstedt.com\/sv\/hostsession-i-geneve\/#breadcrumb"},"inLanguage":"sv-SE","potentialAction":[{"@type":"ReadAction","target":["https:\/\/lindaotterstedt.com\/sv\/hostsession-i-geneve\/"]}]},{"@type":"ImageObject","inLanguage":"sv-SE","@id":"https:\/\/lindaotterstedt.com\/sv\/hostsession-i-geneve\/#primaryimage","url":"https:\/\/lindaotterstedt.com\/wp-content\/uploads\/2019\/10\/family-photographer-switzerland-9104-1.jpg","contentUrl":"https:\/\/lindaotterstedt.com\/wp-content\/uploads\/2019\/10\/family-photographer-switzerland-9104-1.jpg","width":2400,"height":1602,"caption":"Fall session in Geneva."},{"@type":"BreadcrumbList","@id":"https:\/\/lindaotterstedt.com\/sv\/hostsession-i-geneve\/#breadcrumb","itemListElement":[{"@type":"ListItem","position":1,"name":"Home","item":"https:\/\/lindaotterstedt.com\/sv\/"},{"@type":"ListItem","position":2,"name":"Familjefotografering p\u00e5 h\u00f6sten i Gen\u00e8ve"}]},{"@type":"WebSite","@id":"https:\/\/lindaotterstedt.com\/sv\/#website","url":"https:\/\/lindaotterstedt.com\/sv\/","name":"Linda Otterstedt Photography","description":"Photography for generations to come","publisher":{"@id":"https:\/\/lindaotterstedt.com\/sv\/#organization"},"potentialAction":[{"@type":"SearchAction","target":{"@type":"EntryPoint","urlTemplate":"https:\/\/lindaotterstedt.com\/sv\/?s={search_term_string}"},"query-input":{"@type":"PropertyValueSpecification","valueRequired":true,"valueName":"search_term_string"}}],"inLanguage":"sv-SE"},{"@type":"Organization","@id":"https:\/\/lindaotterstedt.com\/sv\/#organization","name":"Linda Otterstedt Photography","alternateName":"LOP","url":"https:\/\/lindaotterstedt.com\/sv\/","logo":{"@type":"ImageObject","inLanguage":"sv-SE","@id":"https:\/\/lindaotterstedt.com\/sv\/#\/schema\/logo\/image\/","url":"https:\/\/lindaotterstedt.com\/wp-content\/uploads\/2023\/03\/1400_LOGO_Linda_Otterstedt_Standard_Logo_Transparent-copy.png","contentUrl":"https:\/\/lindaotterstedt.com\/wp-content\/uploads\/2023\/03\/1400_LOGO_Linda_Otterstedt_Standard_Logo_Transparent-copy.png","width":2684,"height":1400,"caption":"Linda Otterstedt Photography"},"image":{"@id":"https:\/\/lindaotterstedt.com\/sv\/#\/schema\/logo\/image\/"},"sameAs":["https:\/\/www.facebook.com\/lindaotterstedtphotography","https:\/\/www.instagram.com\/worldphotographer","https:\/\/www.instagram.com\/worldphotographer_weddings","https:\/\/www.linkedin.com\/in\/linda-otterstedt-1886235\/"]},{"@type":"Person","@id":"https:\/\/lindaotterstedt.com\/sv\/#\/schema\/person\/d0a3e198c5e20dccae960da72784d717","name":"lotterstedt","description":"Hi and welcome to my page! I'm Linda, I'm Swedish but I'm something else too. I'm an expat. I have lived out of Sweden since year 2000, in 9 different countries around the world. For now I'm in Lausanne, Switzerland and I love this place. I'm willing to travel for work, just let me know where you need me. See ya! \/LINDA","sameAs":["http:\/\/www.lindaotterstedt.com"]}]}},"_links":{"self":[{"href":"https:\/\/lindaotterstedt.com\/sv\/wp-json\/wp\/v2\/posts\/3173","targetHints":{"allow":["GET"]}}],"collection":[{"href":"https:\/\/lindaotterstedt.com\/sv\/wp-json\/wp\/v2\/posts"}],"about":[{"href":"https:\/\/lindaotterstedt.com\/sv\/wp-json\/wp\/v2\/types\/post"}],"author":[{"embeddable":true,"href":"https:\/\/lindaotterstedt.com\/sv\/wp-json\/wp\/v2\/users\/4"}],"replies":[{"embeddable":true,"href":"https:\/\/lindaotterstedt.com\/sv\/wp-json\/wp\/v2\/comments?post=3173"}],"version-history":[{"count":4,"href":"https:\/\/lindaotterstedt.com\/sv\/wp-json\/wp\/v2\/posts\/3173\/revisions"}],"predecessor-version":[{"id":4273,"href":"https:\/\/lindaotterstedt.com\/sv\/wp-json\/wp\/v2\/posts\/3173\/revisions\/4273"}],"wp:featuredmedia":[{"embeddable":true,"href":"https:\/\/lindaotterstedt.com\/sv\/wp-json\/wp\/v2\/media\/2174"}],"wp:attachment":[{"href":"https:\/\/lindaotterstedt.com\/sv\/wp-json\/wp\/v2\/media?parent=3173"}],"wp:term":[{"taxonomy":"category","embeddable":true,"href":"https:\/\/lindaotterstedt.com\/sv\/wp-json\/wp\/v2\/categories?post=3173"},{"taxonomy":"post_tag","embeddable":true,"href":"https:\/\/lindaotterstedt.com\/sv\/wp-json\/wp\/v2\/tags?post=3173"}],"curies":[{"name":"wp","href":"https:\/\/api.w.org\/{rel}","templated":true}]}}