{"id":3179,"date":"2019-02-01T15:02:52","date_gmt":"2019-02-01T14:02:52","guid":{"rendered":"https:\/\/lindaotterstedt-com.lyricalstaging.com\/brollop-pa-svenska-vastkusten-fjallbacka\/"},"modified":"2023-01-07T23:05:39","modified_gmt":"2023-01-07T22:05:39","slug":"brollop-pa-svenska-vastkusten-fjallbacka","status":"publish","type":"post","link":"https:\/\/lindaotterstedt.com\/sv\/brollop-pa-svenska-vastkusten-fjallbacka\/","title":{"rendered":"Vackert br\u00f6llop i Fj\u00e4llbacka"},"content":{"rendered":"<p>Sitter och tittar ut genom mitt f\u00f6nster och sn\u00f6n faller ner. Hur vackert \u00e4r inte det! Jag \u00e4lskar sn\u00f6n men jag gillar inte n\u00e4r jag fryser. Ganska roligt faktiskt d\u00e5 jag har jobbat som skidguide i tre s\u00e4songer i de franska alperna. Hur som helst har jag just avslutat ett jobb med ett br\u00f6llop i Fj\u00e4llbacka fr\u00e5n f\u00f6rra sommaren. Varf\u00f6r tog det s\u00e5 l\u00e5ng tid kan du fr\u00e5ga dig. Det berodde egentligen p\u00e5 att br\u00f6llopsparet \u00e5kte p\u00e5 en l\u00e5\u00e5\u00e5\u00e5ng smekm\u00e5nad under h\u00f6sten till fina och varma l\u00e4nder. F\u00f6rmodligen d\u00e4r jag \u00f6nskar att jag var just nu.<\/p>\n<p>Om du har varit p\u00e5 min hemsida kanske du nu n\u00e4r jag \u00e4r svensk och att jag tillbringar mina somrar i Fj\u00e4llbacka varje \u00e5r och det \u00e4r ocks\u00e5 d\u00e4r jag har de flesta av mina br\u00f6llop. Vid det h\u00e4r laget vet jag de b\u00e4sta platserna och omr\u00e5dena d\u00e4r man kan ta fantastiska portr\u00e4tt och med vackra landskap med paret. Om ni planerar att gifta er i eller runt Fj\u00e4llbacka k\u00e4nner jag ocks\u00e5 till de viktiga personerna med anknytning till br\u00f6llop i byn &#8211; som fris\u00f6ren och hotellet\/restaurangerna\/barerna.<\/p>\n<p>Vill du veta mer eller har n\u00e5gra fr\u00e5gor v\u00e4nligen h\u00f6r av dig s\u00e5 kan jag hj\u00e4lpa dig! You can contact me <a href=\"https:\/\/lindaotterstedt.com\/contact-wedding\/\">here<\/a>.<\/p>\n<p>Vad s\u00e4gs om den d\u00e4r sn\u00f6n idag d\u00e5&#8230; ser ut som att den ska sm\u00e4lta. Hmmmm&#8230;. ser fram emot v\u00e5ren!<\/p>\n<p><img loading=\"lazy\" decoding=\"async\" class=\"wp-image-88 size-large\" src=\"http:\/\/lindaotterstedt.com\/wp-content\/uploads\/2019\/01\/Lausanne-weddingphotographer-lindaotterstedt-2-1024x684.jpg\" alt=\"\" width=\"960\" height=\"641\" srcset=\"https:\/\/lindaotterstedt.com\/wp-content\/uploads\/2019\/01\/Lausanne-weddingphotographer-lindaotterstedt-2-1024x684.jpg 1024w, https:\/\/lindaotterstedt.com\/wp-content\/uploads\/2019\/01\/Lausanne-weddingphotographer-lindaotterstedt-2-300x200.jpg 300w, https:\/\/lindaotterstedt.com\/wp-content\/uploads\/2019\/01\/Lausanne-weddingphotographer-lindaotterstedt-2-768x513.jpg 768w, https:\/\/lindaotterstedt.com\/wp-content\/uploads\/2019\/01\/Lausanne-weddingphotographer-lindaotterstedt-2-1600x1068.jpg 1600w, https:\/\/lindaotterstedt.com\/wp-content\/uploads\/2019\/01\/Lausanne-weddingphotographer-lindaotterstedt-2.jpg 2000w\" sizes=\"(max-width: 960px) 100vw, 960px\" \/><\/p>\n<div id=\"attachment_89\" style=\"width: 694px\" class=\"wp-caption aligncenter\"><img loading=\"lazy\" decoding=\"async\" aria-describedby=\"caption-attachment-89\" class=\"wp-image-89 size-large\" src=\"http:\/\/lindaotterstedt.com\/wp-content\/uploads\/2019\/01\/Lausanne-weddingphotographer-lindaotterstedt-3-684x1024.jpg\" alt=\"\" width=\"684\" height=\"1024\" srcset=\"https:\/\/lindaotterstedt.com\/wp-content\/uploads\/2019\/01\/Lausanne-weddingphotographer-lindaotterstedt-3-684x1024.jpg 684w, https:\/\/lindaotterstedt.com\/wp-content\/uploads\/2019\/01\/Lausanne-weddingphotographer-lindaotterstedt-3-200x300.jpg 200w, https:\/\/lindaotterstedt.com\/wp-content\/uploads\/2019\/01\/Lausanne-weddingphotographer-lindaotterstedt-3-768x1151.jpg 768w, https:\/\/lindaotterstedt.com\/wp-content\/uploads\/2019\/01\/Lausanne-weddingphotographer-lindaotterstedt-3-1068x1600.jpg 1068w, https:\/\/lindaotterstedt.com\/wp-content\/uploads\/2019\/01\/Lausanne-weddingphotographer-lindaotterstedt-3.jpg 1335w\" sizes=\"(max-width: 684px) 100vw, 684px\" \/><p id=\"caption-attachment-89\" class=\"wp-caption-text\">Slip inte p\u00e5 dina skosn\u00f6ren.<\/p><\/div>\n<div id=\"attachment_90\" style=\"width: 970px\" class=\"wp-caption aligncenter\"><img loading=\"lazy\" decoding=\"async\" aria-describedby=\"caption-attachment-90\" class=\"wp-image-90 size-large\" src=\"http:\/\/lindaotterstedt.com\/wp-content\/uploads\/2019\/01\/Lausanne-weddingphotographer-lindaotterstedt-4-1024x684.jpg\" alt=\"\" width=\"960\" height=\"641\" srcset=\"https:\/\/lindaotterstedt.com\/wp-content\/uploads\/2019\/01\/Lausanne-weddingphotographer-lindaotterstedt-4-1024x684.jpg 1024w, https:\/\/lindaotterstedt.com\/wp-content\/uploads\/2019\/01\/Lausanne-weddingphotographer-lindaotterstedt-4-300x200.jpg 300w, https:\/\/lindaotterstedt.com\/wp-content\/uploads\/2019\/01\/Lausanne-weddingphotographer-lindaotterstedt-4-768x513.jpg 768w, https:\/\/lindaotterstedt.com\/wp-content\/uploads\/2019\/01\/Lausanne-weddingphotographer-lindaotterstedt-4-1600x1068.jpg 1600w, https:\/\/lindaotterstedt.com\/wp-content\/uploads\/2019\/01\/Lausanne-weddingphotographer-lindaotterstedt-4.jpg 2000w\" sizes=\"(max-width: 960px) 100vw, 960px\" \/><p id=\"caption-attachment-90\" class=\"wp-caption-text\">Det \u00e4r fortfarande d\u00e4r inne. Tappa den inte!<\/p><\/div>\n<div id=\"attachment_109\" style=\"width: 970px\" class=\"wp-caption aligncenter\"><img loading=\"lazy\" decoding=\"async\" aria-describedby=\"caption-attachment-109\" class=\"wp-image-109 size-large\" src=\"http:\/\/lindaotterstedt.com\/wp-content\/uploads\/2019\/01\/Lausanne-weddingphotographer-lindaotterstedt-1024x684.jpg\" alt=\"\" width=\"960\" height=\"641\" srcset=\"https:\/\/lindaotterstedt.com\/wp-content\/uploads\/2019\/01\/Lausanne-weddingphotographer-lindaotterstedt-1024x684.jpg 1024w, https:\/\/lindaotterstedt.com\/wp-content\/uploads\/2019\/01\/Lausanne-weddingphotographer-lindaotterstedt-300x200.jpg 300w, https:\/\/lindaotterstedt.com\/wp-content\/uploads\/2019\/01\/Lausanne-weddingphotographer-lindaotterstedt-768x513.jpg 768w, https:\/\/lindaotterstedt.com\/wp-content\/uploads\/2019\/01\/Lausanne-weddingphotographer-lindaotterstedt-1600x1068.jpg 1600w, https:\/\/lindaotterstedt.com\/wp-content\/uploads\/2019\/01\/Lausanne-weddingphotographer-lindaotterstedt.jpg 2000w\" sizes=\"(max-width: 960px) 100vw, 960px\" \/><p id=\"caption-attachment-109\" class=\"wp-caption-text\">Sk\u00e5l f\u00f6r framtiden!<\/p><\/div>\n<div id=\"attachment_91\" style=\"width: 694px\" class=\"wp-caption aligncenter\"><img loading=\"lazy\" decoding=\"async\" aria-describedby=\"caption-attachment-91\" class=\"wp-image-91 size-large\" src=\"http:\/\/lindaotterstedt.com\/wp-content\/uploads\/2019\/01\/Lausanne-weddingphotographer-lindaotterstedt-5-684x1024.jpg\" alt=\"\" width=\"684\" height=\"1024\" srcset=\"https:\/\/lindaotterstedt.com\/wp-content\/uploads\/2019\/01\/Lausanne-weddingphotographer-lindaotterstedt-5-684x1024.jpg 684w, https:\/\/lindaotterstedt.com\/wp-content\/uploads\/2019\/01\/Lausanne-weddingphotographer-lindaotterstedt-5-200x300.jpg 200w, https:\/\/lindaotterstedt.com\/wp-content\/uploads\/2019\/01\/Lausanne-weddingphotographer-lindaotterstedt-5-768x1151.jpg 768w, https:\/\/lindaotterstedt.com\/wp-content\/uploads\/2019\/01\/Lausanne-weddingphotographer-lindaotterstedt-5-1068x1600.jpg 1068w, https:\/\/lindaotterstedt.com\/wp-content\/uploads\/2019\/01\/Lausanne-weddingphotographer-lindaotterstedt-5.jpg 1335w\" sizes=\"(max-width: 684px) 100vw, 684px\" \/><p id=\"caption-attachment-91\" class=\"wp-caption-text\">Se till att h\u00e4nga den p\u00e5 en trevlig plats f\u00f6r ett bra foto!<\/p><\/div>\n<div id=\"attachment_92\" style=\"width: 694px\" class=\"wp-caption aligncenter\"><img loading=\"lazy\" decoding=\"async\" aria-describedby=\"caption-attachment-92\" class=\"wp-image-92 size-large\" src=\"http:\/\/lindaotterstedt.com\/wp-content\/uploads\/2019\/01\/Lausanne-weddingphotographer-lindaotterstedt-6-684x1024.jpg\" alt=\"\" width=\"684\" height=\"1024\" srcset=\"https:\/\/lindaotterstedt.com\/wp-content\/uploads\/2019\/01\/Lausanne-weddingphotographer-lindaotterstedt-6-684x1024.jpg 684w, https:\/\/lindaotterstedt.com\/wp-content\/uploads\/2019\/01\/Lausanne-weddingphotographer-lindaotterstedt-6-200x300.jpg 200w, https:\/\/lindaotterstedt.com\/wp-content\/uploads\/2019\/01\/Lausanne-weddingphotographer-lindaotterstedt-6-768x1151.jpg 768w, https:\/\/lindaotterstedt.com\/wp-content\/uploads\/2019\/01\/Lausanne-weddingphotographer-lindaotterstedt-6-1068x1600.jpg 1068w, https:\/\/lindaotterstedt.com\/wp-content\/uploads\/2019\/01\/Lausanne-weddingphotographer-lindaotterstedt-6.jpg 1335w\" sizes=\"(max-width: 684px) 100vw, 684px\" \/><p id=\"caption-attachment-92\" class=\"wp-caption-text\">Ta med extra n\u00e5lar till ditt h\u00e5r.<\/p><\/div>\n<div id=\"attachment_94\" style=\"width: 970px\" class=\"wp-caption aligncenter\"><img loading=\"lazy\" decoding=\"async\" aria-describedby=\"caption-attachment-94\" class=\"wp-image-94 size-large\" src=\"http:\/\/lindaotterstedt.com\/wp-content\/uploads\/2019\/01\/Lausanne-weddingphotographer-lindaotterstedt-8-1024x684.jpg\" alt=\"\" width=\"960\" height=\"641\" srcset=\"https:\/\/lindaotterstedt.com\/wp-content\/uploads\/2019\/01\/Lausanne-weddingphotographer-lindaotterstedt-8-1024x684.jpg 1024w, https:\/\/lindaotterstedt.com\/wp-content\/uploads\/2019\/01\/Lausanne-weddingphotographer-lindaotterstedt-8-300x200.jpg 300w, https:\/\/lindaotterstedt.com\/wp-content\/uploads\/2019\/01\/Lausanne-weddingphotographer-lindaotterstedt-8-768x513.jpg 768w, https:\/\/lindaotterstedt.com\/wp-content\/uploads\/2019\/01\/Lausanne-weddingphotographer-lindaotterstedt-8-1600x1068.jpg 1600w, https:\/\/lindaotterstedt.com\/wp-content\/uploads\/2019\/01\/Lausanne-weddingphotographer-lindaotterstedt-8.jpg 2000w\" sizes=\"(max-width: 960px) 100vw, 960px\" \/><p id=\"caption-attachment-94\" class=\"wp-caption-text\">F\u00f6rsta titt. Slutade med att bruden gr\u00e4t och det gjorde jag ocks\u00e5. S\u00e5 vackert!<\/p><\/div>\n<div id=\"attachment_95\" style=\"width: 970px\" class=\"wp-caption aligncenter\"><img loading=\"lazy\" decoding=\"async\" aria-describedby=\"caption-attachment-95\" class=\"wp-image-95 size-large\" src=\"http:\/\/lindaotterstedt.com\/wp-content\/uploads\/2019\/01\/Lausanne-weddingphotographer-lindaotterstedt-9-1024x684.jpg\" alt=\"\" width=\"960\" height=\"641\" srcset=\"https:\/\/lindaotterstedt.com\/wp-content\/uploads\/2019\/01\/Lausanne-weddingphotographer-lindaotterstedt-9-1024x684.jpg 1024w, https:\/\/lindaotterstedt.com\/wp-content\/uploads\/2019\/01\/Lausanne-weddingphotographer-lindaotterstedt-9-300x200.jpg 300w, https:\/\/lindaotterstedt.com\/wp-content\/uploads\/2019\/01\/Lausanne-weddingphotographer-lindaotterstedt-9-768x513.jpg 768w, https:\/\/lindaotterstedt.com\/wp-content\/uploads\/2019\/01\/Lausanne-weddingphotographer-lindaotterstedt-9-1600x1068.jpg 1600w, https:\/\/lindaotterstedt.com\/wp-content\/uploads\/2019\/01\/Lausanne-weddingphotographer-lindaotterstedt-9.jpg 2000w\" sizes=\"(max-width: 960px) 100vw, 960px\" \/><p id=\"caption-attachment-95\" class=\"wp-caption-text\">T\u00e4rnan \u00e4r redo med v\u00e4vnaderna.<\/p><\/div>\n<div id=\"attachment_111\" style=\"width: 694px\" class=\"wp-caption aligncenter\"><img loading=\"lazy\" decoding=\"async\" aria-describedby=\"caption-attachment-111\" class=\"wp-image-111 size-large\" src=\"http:\/\/lindaotterstedt.com\/wp-content\/uploads\/2019\/01\/wedding-switzerland-fjallbacka-marriage-geneva-brollop-lindaotterstedt-0042-684x1024.jpg\" alt=\"\" width=\"684\" height=\"1024\" srcset=\"https:\/\/lindaotterstedt.com\/wp-content\/uploads\/2019\/01\/wedding-switzerland-fjallbacka-marriage-geneva-brollop-lindaotterstedt-0042-684x1024.jpg 684w, https:\/\/lindaotterstedt.com\/wp-content\/uploads\/2019\/01\/wedding-switzerland-fjallbacka-marriage-geneva-brollop-lindaotterstedt-0042-200x300.jpg 200w, https:\/\/lindaotterstedt.com\/wp-content\/uploads\/2019\/01\/wedding-switzerland-fjallbacka-marriage-geneva-brollop-lindaotterstedt-0042-768x1151.jpg 768w, https:\/\/lindaotterstedt.com\/wp-content\/uploads\/2019\/01\/wedding-switzerland-fjallbacka-marriage-geneva-brollop-lindaotterstedt-0042-1068x1600.jpg 1068w, https:\/\/lindaotterstedt.com\/wp-content\/uploads\/2019\/01\/wedding-switzerland-fjallbacka-marriage-geneva-brollop-lindaotterstedt-0042.jpg 1335w\" sizes=\"(max-width: 684px) 100vw, 684px\" \/><p id=\"caption-attachment-111\" class=\"wp-caption-text\">\u00c4r du redo \u00e4lskling?<\/p><\/div>\n<div id=\"attachment_96\" style=\"width: 694px\" class=\"wp-caption aligncenter\"><img loading=\"lazy\" decoding=\"async\" aria-describedby=\"caption-attachment-96\" class=\"wp-image-96 size-large\" src=\"http:\/\/lindaotterstedt.com\/wp-content\/uploads\/2019\/01\/Lausanne-weddingphotographer-lindaotterstedt-10-684x1024.jpg\" alt=\"\" width=\"684\" height=\"1024\" srcset=\"https:\/\/lindaotterstedt.com\/wp-content\/uploads\/2019\/01\/Lausanne-weddingphotographer-lindaotterstedt-10-684x1024.jpg 684w, https:\/\/lindaotterstedt.com\/wp-content\/uploads\/2019\/01\/Lausanne-weddingphotographer-lindaotterstedt-10-200x300.jpg 200w, https:\/\/lindaotterstedt.com\/wp-content\/uploads\/2019\/01\/Lausanne-weddingphotographer-lindaotterstedt-10-768x1151.jpg 768w, https:\/\/lindaotterstedt.com\/wp-content\/uploads\/2019\/01\/Lausanne-weddingphotographer-lindaotterstedt-10-1068x1600.jpg 1068w, https:\/\/lindaotterstedt.com\/wp-content\/uploads\/2019\/01\/Lausanne-weddingphotographer-lindaotterstedt-10.jpg 1335w\" sizes=\"(max-width: 684px) 100vw, 684px\" \/><p id=\"caption-attachment-96\" class=\"wp-caption-text\">Det var en v\u00e4ldigt varm dag!<\/p><\/div>\n<div id=\"attachment_97\" style=\"width: 970px\" class=\"wp-caption aligncenter\"><img loading=\"lazy\" decoding=\"async\" aria-describedby=\"caption-attachment-97\" class=\"wp-image-97 size-large\" src=\"http:\/\/lindaotterstedt.com\/wp-content\/uploads\/2019\/01\/Lausanne-weddingphotographer-lindaotterstedt-11-1024x684.jpg\" alt=\"\" width=\"960\" height=\"641\" srcset=\"https:\/\/lindaotterstedt.com\/wp-content\/uploads\/2019\/01\/Lausanne-weddingphotographer-lindaotterstedt-11-1024x684.jpg 1024w, https:\/\/lindaotterstedt.com\/wp-content\/uploads\/2019\/01\/Lausanne-weddingphotographer-lindaotterstedt-11-300x200.jpg 300w, https:\/\/lindaotterstedt.com\/wp-content\/uploads\/2019\/01\/Lausanne-weddingphotographer-lindaotterstedt-11-768x513.jpg 768w, https:\/\/lindaotterstedt.com\/wp-content\/uploads\/2019\/01\/Lausanne-weddingphotographer-lindaotterstedt-11-1600x1068.jpg 1600w, https:\/\/lindaotterstedt.com\/wp-content\/uploads\/2019\/01\/Lausanne-weddingphotographer-lindaotterstedt-11.jpg 2000w\" sizes=\"(max-width: 960px) 100vw, 960px\" \/><p id=\"caption-attachment-97\" class=\"wp-caption-text\">Det \u00e4r gjort!<\/p><\/div>\n<div id=\"attachment_115\" style=\"width: 694px\" class=\"wp-caption aligncenter\"><img loading=\"lazy\" decoding=\"async\" aria-describedby=\"caption-attachment-115\" class=\"wp-image-115 size-large\" src=\"http:\/\/lindaotterstedt.com\/wp-content\/uploads\/2019\/01\/wedding-switzerland-fjallbacka-marriage-geneva-brollop-lindaotterstedt-0154-684x1024.jpg\" alt=\"\" width=\"684\" height=\"1024\" srcset=\"https:\/\/lindaotterstedt.com\/wp-content\/uploads\/2019\/01\/wedding-switzerland-fjallbacka-marriage-geneva-brollop-lindaotterstedt-0154-684x1024.jpg 684w, https:\/\/lindaotterstedt.com\/wp-content\/uploads\/2019\/01\/wedding-switzerland-fjallbacka-marriage-geneva-brollop-lindaotterstedt-0154-200x300.jpg 200w, https:\/\/lindaotterstedt.com\/wp-content\/uploads\/2019\/01\/wedding-switzerland-fjallbacka-marriage-geneva-brollop-lindaotterstedt-0154-768x1151.jpg 768w, https:\/\/lindaotterstedt.com\/wp-content\/uploads\/2019\/01\/wedding-switzerland-fjallbacka-marriage-geneva-brollop-lindaotterstedt-0154-1068x1600.jpg 1068w, https:\/\/lindaotterstedt.com\/wp-content\/uploads\/2019\/01\/wedding-switzerland-fjallbacka-marriage-geneva-brollop-lindaotterstedt-0154.jpg 1335w\" sizes=\"(max-width: 684px) 100vw, 684px\" \/><p id=\"caption-attachment-115\" class=\"wp-caption-text\">Vi tv\u00e5.<\/p><\/div>\n<div id=\"attachment_118\" style=\"width: 970px\" class=\"wp-caption aligncenter\"><img loading=\"lazy\" decoding=\"async\" aria-describedby=\"caption-attachment-118\" class=\"wp-image-118 size-large\" src=\"http:\/\/lindaotterstedt.com\/wp-content\/uploads\/2019\/01\/wedding-switzerland-fjallbacka-marriage-geneva-brollop-lindaotterstedt-0449-1024x684.jpg\" alt=\"\" width=\"960\" height=\"641\" srcset=\"https:\/\/lindaotterstedt.com\/wp-content\/uploads\/2019\/01\/wedding-switzerland-fjallbacka-marriage-geneva-brollop-lindaotterstedt-0449-1024x684.jpg 1024w, https:\/\/lindaotterstedt.com\/wp-content\/uploads\/2019\/01\/wedding-switzerland-fjallbacka-marriage-geneva-brollop-lindaotterstedt-0449-300x200.jpg 300w, https:\/\/lindaotterstedt.com\/wp-content\/uploads\/2019\/01\/wedding-switzerland-fjallbacka-marriage-geneva-brollop-lindaotterstedt-0449-768x513.jpg 768w, https:\/\/lindaotterstedt.com\/wp-content\/uploads\/2019\/01\/wedding-switzerland-fjallbacka-marriage-geneva-brollop-lindaotterstedt-0449-1600x1068.jpg 1600w, https:\/\/lindaotterstedt.com\/wp-content\/uploads\/2019\/01\/wedding-switzerland-fjallbacka-marriage-geneva-brollop-lindaotterstedt-0449.jpg 2000w\" sizes=\"(max-width: 960px) 100vw, 960px\" \/><p id=\"caption-attachment-118\" class=\"wp-caption-text\">Ute p\u00e5 en brygga.<\/p><\/div>\n<div id=\"attachment_102\" style=\"width: 694px\" class=\"wp-caption aligncenter\"><img loading=\"lazy\" decoding=\"async\" aria-describedby=\"caption-attachment-102\" class=\"wp-image-102 size-large\" src=\"http:\/\/lindaotterstedt.com\/wp-content\/uploads\/2019\/01\/Lausanne-weddingphotographer-lindaotterstedt-16-684x1024.jpg\" alt=\"\" width=\"684\" height=\"1024\" srcset=\"https:\/\/lindaotterstedt.com\/wp-content\/uploads\/2019\/01\/Lausanne-weddingphotographer-lindaotterstedt-16-684x1024.jpg 684w, https:\/\/lindaotterstedt.com\/wp-content\/uploads\/2019\/01\/Lausanne-weddingphotographer-lindaotterstedt-16-200x300.jpg 200w, https:\/\/lindaotterstedt.com\/wp-content\/uploads\/2019\/01\/Lausanne-weddingphotographer-lindaotterstedt-16-768x1151.jpg 768w, https:\/\/lindaotterstedt.com\/wp-content\/uploads\/2019\/01\/Lausanne-weddingphotographer-lindaotterstedt-16-1068x1600.jpg 1068w, https:\/\/lindaotterstedt.com\/wp-content\/uploads\/2019\/01\/Lausanne-weddingphotographer-lindaotterstedt-16.jpg 1335w\" sizes=\"(max-width: 684px) 100vw, 684px\" \/><p id=\"caption-attachment-102\" class=\"wp-caption-text\">In i skogen.<\/p><\/div>\n<div id=\"attachment_103\" style=\"width: 970px\" class=\"wp-caption aligncenter\"><img loading=\"lazy\" decoding=\"async\" aria-describedby=\"caption-attachment-103\" class=\"wp-image-103 size-large\" src=\"http:\/\/lindaotterstedt.com\/wp-content\/uploads\/2019\/01\/Lausanne-weddingphotographer-lindaotterstedt-17-1024x684.jpg\" alt=\"\" width=\"960\" height=\"641\" srcset=\"https:\/\/lindaotterstedt.com\/wp-content\/uploads\/2019\/01\/Lausanne-weddingphotographer-lindaotterstedt-17-1024x684.jpg 1024w, https:\/\/lindaotterstedt.com\/wp-content\/uploads\/2019\/01\/Lausanne-weddingphotographer-lindaotterstedt-17-300x200.jpg 300w, https:\/\/lindaotterstedt.com\/wp-content\/uploads\/2019\/01\/Lausanne-weddingphotographer-lindaotterstedt-17-768x513.jpg 768w, https:\/\/lindaotterstedt.com\/wp-content\/uploads\/2019\/01\/Lausanne-weddingphotographer-lindaotterstedt-17-1600x1068.jpg 1600w, https:\/\/lindaotterstedt.com\/wp-content\/uploads\/2019\/01\/Lausanne-weddingphotographer-lindaotterstedt-17.jpg 2000w\" sizes=\"(max-width: 960px) 100vw, 960px\" \/><p id=\"caption-attachment-103\" class=\"wp-caption-text\">Det \u00e4r faktiskt en liten bj\u00f6rkskog, mellan tv\u00e5 v\u00e4gar.<\/p><\/div>\n<div id=\"attachment_104\" style=\"width: 970px\" class=\"wp-caption aligncenter\"><img loading=\"lazy\" decoding=\"async\" aria-describedby=\"caption-attachment-104\" class=\"wp-image-104 size-large\" src=\"http:\/\/lindaotterstedt.com\/wp-content\/uploads\/2019\/01\/Lausanne-weddingphotographer-lindaotterstedt-18-1024x684.jpg\" alt=\"\" width=\"960\" height=\"641\" srcset=\"https:\/\/lindaotterstedt.com\/wp-content\/uploads\/2019\/01\/Lausanne-weddingphotographer-lindaotterstedt-18-1024x684.jpg 1024w, https:\/\/lindaotterstedt.com\/wp-content\/uploads\/2019\/01\/Lausanne-weddingphotographer-lindaotterstedt-18-300x200.jpg 300w, https:\/\/lindaotterstedt.com\/wp-content\/uploads\/2019\/01\/Lausanne-weddingphotographer-lindaotterstedt-18-768x513.jpg 768w, https:\/\/lindaotterstedt.com\/wp-content\/uploads\/2019\/01\/Lausanne-weddingphotographer-lindaotterstedt-18-1600x1068.jpg 1600w, https:\/\/lindaotterstedt.com\/wp-content\/uploads\/2019\/01\/Lausanne-weddingphotographer-lindaotterstedt-18.jpg 2000w\" sizes=\"(max-width: 960px) 100vw, 960px\" \/><p id=\"caption-attachment-104\" class=\"wp-caption-text\">Jag \u00e4lskar dig.<\/p><\/div>\n<div id=\"attachment_105\" style=\"width: 970px\" class=\"wp-caption aligncenter\"><img loading=\"lazy\" decoding=\"async\" aria-describedby=\"caption-attachment-105\" class=\"wp-image-105 size-large\" src=\"http:\/\/lindaotterstedt.com\/wp-content\/uploads\/2019\/01\/Lausanne-weddingphotographer-lindaotterstedt-19-1024x684.jpg\" alt=\"\" width=\"960\" height=\"641\" srcset=\"https:\/\/lindaotterstedt.com\/wp-content\/uploads\/2019\/01\/Lausanne-weddingphotographer-lindaotterstedt-19-1024x684.jpg 1024w, https:\/\/lindaotterstedt.com\/wp-content\/uploads\/2019\/01\/Lausanne-weddingphotographer-lindaotterstedt-19-300x200.jpg 300w, https:\/\/lindaotterstedt.com\/wp-content\/uploads\/2019\/01\/Lausanne-weddingphotographer-lindaotterstedt-19-768x513.jpg 768w, https:\/\/lindaotterstedt.com\/wp-content\/uploads\/2019\/01\/Lausanne-weddingphotographer-lindaotterstedt-19-1600x1068.jpg 1600w, https:\/\/lindaotterstedt.com\/wp-content\/uploads\/2019\/01\/Lausanne-weddingphotographer-lindaotterstedt-19.jpg 2000w\" sizes=\"(max-width: 960px) 100vw, 960px\" \/><p id=\"caption-attachment-105\" class=\"wp-caption-text\">DIY &#8211; H\u00e4rligt och vackert inrett st\u00e4lle.<\/p><\/div>\n<div id=\"attachment_106\" style=\"width: 694px\" class=\"wp-caption aligncenter\"><img loading=\"lazy\" decoding=\"async\" aria-describedby=\"caption-attachment-106\" class=\"wp-image-106 size-large\" src=\"http:\/\/lindaotterstedt.com\/wp-content\/uploads\/2019\/01\/Lausanne-weddingphotographer-lindaotterstedt-20-684x1024.jpg\" alt=\"\" width=\"684\" height=\"1024\" srcset=\"https:\/\/lindaotterstedt.com\/wp-content\/uploads\/2019\/01\/Lausanne-weddingphotographer-lindaotterstedt-20-684x1024.jpg 684w, https:\/\/lindaotterstedt.com\/wp-content\/uploads\/2019\/01\/Lausanne-weddingphotographer-lindaotterstedt-20-200x300.jpg 200w, https:\/\/lindaotterstedt.com\/wp-content\/uploads\/2019\/01\/Lausanne-weddingphotographer-lindaotterstedt-20-768x1151.jpg 768w, https:\/\/lindaotterstedt.com\/wp-content\/uploads\/2019\/01\/Lausanne-weddingphotographer-lindaotterstedt-20-1068x1600.jpg 1068w, https:\/\/lindaotterstedt.com\/wp-content\/uploads\/2019\/01\/Lausanne-weddingphotographer-lindaotterstedt-20.jpg 1335w\" sizes=\"(max-width: 684px) 100vw, 684px\" \/><p id=\"caption-attachment-106\" class=\"wp-caption-text\">Redo f\u00f6r middag?<\/p><\/div>\n<div id=\"attachment_122\" style=\"width: 694px\" class=\"wp-caption aligncenter\"><img loading=\"lazy\" decoding=\"async\" aria-describedby=\"caption-attachment-122\" class=\"wp-image-122 size-large\" src=\"http:\/\/lindaotterstedt.com\/wp-content\/uploads\/2019\/01\/wedding-switzerland-fjallbacka-marriage-geneva-brollop-lindaotterstedt-0531-684x1024.jpg\" alt=\"\" width=\"684\" height=\"1024\" srcset=\"https:\/\/lindaotterstedt.com\/wp-content\/uploads\/2019\/01\/wedding-switzerland-fjallbacka-marriage-geneva-brollop-lindaotterstedt-0531-684x1024.jpg 684w, https:\/\/lindaotterstedt.com\/wp-content\/uploads\/2019\/01\/wedding-switzerland-fjallbacka-marriage-geneva-brollop-lindaotterstedt-0531-200x300.jpg 200w, https:\/\/lindaotterstedt.com\/wp-content\/uploads\/2019\/01\/wedding-switzerland-fjallbacka-marriage-geneva-brollop-lindaotterstedt-0531-768x1151.jpg 768w, https:\/\/lindaotterstedt.com\/wp-content\/uploads\/2019\/01\/wedding-switzerland-fjallbacka-marriage-geneva-brollop-lindaotterstedt-0531-1068x1600.jpg 1068w, https:\/\/lindaotterstedt.com\/wp-content\/uploads\/2019\/01\/wedding-switzerland-fjallbacka-marriage-geneva-brollop-lindaotterstedt-0531.jpg 1335w\" sizes=\"(max-width: 684px) 100vw, 684px\" \/><p id=\"caption-attachment-122\" class=\"wp-caption-text\">Ja, vi gjorde det!<\/p><\/div>\n","protected":false},"excerpt":{"rendered":"<p>Sitter och tittar ut genom mitt f\u00f6nster och sn\u00f6n faller ner. Hur vackert \u00e4r inte det! Jag \u00e4lskar sn\u00f6n men jag gillar inte n\u00e4r jag fryser. Ganska roligt faktiskt d\u00e5 jag har jobbat som skidguide i tre s\u00e4songer i de franska alperna. Hur som helst har jag just avslutat ett jobb med ett br\u00f6llop i [&hellip;]<\/p>\n","protected":false},"author":4,"featured_media":2053,"comment_status":"open","ping_status":"open","sticky":false,"template":"","format":"standard","meta":{"_et_pb_use_builder":"","_et_pb_old_content":"","_et_gb_content_width":"","footnotes":""},"categories":[86,105],"tags":[],"class_list":["post-3179","post","type-post","status-publish","format-standard","has-post-thumbnail","hentry","category-brollop","category-fjallbacka-sv"],"yoast_head":"<!-- This site is optimized with the Yoast SEO plugin v28.2 - https:\/\/yoast.com\/product\/yoast-seo-wordpress\/ -->\n<title>Vackert br\u00f6llop i Fj\u00e4llbacka - Linda Otterstedt Photography<\/title>\n<meta name=\"robots\" content=\"index, follow, max-snippet:-1, max-image-preview:large, max-video-preview:-1\" \/>\n<link rel=\"canonical\" href=\"https:\/\/lindaotterstedt.com\/sv\/brollop-pa-svenska-vastkusten-fjallbacka\/\" \/>\n<meta property=\"og:locale\" content=\"sv_SE\" \/>\n<meta property=\"og:type\" content=\"article\" \/>\n<meta property=\"og:title\" content=\"Br\u00f6llopsfotograf\" \/>\n<meta property=\"og:description\" content=\"Sitter och tittar ut genom mitt f\u00f6nster och sn\u00f6n faller ner. Hur vackert \u00e4r inte det! Jag \u00e4lskar sn\u00f6n men jag gillar inte n\u00e4r jag fryser. Ganska roligt faktiskt d\u00e5 jag har jobbat som skidguide i tre s\u00e4songer i de franska alperna. Hur som helst har jag just avslutat ett jobb med ett br\u00f6llop i [&hellip;]\" \/>\n<meta property=\"og:url\" content=\"https:\/\/lindaotterstedt.com\/sv\/brollop-pa-svenska-vastkusten-fjallbacka\/\" \/>\n<meta property=\"og:site_name\" content=\"Linda Otterstedt Photography\" \/>\n<meta property=\"article:publisher\" content=\"https:\/\/www.facebook.com\/lindaotterstedtphotography\" \/>\n<meta property=\"article:published_time\" content=\"2019-02-01T14:02:52+00:00\" \/>\n<meta property=\"article:modified_time\" content=\"2023-01-07T22:05:39+00:00\" \/>\n<meta property=\"og:image\" content=\"https:\/\/lindaotterstedt.com\/wp-content\/uploads\/2022\/06\/brollopsfotograf-brollop-weddingphotographer-brollopsfoto-8891-1024x684.jpg\" \/>\n<meta name=\"author\" content=\"lotterstedt\" \/>\n<meta name=\"twitter:card\" content=\"summary_large_image\" \/>\n<meta name=\"twitter:title\" content=\"Br\u00f6llopsfotograf\" \/>\n<meta name=\"twitter:image\" content=\"https:\/\/lindaotterstedt.com\/wp-content\/uploads\/2022\/06\/brollopsfotograf-brollop-weddingphotographer-brollopsfoto-8891-1024x684.jpg\" \/>\n<meta name=\"twitter:label1\" content=\"Skriven av\" \/>\n\t<meta name=\"twitter:data1\" content=\"lotterstedt\" \/>\n\t<meta name=\"twitter:label2\" content=\"Ber\u00e4knad l\u00e4stid\" \/>\n\t<meta name=\"twitter:data2\" content=\"3 minuter\" \/>\n<script type=\"application\/ld+json\" class=\"yoast-schema-graph\">{\"@context\":\"https:\\\/\\\/schema.org\",\"@graph\":[{\"@type\":\"Article\",\"@id\":\"https:\\\/\\\/lindaotterstedt.com\\\/sv\\\/brollop-pa-svenska-vastkusten-fjallbacka\\\/#article\",\"isPartOf\":{\"@id\":\"https:\\\/\\\/lindaotterstedt.com\\\/sv\\\/brollop-pa-svenska-vastkusten-fjallbacka\\\/\"},\"author\":{\"name\":\"lotterstedt\",\"@id\":\"https:\\\/\\\/lindaotterstedt.com\\\/sv\\\/#\\\/schema\\\/person\\\/d0a3e198c5e20dccae960da72784d717\"},\"headline\":\"Vackert br\u00f6llop i Fj\u00e4llbacka\",\"datePublished\":\"2019-02-01T14:02:52+00:00\",\"dateModified\":\"2023-01-07T22:05:39+00:00\",\"mainEntityOfPage\":{\"@id\":\"https:\\\/\\\/lindaotterstedt.com\\\/sv\\\/brollop-pa-svenska-vastkusten-fjallbacka\\\/\"},\"wordCount\":522,\"commentCount\":0,\"publisher\":{\"@id\":\"https:\\\/\\\/lindaotterstedt.com\\\/sv\\\/#organization\"},\"image\":{\"@id\":\"https:\\\/\\\/lindaotterstedt.com\\\/sv\\\/brollop-pa-svenska-vastkusten-fjallbacka\\\/#primaryimage\"},\"thumbnailUrl\":\"https:\\\/\\\/lindaotterstedt.com\\\/wp-content\\\/uploads\\\/2019\\\/01\\\/wedding-switzerland-fjallbacka-marriage-geneva-brollop-lindaotterstedt-0531.jpg\",\"articleSection\":[\"Br\u00f6llop\",\"FJ\u00c4LLBACKA\"],\"inLanguage\":\"sv-SE\",\"potentialAction\":[{\"@type\":\"CommentAction\",\"name\":\"Comment\",\"target\":[\"https:\\\/\\\/lindaotterstedt.com\\\/sv\\\/brollop-pa-svenska-vastkusten-fjallbacka\\\/#respond\"]}]},{\"@type\":\"WebPage\",\"@id\":\"https:\\\/\\\/lindaotterstedt.com\\\/sv\\\/brollop-pa-svenska-vastkusten-fjallbacka\\\/\",\"url\":\"https:\\\/\\\/lindaotterstedt.com\\\/sv\\\/brollop-pa-svenska-vastkusten-fjallbacka\\\/\",\"name\":\"Vackert br\u00f6llop i Fj\u00e4llbacka - Linda Otterstedt Photography\",\"isPartOf\":{\"@id\":\"https:\\\/\\\/lindaotterstedt.com\\\/sv\\\/#website\"},\"primaryImageOfPage\":{\"@id\":\"https:\\\/\\\/lindaotterstedt.com\\\/sv\\\/brollop-pa-svenska-vastkusten-fjallbacka\\\/#primaryimage\"},\"image\":{\"@id\":\"https:\\\/\\\/lindaotterstedt.com\\\/sv\\\/brollop-pa-svenska-vastkusten-fjallbacka\\\/#primaryimage\"},\"thumbnailUrl\":\"https:\\\/\\\/lindaotterstedt.com\\\/wp-content\\\/uploads\\\/2019\\\/01\\\/wedding-switzerland-fjallbacka-marriage-geneva-brollop-lindaotterstedt-0531.jpg\",\"datePublished\":\"2019-02-01T14:02:52+00:00\",\"dateModified\":\"2023-01-07T22:05:39+00:00\",\"breadcrumb\":{\"@id\":\"https:\\\/\\\/lindaotterstedt.com\\\/sv\\\/brollop-pa-svenska-vastkusten-fjallbacka\\\/#breadcrumb\"},\"inLanguage\":\"sv-SE\",\"potentialAction\":[{\"@type\":\"ReadAction\",\"target\":[\"https:\\\/\\\/lindaotterstedt.com\\\/sv\\\/brollop-pa-svenska-vastkusten-fjallbacka\\\/\"]}]},{\"@type\":\"ImageObject\",\"inLanguage\":\"sv-SE\",\"@id\":\"https:\\\/\\\/lindaotterstedt.com\\\/sv\\\/brollop-pa-svenska-vastkusten-fjallbacka\\\/#primaryimage\",\"url\":\"https:\\\/\\\/lindaotterstedt.com\\\/wp-content\\\/uploads\\\/2019\\\/01\\\/wedding-switzerland-fjallbacka-marriage-geneva-brollop-lindaotterstedt-0531.jpg\",\"contentUrl\":\"https:\\\/\\\/lindaotterstedt.com\\\/wp-content\\\/uploads\\\/2019\\\/01\\\/wedding-switzerland-fjallbacka-marriage-geneva-brollop-lindaotterstedt-0531.jpg\",\"width\":1335,\"height\":2000},{\"@type\":\"BreadcrumbList\",\"@id\":\"https:\\\/\\\/lindaotterstedt.com\\\/sv\\\/brollop-pa-svenska-vastkusten-fjallbacka\\\/#breadcrumb\",\"itemListElement\":[{\"@type\":\"ListItem\",\"position\":1,\"name\":\"Home\",\"item\":\"https:\\\/\\\/lindaotterstedt.com\\\/sv\\\/\"},{\"@type\":\"ListItem\",\"position\":2,\"name\":\"Vackert br\u00f6llop i Fj\u00e4llbacka\"}]},{\"@type\":\"WebSite\",\"@id\":\"https:\\\/\\\/lindaotterstedt.com\\\/sv\\\/#website\",\"url\":\"https:\\\/\\\/lindaotterstedt.com\\\/sv\\\/\",\"name\":\"Linda Otterstedt Photography\",\"description\":\"Photography for generations to come\",\"publisher\":{\"@id\":\"https:\\\/\\\/lindaotterstedt.com\\\/sv\\\/#organization\"},\"potentialAction\":[{\"@type\":\"SearchAction\",\"target\":{\"@type\":\"EntryPoint\",\"urlTemplate\":\"https:\\\/\\\/lindaotterstedt.com\\\/sv\\\/?s={search_term_string}\"},\"query-input\":{\"@type\":\"PropertyValueSpecification\",\"valueRequired\":true,\"valueName\":\"search_term_string\"}}],\"inLanguage\":\"sv-SE\"},{\"@type\":\"Organization\",\"@id\":\"https:\\\/\\\/lindaotterstedt.com\\\/sv\\\/#organization\",\"name\":\"Linda Otterstedt Photography\",\"alternateName\":\"LOP\",\"url\":\"https:\\\/\\\/lindaotterstedt.com\\\/sv\\\/\",\"logo\":{\"@type\":\"ImageObject\",\"inLanguage\":\"sv-SE\",\"@id\":\"https:\\\/\\\/lindaotterstedt.com\\\/sv\\\/#\\\/schema\\\/logo\\\/image\\\/\",\"url\":\"https:\\\/\\\/lindaotterstedt.com\\\/wp-content\\\/uploads\\\/2023\\\/03\\\/1400_LOGO_Linda_Otterstedt_Standard_Logo_Transparent-copy.png\",\"contentUrl\":\"https:\\\/\\\/lindaotterstedt.com\\\/wp-content\\\/uploads\\\/2023\\\/03\\\/1400_LOGO_Linda_Otterstedt_Standard_Logo_Transparent-copy.png\",\"width\":2684,\"height\":1400,\"caption\":\"Linda Otterstedt Photography\"},\"image\":{\"@id\":\"https:\\\/\\\/lindaotterstedt.com\\\/sv\\\/#\\\/schema\\\/logo\\\/image\\\/\"},\"sameAs\":[\"https:\\\/\\\/www.facebook.com\\\/lindaotterstedtphotography\",\"https:\\\/\\\/www.instagram.com\\\/worldphotographer\",\"https:\\\/\\\/www.instagram.com\\\/worldphotographer_weddings\",\"https:\\\/\\\/www.linkedin.com\\\/in\\\/linda-otterstedt-1886235\\\/\"]},{\"@type\":\"Person\",\"@id\":\"https:\\\/\\\/lindaotterstedt.com\\\/sv\\\/#\\\/schema\\\/person\\\/d0a3e198c5e20dccae960da72784d717\",\"name\":\"lotterstedt\",\"description\":\"Hi and welcome to my page! I'm Linda, I'm Swedish but I'm something else too. I'm an expat. I have lived out of Sweden since year 2000, in 9 different countries around the world. For now I'm in Lausanne, Switzerland and I love this place. I'm willing to travel for work, just let me know where you need me. See ya! \\\/LINDA\",\"sameAs\":[\"http:\\\/\\\/www.lindaotterstedt.com\"]}]}<\/script>\n<!-- \/ Yoast SEO plugin. -->","yoast_head_json":{"title":"Vackert br\u00f6llop i Fj\u00e4llbacka - Linda Otterstedt Photography","robots":{"index":"index","follow":"follow","max-snippet":"max-snippet:-1","max-image-preview":"max-image-preview:large","max-video-preview":"max-video-preview:-1"},"canonical":"https:\/\/lindaotterstedt.com\/sv\/brollop-pa-svenska-vastkusten-fjallbacka\/","og_locale":"sv_SE","og_type":"article","og_title":"Br\u00f6llopsfotograf","og_description":"Sitter och tittar ut genom mitt f\u00f6nster och sn\u00f6n faller ner. Hur vackert \u00e4r inte det! Jag \u00e4lskar sn\u00f6n men jag gillar inte n\u00e4r jag fryser. Ganska roligt faktiskt d\u00e5 jag har jobbat som skidguide i tre s\u00e4songer i de franska alperna. Hur som helst har jag just avslutat ett jobb med ett br\u00f6llop i [&hellip;]","og_url":"https:\/\/lindaotterstedt.com\/sv\/brollop-pa-svenska-vastkusten-fjallbacka\/","og_site_name":"Linda Otterstedt Photography","article_publisher":"https:\/\/www.facebook.com\/lindaotterstedtphotography","article_published_time":"2019-02-01T14:02:52+00:00","article_modified_time":"2023-01-07T22:05:39+00:00","og_image":[{"url":"https:\/\/lindaotterstedt.com\/wp-content\/uploads\/2022\/06\/brollopsfotograf-brollop-weddingphotographer-brollopsfoto-8891-1024x684.jpg","type":"","width":"","height":""}],"author":"lotterstedt","twitter_card":"summary_large_image","twitter_title":"Br\u00f6llopsfotograf","twitter_image":"https:\/\/lindaotterstedt.com\/wp-content\/uploads\/2022\/06\/brollopsfotograf-brollop-weddingphotographer-brollopsfoto-8891-1024x684.jpg","twitter_misc":{"Skriven av":"lotterstedt","Ber\u00e4knad l\u00e4stid":"3 minuter"},"schema":{"@context":"https:\/\/schema.org","@graph":[{"@type":"Article","@id":"https:\/\/lindaotterstedt.com\/sv\/brollop-pa-svenska-vastkusten-fjallbacka\/#article","isPartOf":{"@id":"https:\/\/lindaotterstedt.com\/sv\/brollop-pa-svenska-vastkusten-fjallbacka\/"},"author":{"name":"lotterstedt","@id":"https:\/\/lindaotterstedt.com\/sv\/#\/schema\/person\/d0a3e198c5e20dccae960da72784d717"},"headline":"Vackert br\u00f6llop i Fj\u00e4llbacka","datePublished":"2019-02-01T14:02:52+00:00","dateModified":"2023-01-07T22:05:39+00:00","mainEntityOfPage":{"@id":"https:\/\/lindaotterstedt.com\/sv\/brollop-pa-svenska-vastkusten-fjallbacka\/"},"wordCount":522,"commentCount":0,"publisher":{"@id":"https:\/\/lindaotterstedt.com\/sv\/#organization"},"image":{"@id":"https:\/\/lindaotterstedt.com\/sv\/brollop-pa-svenska-vastkusten-fjallbacka\/#primaryimage"},"thumbnailUrl":"https:\/\/lindaotterstedt.com\/wp-content\/uploads\/2019\/01\/wedding-switzerland-fjallbacka-marriage-geneva-brollop-lindaotterstedt-0531.jpg","articleSection":["Br\u00f6llop","FJ\u00c4LLBACKA"],"inLanguage":"sv-SE","potentialAction":[{"@type":"CommentAction","name":"Comment","target":["https:\/\/lindaotterstedt.com\/sv\/brollop-pa-svenska-vastkusten-fjallbacka\/#respond"]}]},{"@type":"WebPage","@id":"https:\/\/lindaotterstedt.com\/sv\/brollop-pa-svenska-vastkusten-fjallbacka\/","url":"https:\/\/lindaotterstedt.com\/sv\/brollop-pa-svenska-vastkusten-fjallbacka\/","name":"Vackert br\u00f6llop i Fj\u00e4llbacka - Linda Otterstedt Photography","isPartOf":{"@id":"https:\/\/lindaotterstedt.com\/sv\/#website"},"primaryImageOfPage":{"@id":"https:\/\/lindaotterstedt.com\/sv\/brollop-pa-svenska-vastkusten-fjallbacka\/#primaryimage"},"image":{"@id":"https:\/\/lindaotterstedt.com\/sv\/brollop-pa-svenska-vastkusten-fjallbacka\/#primaryimage"},"thumbnailUrl":"https:\/\/lindaotterstedt.com\/wp-content\/uploads\/2019\/01\/wedding-switzerland-fjallbacka-marriage-geneva-brollop-lindaotterstedt-0531.jpg","datePublished":"2019-02-01T14:02:52+00:00","dateModified":"2023-01-07T22:05:39+00:00","breadcrumb":{"@id":"https:\/\/lindaotterstedt.com\/sv\/brollop-pa-svenska-vastkusten-fjallbacka\/#breadcrumb"},"inLanguage":"sv-SE","potentialAction":[{"@type":"ReadAction","target":["https:\/\/lindaotterstedt.com\/sv\/brollop-pa-svenska-vastkusten-fjallbacka\/"]}]},{"@type":"ImageObject","inLanguage":"sv-SE","@id":"https:\/\/lindaotterstedt.com\/sv\/brollop-pa-svenska-vastkusten-fjallbacka\/#primaryimage","url":"https:\/\/lindaotterstedt.com\/wp-content\/uploads\/2019\/01\/wedding-switzerland-fjallbacka-marriage-geneva-brollop-lindaotterstedt-0531.jpg","contentUrl":"https:\/\/lindaotterstedt.com\/wp-content\/uploads\/2019\/01\/wedding-switzerland-fjallbacka-marriage-geneva-brollop-lindaotterstedt-0531.jpg","width":1335,"height":2000},{"@type":"BreadcrumbList","@id":"https:\/\/lindaotterstedt.com\/sv\/brollop-pa-svenska-vastkusten-fjallbacka\/#breadcrumb","itemListElement":[{"@type":"ListItem","position":1,"name":"Home","item":"https:\/\/lindaotterstedt.com\/sv\/"},{"@type":"ListItem","position":2,"name":"Vackert br\u00f6llop i Fj\u00e4llbacka"}]},{"@type":"WebSite","@id":"https:\/\/lindaotterstedt.com\/sv\/#website","url":"https:\/\/lindaotterstedt.com\/sv\/","name":"Linda Otterstedt Photography","description":"Photography for generations to come","publisher":{"@id":"https:\/\/lindaotterstedt.com\/sv\/#organization"},"potentialAction":[{"@type":"SearchAction","target":{"@type":"EntryPoint","urlTemplate":"https:\/\/lindaotterstedt.com\/sv\/?s={search_term_string}"},"query-input":{"@type":"PropertyValueSpecification","valueRequired":true,"valueName":"search_term_string"}}],"inLanguage":"sv-SE"},{"@type":"Organization","@id":"https:\/\/lindaotterstedt.com\/sv\/#organization","name":"Linda Otterstedt Photography","alternateName":"LOP","url":"https:\/\/lindaotterstedt.com\/sv\/","logo":{"@type":"ImageObject","inLanguage":"sv-SE","@id":"https:\/\/lindaotterstedt.com\/sv\/#\/schema\/logo\/image\/","url":"https:\/\/lindaotterstedt.com\/wp-content\/uploads\/2023\/03\/1400_LOGO_Linda_Otterstedt_Standard_Logo_Transparent-copy.png","contentUrl":"https:\/\/lindaotterstedt.com\/wp-content\/uploads\/2023\/03\/1400_LOGO_Linda_Otterstedt_Standard_Logo_Transparent-copy.png","width":2684,"height":1400,"caption":"Linda Otterstedt Photography"},"image":{"@id":"https:\/\/lindaotterstedt.com\/sv\/#\/schema\/logo\/image\/"},"sameAs":["https:\/\/www.facebook.com\/lindaotterstedtphotography","https:\/\/www.instagram.com\/worldphotographer","https:\/\/www.instagram.com\/worldphotographer_weddings","https:\/\/www.linkedin.com\/in\/linda-otterstedt-1886235\/"]},{"@type":"Person","@id":"https:\/\/lindaotterstedt.com\/sv\/#\/schema\/person\/d0a3e198c5e20dccae960da72784d717","name":"lotterstedt","description":"Hi and welcome to my page! I'm Linda, I'm Swedish but I'm something else too. I'm an expat. I have lived out of Sweden since year 2000, in 9 different countries around the world. For now I'm in Lausanne, Switzerland and I love this place. I'm willing to travel for work, just let me know where you need me. See ya! \/LINDA","sameAs":["http:\/\/www.lindaotterstedt.com"]}]}},"_links":{"self":[{"href":"https:\/\/lindaotterstedt.com\/sv\/wp-json\/wp\/v2\/posts\/3179","targetHints":{"allow":["GET"]}}],"collection":[{"href":"https:\/\/lindaotterstedt.com\/sv\/wp-json\/wp\/v2\/posts"}],"about":[{"href":"https:\/\/lindaotterstedt.com\/sv\/wp-json\/wp\/v2\/types\/post"}],"author":[{"embeddable":true,"href":"https:\/\/lindaotterstedt.com\/sv\/wp-json\/wp\/v2\/users\/4"}],"replies":[{"embeddable":true,"href":"https:\/\/lindaotterstedt.com\/sv\/wp-json\/wp\/v2\/comments?post=3179"}],"version-history":[{"count":4,"href":"https:\/\/lindaotterstedt.com\/sv\/wp-json\/wp\/v2\/posts\/3179\/revisions"}],"predecessor-version":[{"id":5154,"href":"https:\/\/lindaotterstedt.com\/sv\/wp-json\/wp\/v2\/posts\/3179\/revisions\/5154"}],"wp:featuredmedia":[{"embeddable":true,"href":"https:\/\/lindaotterstedt.com\/sv\/wp-json\/wp\/v2\/media\/2053"}],"wp:attachment":[{"href":"https:\/\/lindaotterstedt.com\/sv\/wp-json\/wp\/v2\/media?parent=3179"}],"wp:term":[{"taxonomy":"category","embeddable":true,"href":"https:\/\/lindaotterstedt.com\/sv\/wp-json\/wp\/v2\/categories?post=3179"},{"taxonomy":"post_tag","embeddable":true,"href":"https:\/\/lindaotterstedt.com\/sv\/wp-json\/wp\/v2\/tags?post=3179"}],"curies":[{"name":"wp","href":"https:\/\/api.w.org\/{rel}","templated":true}]}}