{"id":3182,"date":"2018-10-31T14:20:46","date_gmt":"2018-10-31T13:20:46","guid":{"rendered":"https:\/\/lindaotterstedt-com.lyricalstaging.com\/hur-jag-flyttade-land-med-mitt-fotoforetag\/"},"modified":"2022-06-07T11:22:15","modified_gmt":"2022-06-07T09:22:15","slug":"hur-jag-flyttade-land-med-mitt-fotoforetag","status":"publish","type":"post","link":"https:\/\/lindaotterstedt.com\/sv\/hur-jag-flyttade-land-med-mitt-fotoforetag\/","title":{"rendered":"Hur jag flyttade till ett nytt land med mitt fotof\u00f6retag"},"content":{"rendered":"<div id=\"attachment_17\" style=\"width: 970px\" class=\"wp-caption aligncenter\"><img loading=\"lazy\" decoding=\"async\" aria-describedby=\"caption-attachment-17\" class=\"wp-image-17 size-large\" src=\"http:\/\/lindaotterstedt.com\/wp-content\/uploads\/2018\/10\/DSC_6391-1024x683.jpg\" alt=\"\" width=\"960\" height=\"640\" srcset=\"https:\/\/lindaotterstedt.com\/wp-content\/uploads\/2018\/10\/DSC_6391-1024x683.jpg 1024w, https:\/\/lindaotterstedt.com\/wp-content\/uploads\/2018\/10\/DSC_6391-300x200.jpg 300w, https:\/\/lindaotterstedt.com\/wp-content\/uploads\/2018\/10\/DSC_6391-768x512.jpg 768w, https:\/\/lindaotterstedt.com\/wp-content\/uploads\/2018\/10\/DSC_6391-1600x1068.jpg 1600w\" sizes=\"(max-width: 960px) 100vw, 960px\" \/><p id=\"caption-attachment-17\" class=\"wp-caption-text\">Villars i kantonen Vaud<\/p><\/div>\n<p>Att komma till ett nytt land och till en ny stad, som jag gjorde i januari i \u00e5r, \u00e4r inte l\u00e4tt n\u00e4r man jobbar som frilansande fotograf. Du kommer till en v\u00e4rld d\u00e4r du inte k\u00e4nner n\u00e5gon, du har inga kontakter, inga gamla v\u00e4nner, inget n\u00e4tverk \u2013 ja du m\u00e5ste b\u00f6rja om fr\u00e5n b\u00f6rjan som om du vore en nyb\u00f6rjare, fr\u00e5n b\u00f6rjan, fr\u00e5n noll.<\/p>\n<p>Lite frustrerande eftersom du \u00e4r van vid att jobba mycket och att ha kunder som h\u00e4nvisar dig och nu \u00e4r det supertyst i din e-postinkorg.<br \/>\nS\u00e5 vad g\u00f6r du?<\/p>\n<p>Tja, f\u00f6rst m\u00e5ste du ta hand om ditt hus, barnen och deras skola s\u00e5 de f\u00f6rsta m\u00e5naderna i ett nytt land handlar faktiskt om alla andra, inte om mig och mitt f\u00f6retag. R\u00e4dda f\u00f6rst barnen sedan dig sj\u00e4lv. Din man tar hand om sig sj\u00e4lv och sitt arbete.<\/p>\n<p>N\u00e4r allt \u00e4r klart kan du b\u00f6rja leva, sakta knyta kontakter och v\u00e4nta p\u00e5 att inkorgen \u00e4r full av nya kunder som skriker efter din tj\u00e4nst.<br \/>\n\u2013 Nej, nej, nej, f\u00f6rst m\u00e5ste man marknadsf\u00f6ra sig MYCKET, men det \u00e4r en annan historia.<\/p>\n<p>Men hur \u00e4r det med v\u00e5ren i Schweiz? Det var po\u00e4ngen med den h\u00e4r historien. Medan jag v\u00e4ntar p\u00e5 att alla mina nya kunder ska hitta mig jobbar jag med min hobby.<br \/>\n&#8211; Exakt! &#8211; Landskapsfotografering.<\/p>\n<p>Att k\u00f6ra runt i det h\u00e4r landet f\u00e5r mig n\u00e4stan att gr\u00e5ta, DET \u00c4R S\u00c5 VACKERT! Vart du \u00e4n g\u00e5r och bakom varje kurva finns ett nytt fantastiskt landskap, och jag kan inte bara l\u00e4mna det utan att ta en liten bild. Min familj blir irriterad&#8230;<\/p>\n<p>En sak \u00e4r s\u00e4ker, om du bara ser landskapsfoton h\u00e4r och du inte ser n\u00e5gra nya familjebilder eller barnfoton p\u00e5 ett tag, \u00e4r det f\u00f6r att mina klienter att vara, inte vet \u00e4nnu var de ska hitta mig.<\/p>\n<p>\/LINDA<\/p>\n<div id=\"attachment_9\" style=\"width: 970px\" class=\"wp-caption aligncenter\"><img loading=\"lazy\" decoding=\"async\" aria-describedby=\"caption-attachment-9\" class=\"wp-image-9 size-large\" src=\"http:\/\/lindaotterstedt.com\/wp-content\/uploads\/2018\/10\/landscape-lausannephotographer-lindaotterstedt-1024x683.jpg\" alt=\"\" width=\"960\" height=\"640\" srcset=\"https:\/\/lindaotterstedt.com\/wp-content\/uploads\/2018\/10\/landscape-lausannephotographer-lindaotterstedt-1024x683.jpg 1024w, https:\/\/lindaotterstedt.com\/wp-content\/uploads\/2018\/10\/landscape-lausannephotographer-lindaotterstedt-300x200.jpg 300w, https:\/\/lindaotterstedt.com\/wp-content\/uploads\/2018\/10\/landscape-lausannephotographer-lindaotterstedt-768x513.jpg 768w\" sizes=\"(max-width: 960px) 100vw, 960px\" \/><p id=\"caption-attachment-9\" class=\"wp-caption-text\">Villars i kantonen Vaud<\/p><\/div>\n<div id=\"attachment_79\" style=\"width: 970px\" class=\"wp-caption aligncenter\"><img loading=\"lazy\" decoding=\"async\" aria-describedby=\"caption-attachment-79\" class=\"wp-image-79 size-large\" src=\"http:\/\/lindaotterstedt.com\/wp-content\/uploads\/2018\/10\/landscape-lausannephotographer-lindaotterstedt-2-1024x683.jpg\" alt=\"\" width=\"960\" height=\"640\" srcset=\"https:\/\/lindaotterstedt.com\/wp-content\/uploads\/2018\/10\/landscape-lausannephotographer-lindaotterstedt-2-1024x683.jpg 1024w, https:\/\/lindaotterstedt.com\/wp-content\/uploads\/2018\/10\/landscape-lausannephotographer-lindaotterstedt-2-300x200.jpg 300w, https:\/\/lindaotterstedt.com\/wp-content\/uploads\/2018\/10\/landscape-lausannephotographer-lindaotterstedt-2-768x513.jpg 768w, https:\/\/lindaotterstedt.com\/wp-content\/uploads\/2018\/10\/landscape-lausannephotographer-lindaotterstedt-2-1600x1068.jpg 1600w\" sizes=\"(max-width: 960px) 100vw, 960px\" \/><p id=\"caption-attachment-79\" class=\"wp-caption-text\">Mont Blanc i bortre \u00e4nden<\/p><\/div>\n<div id=\"attachment_80\" style=\"width: 970px\" class=\"wp-caption aligncenter\"><img loading=\"lazy\" decoding=\"async\" aria-describedby=\"caption-attachment-80\" class=\"wp-image-80 size-large\" src=\"http:\/\/lindaotterstedt.com\/wp-content\/uploads\/2018\/10\/lacleman-photographer-lausanne-geneve-switzerland-geneva-landscape_lindaotterstedt-7-1024x684.jpg\" alt=\"\" width=\"960\" height=\"641\" srcset=\"https:\/\/lindaotterstedt.com\/wp-content\/uploads\/2018\/10\/lacleman-photographer-lausanne-geneve-switzerland-geneva-landscape_lindaotterstedt-7-1024x684.jpg 1024w, https:\/\/lindaotterstedt.com\/wp-content\/uploads\/2018\/10\/lacleman-photographer-lausanne-geneve-switzerland-geneva-landscape_lindaotterstedt-7-300x200.jpg 300w, https:\/\/lindaotterstedt.com\/wp-content\/uploads\/2018\/10\/lacleman-photographer-lausanne-geneve-switzerland-geneva-landscape_lindaotterstedt-7-768x513.jpg 768w, https:\/\/lindaotterstedt.com\/wp-content\/uploads\/2018\/10\/lacleman-photographer-lausanne-geneve-switzerland-geneva-landscape_lindaotterstedt-7-1600x1068.jpg 1600w, https:\/\/lindaotterstedt.com\/wp-content\/uploads\/2018\/10\/lacleman-photographer-lausanne-geneve-switzerland-geneva-landscape_lindaotterstedt-7.jpg 2000w\" sizes=\"(max-width: 960px) 100vw, 960px\" \/><p id=\"caption-attachment-80\" class=\"wp-caption-text\">Gen\u00e8vesj\u00f6n<\/p><\/div>\n<div id=\"attachment_81\" style=\"width: 970px\" class=\"wp-caption aligncenter\"><img loading=\"lazy\" decoding=\"async\" aria-describedby=\"caption-attachment-81\" class=\"wp-image-81 size-large\" src=\"http:\/\/lindaotterstedt.com\/wp-content\/uploads\/2018\/10\/photographer-lausanne-geneve-switzerland-geneva-landscape_lindaotterstedt-6-1024x684.jpg\" alt=\"\" width=\"960\" height=\"641\" srcset=\"https:\/\/lindaotterstedt.com\/wp-content\/uploads\/2018\/10\/photographer-lausanne-geneve-switzerland-geneva-landscape_lindaotterstedt-6-1024x684.jpg 1024w, https:\/\/lindaotterstedt.com\/wp-content\/uploads\/2018\/10\/photographer-lausanne-geneve-switzerland-geneva-landscape_lindaotterstedt-6-300x200.jpg 300w, https:\/\/lindaotterstedt.com\/wp-content\/uploads\/2018\/10\/photographer-lausanne-geneve-switzerland-geneva-landscape_lindaotterstedt-6-768x513.jpg 768w, https:\/\/lindaotterstedt.com\/wp-content\/uploads\/2018\/10\/photographer-lausanne-geneve-switzerland-geneva-landscape_lindaotterstedt-6-1600x1068.jpg 1600w, https:\/\/lindaotterstedt.com\/wp-content\/uploads\/2018\/10\/photographer-lausanne-geneve-switzerland-geneva-landscape_lindaotterstedt-6.jpg 2000w\" sizes=\"(max-width: 960px) 100vw, 960px\" \/><p id=\"caption-attachment-81\" class=\"wp-caption-text\">Gen\u00e8vesj\u00f6n och Alperna<\/p><\/div>\n<div id=\"attachment_82\" style=\"width: 970px\" class=\"wp-caption aligncenter\"><img loading=\"lazy\" decoding=\"async\" aria-describedby=\"caption-attachment-82\" class=\"wp-image-82 size-large\" src=\"http:\/\/lindaotterstedt.com\/wp-content\/uploads\/2018\/10\/lausanne-geneve-fineart-lindaotterstedt-childrenphotographer-familyphotographer-5168-1024x684.jpg\" alt=\"\" width=\"960\" height=\"641\" srcset=\"https:\/\/lindaotterstedt.com\/wp-content\/uploads\/2018\/10\/lausanne-geneve-fineart-lindaotterstedt-childrenphotographer-familyphotographer-5168-1024x684.jpg 1024w, https:\/\/lindaotterstedt.com\/wp-content\/uploads\/2018\/10\/lausanne-geneve-fineart-lindaotterstedt-childrenphotographer-familyphotographer-5168-300x200.jpg 300w, https:\/\/lindaotterstedt.com\/wp-content\/uploads\/2018\/10\/lausanne-geneve-fineart-lindaotterstedt-childrenphotographer-familyphotographer-5168-768x513.jpg 768w, https:\/\/lindaotterstedt.com\/wp-content\/uploads\/2018\/10\/lausanne-geneve-fineart-lindaotterstedt-childrenphotographer-familyphotographer-5168-1600x1068.jpg 1600w, https:\/\/lindaotterstedt.com\/wp-content\/uploads\/2018\/10\/lausanne-geneve-fineart-lindaotterstedt-childrenphotographer-familyphotographer-5168.jpg 2000w\" sizes=\"(max-width: 960px) 100vw, 960px\" \/><p id=\"caption-attachment-82\" class=\"wp-caption-text\">Gen\u00e8vesj\u00f6n med Frankrike i bakgrunden<\/p><\/div>\n","protected":false},"excerpt":{"rendered":"<p>Att komma till ett nytt land och till en ny stad, som jag gjorde i januari i \u00e5r, \u00e4r inte l\u00e4tt n\u00e4r man jobbar som frilansande fotograf. Du kommer till en v\u00e4rld d\u00e4r du inte k\u00e4nner n\u00e5gon, du har inga kontakter, inga gamla v\u00e4nner, inget n\u00e4tverk \u2013 ja du m\u00e5ste b\u00f6rja om fr\u00e5n b\u00f6rjan som [&hellip;]<\/p>\n","protected":false},"author":4,"featured_media":2845,"comment_status":"open","ping_status":"open","sticky":false,"template":"","format":"standard","meta":{"_et_pb_use_builder":"","_et_pb_old_content":"","_et_gb_content_width":"","footnotes":""},"categories":[91],"tags":[],"class_list":["post-3182","post","type-post","status-publish","format-standard","has-post-thumbnail","hentry","category-mitt-liv"],"yoast_head":"<!-- This site is optimized with the Yoast SEO plugin v28.2 - https:\/\/yoast.com\/product\/yoast-seo-wordpress\/ -->\n<title>Hur jag flyttade till ett nytt land med mitt fotof\u00f6retag - Linda Otterstedt Photography<\/title>\n<meta name=\"robots\" content=\"index, follow, max-snippet:-1, max-image-preview:large, max-video-preview:-1\" \/>\n<link rel=\"canonical\" href=\"https:\/\/lindaotterstedt.com\/sv\/hur-jag-flyttade-land-med-mitt-fotoforetag\/\" \/>\n<meta property=\"og:locale\" content=\"sv_SE\" \/>\n<meta property=\"og:type\" content=\"article\" \/>\n<meta property=\"og:title\" content=\"Hur jag flyttade till ett nytt land med mitt fotof\u00f6retag - Linda Otterstedt Photography\" \/>\n<meta property=\"og:description\" content=\"Att komma till ett nytt land och till en ny stad, som jag gjorde i januari i \u00e5r, \u00e4r inte l\u00e4tt n\u00e4r man jobbar som frilansande fotograf. Du kommer till en v\u00e4rld d\u00e4r du inte k\u00e4nner n\u00e5gon, du har inga kontakter, inga gamla v\u00e4nner, inget n\u00e4tverk \u2013 ja du m\u00e5ste b\u00f6rja om fr\u00e5n b\u00f6rjan som [&hellip;]\" \/>\n<meta property=\"og:url\" content=\"https:\/\/lindaotterstedt.com\/sv\/hur-jag-flyttade-land-med-mitt-fotoforetag\/\" \/>\n<meta property=\"og:site_name\" content=\"Linda Otterstedt Photography\" \/>\n<meta property=\"article:publisher\" content=\"https:\/\/www.facebook.com\/lindaotterstedtphotography\" \/>\n<meta property=\"article:published_time\" content=\"2018-10-31T13:20:46+00:00\" \/>\n<meta property=\"article:modified_time\" content=\"2022-06-07T09:22:15+00:00\" \/>\n<meta property=\"og:image\" content=\"https:\/\/lindaotterstedt.com\/wp-content\/uploads\/2022\/02\/feather-scaled.jpg\" \/>\n\t<meta property=\"og:image:width\" content=\"2560\" \/>\n\t<meta property=\"og:image:height\" content=\"1708\" \/>\n\t<meta property=\"og:image:type\" content=\"image\/jpeg\" \/>\n<meta name=\"author\" content=\"lotterstedt\" \/>\n<meta name=\"twitter:card\" content=\"summary_large_image\" \/>\n<meta name=\"twitter:label1\" content=\"Skriven av\" \/>\n\t<meta name=\"twitter:data1\" content=\"lotterstedt\" \/>\n\t<meta name=\"twitter:label2\" content=\"Ber\u00e4knad l\u00e4stid\" \/>\n\t<meta name=\"twitter:data2\" content=\"2 minuter\" \/>\n<script type=\"application\/ld+json\" class=\"yoast-schema-graph\">{\"@context\":\"https:\\\/\\\/schema.org\",\"@graph\":[{\"@type\":\"Article\",\"@id\":\"https:\\\/\\\/lindaotterstedt.com\\\/sv\\\/hur-jag-flyttade-land-med-mitt-fotoforetag\\\/#article\",\"isPartOf\":{\"@id\":\"https:\\\/\\\/lindaotterstedt.com\\\/sv\\\/hur-jag-flyttade-land-med-mitt-fotoforetag\\\/\"},\"author\":{\"name\":\"lotterstedt\",\"@id\":\"https:\\\/\\\/lindaotterstedt.com\\\/sv\\\/#\\\/schema\\\/person\\\/d0a3e198c5e20dccae960da72784d717\"},\"headline\":\"Hur jag flyttade till ett nytt land med mitt fotof\u00f6retag\",\"datePublished\":\"2018-10-31T13:20:46+00:00\",\"dateModified\":\"2022-06-07T09:22:15+00:00\",\"mainEntityOfPage\":{\"@id\":\"https:\\\/\\\/lindaotterstedt.com\\\/sv\\\/hur-jag-flyttade-land-med-mitt-fotoforetag\\\/\"},\"wordCount\":432,\"commentCount\":0,\"publisher\":{\"@id\":\"https:\\\/\\\/lindaotterstedt.com\\\/sv\\\/#organization\"},\"image\":{\"@id\":\"https:\\\/\\\/lindaotterstedt.com\\\/sv\\\/hur-jag-flyttade-land-med-mitt-fotoforetag\\\/#primaryimage\"},\"thumbnailUrl\":\"https:\\\/\\\/lindaotterstedt.com\\\/wp-content\\\/uploads\\\/2022\\\/02\\\/feather-scaled.jpg\",\"articleSection\":[\"Mitt liv\"],\"inLanguage\":\"sv-SE\",\"potentialAction\":[{\"@type\":\"CommentAction\",\"name\":\"Comment\",\"target\":[\"https:\\\/\\\/lindaotterstedt.com\\\/sv\\\/hur-jag-flyttade-land-med-mitt-fotoforetag\\\/#respond\"]}]},{\"@type\":\"WebPage\",\"@id\":\"https:\\\/\\\/lindaotterstedt.com\\\/sv\\\/hur-jag-flyttade-land-med-mitt-fotoforetag\\\/\",\"url\":\"https:\\\/\\\/lindaotterstedt.com\\\/sv\\\/hur-jag-flyttade-land-med-mitt-fotoforetag\\\/\",\"name\":\"Hur jag flyttade till ett nytt land med mitt fotof\u00f6retag - Linda Otterstedt Photography\",\"isPartOf\":{\"@id\":\"https:\\\/\\\/lindaotterstedt.com\\\/sv\\\/#website\"},\"primaryImageOfPage\":{\"@id\":\"https:\\\/\\\/lindaotterstedt.com\\\/sv\\\/hur-jag-flyttade-land-med-mitt-fotoforetag\\\/#primaryimage\"},\"image\":{\"@id\":\"https:\\\/\\\/lindaotterstedt.com\\\/sv\\\/hur-jag-flyttade-land-med-mitt-fotoforetag\\\/#primaryimage\"},\"thumbnailUrl\":\"https:\\\/\\\/lindaotterstedt.com\\\/wp-content\\\/uploads\\\/2022\\\/02\\\/feather-scaled.jpg\",\"datePublished\":\"2018-10-31T13:20:46+00:00\",\"dateModified\":\"2022-06-07T09:22:15+00:00\",\"breadcrumb\":{\"@id\":\"https:\\\/\\\/lindaotterstedt.com\\\/sv\\\/hur-jag-flyttade-land-med-mitt-fotoforetag\\\/#breadcrumb\"},\"inLanguage\":\"sv-SE\",\"potentialAction\":[{\"@type\":\"ReadAction\",\"target\":[\"https:\\\/\\\/lindaotterstedt.com\\\/sv\\\/hur-jag-flyttade-land-med-mitt-fotoforetag\\\/\"]}]},{\"@type\":\"ImageObject\",\"inLanguage\":\"sv-SE\",\"@id\":\"https:\\\/\\\/lindaotterstedt.com\\\/sv\\\/hur-jag-flyttade-land-med-mitt-fotoforetag\\\/#primaryimage\",\"url\":\"https:\\\/\\\/lindaotterstedt.com\\\/wp-content\\\/uploads\\\/2022\\\/02\\\/feather-scaled.jpg\",\"contentUrl\":\"https:\\\/\\\/lindaotterstedt.com\\\/wp-content\\\/uploads\\\/2022\\\/02\\\/feather-scaled.jpg\",\"width\":2560,\"height\":1708},{\"@type\":\"BreadcrumbList\",\"@id\":\"https:\\\/\\\/lindaotterstedt.com\\\/sv\\\/hur-jag-flyttade-land-med-mitt-fotoforetag\\\/#breadcrumb\",\"itemListElement\":[{\"@type\":\"ListItem\",\"position\":1,\"name\":\"Home\",\"item\":\"https:\\\/\\\/lindaotterstedt.com\\\/sv\\\/\"},{\"@type\":\"ListItem\",\"position\":2,\"name\":\"Hur jag flyttade till ett nytt land med mitt fotof\u00f6retag\"}]},{\"@type\":\"WebSite\",\"@id\":\"https:\\\/\\\/lindaotterstedt.com\\\/sv\\\/#website\",\"url\":\"https:\\\/\\\/lindaotterstedt.com\\\/sv\\\/\",\"name\":\"Linda Otterstedt Photography\",\"description\":\"Photography for generations to come\",\"publisher\":{\"@id\":\"https:\\\/\\\/lindaotterstedt.com\\\/sv\\\/#organization\"},\"potentialAction\":[{\"@type\":\"SearchAction\",\"target\":{\"@type\":\"EntryPoint\",\"urlTemplate\":\"https:\\\/\\\/lindaotterstedt.com\\\/sv\\\/?s={search_term_string}\"},\"query-input\":{\"@type\":\"PropertyValueSpecification\",\"valueRequired\":true,\"valueName\":\"search_term_string\"}}],\"inLanguage\":\"sv-SE\"},{\"@type\":\"Organization\",\"@id\":\"https:\\\/\\\/lindaotterstedt.com\\\/sv\\\/#organization\",\"name\":\"Linda Otterstedt Photography\",\"alternateName\":\"LOP\",\"url\":\"https:\\\/\\\/lindaotterstedt.com\\\/sv\\\/\",\"logo\":{\"@type\":\"ImageObject\",\"inLanguage\":\"sv-SE\",\"@id\":\"https:\\\/\\\/lindaotterstedt.com\\\/sv\\\/#\\\/schema\\\/logo\\\/image\\\/\",\"url\":\"https:\\\/\\\/lindaotterstedt.com\\\/wp-content\\\/uploads\\\/2023\\\/03\\\/1400_LOGO_Linda_Otterstedt_Standard_Logo_Transparent-copy.png\",\"contentUrl\":\"https:\\\/\\\/lindaotterstedt.com\\\/wp-content\\\/uploads\\\/2023\\\/03\\\/1400_LOGO_Linda_Otterstedt_Standard_Logo_Transparent-copy.png\",\"width\":2684,\"height\":1400,\"caption\":\"Linda Otterstedt Photography\"},\"image\":{\"@id\":\"https:\\\/\\\/lindaotterstedt.com\\\/sv\\\/#\\\/schema\\\/logo\\\/image\\\/\"},\"sameAs\":[\"https:\\\/\\\/www.facebook.com\\\/lindaotterstedtphotography\",\"https:\\\/\\\/www.instagram.com\\\/worldphotographer\",\"https:\\\/\\\/www.instagram.com\\\/worldphotographer_weddings\",\"https:\\\/\\\/www.linkedin.com\\\/in\\\/linda-otterstedt-1886235\\\/\"]},{\"@type\":\"Person\",\"@id\":\"https:\\\/\\\/lindaotterstedt.com\\\/sv\\\/#\\\/schema\\\/person\\\/d0a3e198c5e20dccae960da72784d717\",\"name\":\"lotterstedt\",\"description\":\"Hi and welcome to my page! I'm Linda, I'm Swedish but I'm something else too. I'm an expat. I have lived out of Sweden since year 2000, in 9 different countries around the world. For now I'm in Lausanne, Switzerland and I love this place. I'm willing to travel for work, just let me know where you need me. See ya! \\\/LINDA\",\"sameAs\":[\"http:\\\/\\\/www.lindaotterstedt.com\"]}]}<\/script>\n<!-- \/ Yoast SEO plugin. -->","yoast_head_json":{"title":"Hur jag flyttade till ett nytt land med mitt fotof\u00f6retag - Linda Otterstedt Photography","robots":{"index":"index","follow":"follow","max-snippet":"max-snippet:-1","max-image-preview":"max-image-preview:large","max-video-preview":"max-video-preview:-1"},"canonical":"https:\/\/lindaotterstedt.com\/sv\/hur-jag-flyttade-land-med-mitt-fotoforetag\/","og_locale":"sv_SE","og_type":"article","og_title":"Hur jag flyttade till ett nytt land med mitt fotof\u00f6retag - Linda Otterstedt Photography","og_description":"Att komma till ett nytt land och till en ny stad, som jag gjorde i januari i \u00e5r, \u00e4r inte l\u00e4tt n\u00e4r man jobbar som frilansande fotograf. Du kommer till en v\u00e4rld d\u00e4r du inte k\u00e4nner n\u00e5gon, du har inga kontakter, inga gamla v\u00e4nner, inget n\u00e4tverk \u2013 ja du m\u00e5ste b\u00f6rja om fr\u00e5n b\u00f6rjan som [&hellip;]","og_url":"https:\/\/lindaotterstedt.com\/sv\/hur-jag-flyttade-land-med-mitt-fotoforetag\/","og_site_name":"Linda Otterstedt Photography","article_publisher":"https:\/\/www.facebook.com\/lindaotterstedtphotography","article_published_time":"2018-10-31T13:20:46+00:00","article_modified_time":"2022-06-07T09:22:15+00:00","og_image":[{"width":2560,"height":1708,"url":"https:\/\/lindaotterstedt.com\/wp-content\/uploads\/2022\/02\/feather-scaled.jpg","type":"image\/jpeg"}],"author":"lotterstedt","twitter_card":"summary_large_image","twitter_misc":{"Skriven av":"lotterstedt","Ber\u00e4knad l\u00e4stid":"2 minuter"},"schema":{"@context":"https:\/\/schema.org","@graph":[{"@type":"Article","@id":"https:\/\/lindaotterstedt.com\/sv\/hur-jag-flyttade-land-med-mitt-fotoforetag\/#article","isPartOf":{"@id":"https:\/\/lindaotterstedt.com\/sv\/hur-jag-flyttade-land-med-mitt-fotoforetag\/"},"author":{"name":"lotterstedt","@id":"https:\/\/lindaotterstedt.com\/sv\/#\/schema\/person\/d0a3e198c5e20dccae960da72784d717"},"headline":"Hur jag flyttade till ett nytt land med mitt fotof\u00f6retag","datePublished":"2018-10-31T13:20:46+00:00","dateModified":"2022-06-07T09:22:15+00:00","mainEntityOfPage":{"@id":"https:\/\/lindaotterstedt.com\/sv\/hur-jag-flyttade-land-med-mitt-fotoforetag\/"},"wordCount":432,"commentCount":0,"publisher":{"@id":"https:\/\/lindaotterstedt.com\/sv\/#organization"},"image":{"@id":"https:\/\/lindaotterstedt.com\/sv\/hur-jag-flyttade-land-med-mitt-fotoforetag\/#primaryimage"},"thumbnailUrl":"https:\/\/lindaotterstedt.com\/wp-content\/uploads\/2022\/02\/feather-scaled.jpg","articleSection":["Mitt liv"],"inLanguage":"sv-SE","potentialAction":[{"@type":"CommentAction","name":"Comment","target":["https:\/\/lindaotterstedt.com\/sv\/hur-jag-flyttade-land-med-mitt-fotoforetag\/#respond"]}]},{"@type":"WebPage","@id":"https:\/\/lindaotterstedt.com\/sv\/hur-jag-flyttade-land-med-mitt-fotoforetag\/","url":"https:\/\/lindaotterstedt.com\/sv\/hur-jag-flyttade-land-med-mitt-fotoforetag\/","name":"Hur jag flyttade till ett nytt land med mitt fotof\u00f6retag - Linda Otterstedt Photography","isPartOf":{"@id":"https:\/\/lindaotterstedt.com\/sv\/#website"},"primaryImageOfPage":{"@id":"https:\/\/lindaotterstedt.com\/sv\/hur-jag-flyttade-land-med-mitt-fotoforetag\/#primaryimage"},"image":{"@id":"https:\/\/lindaotterstedt.com\/sv\/hur-jag-flyttade-land-med-mitt-fotoforetag\/#primaryimage"},"thumbnailUrl":"https:\/\/lindaotterstedt.com\/wp-content\/uploads\/2022\/02\/feather-scaled.jpg","datePublished":"2018-10-31T13:20:46+00:00","dateModified":"2022-06-07T09:22:15+00:00","breadcrumb":{"@id":"https:\/\/lindaotterstedt.com\/sv\/hur-jag-flyttade-land-med-mitt-fotoforetag\/#breadcrumb"},"inLanguage":"sv-SE","potentialAction":[{"@type":"ReadAction","target":["https:\/\/lindaotterstedt.com\/sv\/hur-jag-flyttade-land-med-mitt-fotoforetag\/"]}]},{"@type":"ImageObject","inLanguage":"sv-SE","@id":"https:\/\/lindaotterstedt.com\/sv\/hur-jag-flyttade-land-med-mitt-fotoforetag\/#primaryimage","url":"https:\/\/lindaotterstedt.com\/wp-content\/uploads\/2022\/02\/feather-scaled.jpg","contentUrl":"https:\/\/lindaotterstedt.com\/wp-content\/uploads\/2022\/02\/feather-scaled.jpg","width":2560,"height":1708},{"@type":"BreadcrumbList","@id":"https:\/\/lindaotterstedt.com\/sv\/hur-jag-flyttade-land-med-mitt-fotoforetag\/#breadcrumb","itemListElement":[{"@type":"ListItem","position":1,"name":"Home","item":"https:\/\/lindaotterstedt.com\/sv\/"},{"@type":"ListItem","position":2,"name":"Hur jag flyttade till ett nytt land med mitt fotof\u00f6retag"}]},{"@type":"WebSite","@id":"https:\/\/lindaotterstedt.com\/sv\/#website","url":"https:\/\/lindaotterstedt.com\/sv\/","name":"Linda Otterstedt Photography","description":"Photography for generations to come","publisher":{"@id":"https:\/\/lindaotterstedt.com\/sv\/#organization"},"potentialAction":[{"@type":"SearchAction","target":{"@type":"EntryPoint","urlTemplate":"https:\/\/lindaotterstedt.com\/sv\/?s={search_term_string}"},"query-input":{"@type":"PropertyValueSpecification","valueRequired":true,"valueName":"search_term_string"}}],"inLanguage":"sv-SE"},{"@type":"Organization","@id":"https:\/\/lindaotterstedt.com\/sv\/#organization","name":"Linda Otterstedt Photography","alternateName":"LOP","url":"https:\/\/lindaotterstedt.com\/sv\/","logo":{"@type":"ImageObject","inLanguage":"sv-SE","@id":"https:\/\/lindaotterstedt.com\/sv\/#\/schema\/logo\/image\/","url":"https:\/\/lindaotterstedt.com\/wp-content\/uploads\/2023\/03\/1400_LOGO_Linda_Otterstedt_Standard_Logo_Transparent-copy.png","contentUrl":"https:\/\/lindaotterstedt.com\/wp-content\/uploads\/2023\/03\/1400_LOGO_Linda_Otterstedt_Standard_Logo_Transparent-copy.png","width":2684,"height":1400,"caption":"Linda Otterstedt Photography"},"image":{"@id":"https:\/\/lindaotterstedt.com\/sv\/#\/schema\/logo\/image\/"},"sameAs":["https:\/\/www.facebook.com\/lindaotterstedtphotography","https:\/\/www.instagram.com\/worldphotographer","https:\/\/www.instagram.com\/worldphotographer_weddings","https:\/\/www.linkedin.com\/in\/linda-otterstedt-1886235\/"]},{"@type":"Person","@id":"https:\/\/lindaotterstedt.com\/sv\/#\/schema\/person\/d0a3e198c5e20dccae960da72784d717","name":"lotterstedt","description":"Hi and welcome to my page! I'm Linda, I'm Swedish but I'm something else too. I'm an expat. I have lived out of Sweden since year 2000, in 9 different countries around the world. For now I'm in Lausanne, Switzerland and I love this place. I'm willing to travel for work, just let me know where you need me. See ya! \/LINDA","sameAs":["http:\/\/www.lindaotterstedt.com"]}]}},"_links":{"self":[{"href":"https:\/\/lindaotterstedt.com\/sv\/wp-json\/wp\/v2\/posts\/3182","targetHints":{"allow":["GET"]}}],"collection":[{"href":"https:\/\/lindaotterstedt.com\/sv\/wp-json\/wp\/v2\/posts"}],"about":[{"href":"https:\/\/lindaotterstedt.com\/sv\/wp-json\/wp\/v2\/types\/post"}],"author":[{"embeddable":true,"href":"https:\/\/lindaotterstedt.com\/sv\/wp-json\/wp\/v2\/users\/4"}],"replies":[{"embeddable":true,"href":"https:\/\/lindaotterstedt.com\/sv\/wp-json\/wp\/v2\/comments?post=3182"}],"version-history":[{"count":1,"href":"https:\/\/lindaotterstedt.com\/sv\/wp-json\/wp\/v2\/posts\/3182\/revisions"}],"predecessor-version":[{"id":3203,"href":"https:\/\/lindaotterstedt.com\/sv\/wp-json\/wp\/v2\/posts\/3182\/revisions\/3203"}],"wp:featuredmedia":[{"embeddable":true,"href":"https:\/\/lindaotterstedt.com\/sv\/wp-json\/wp\/v2\/media\/2845"}],"wp:attachment":[{"href":"https:\/\/lindaotterstedt.com\/sv\/wp-json\/wp\/v2\/media?parent=3182"}],"wp:term":[{"taxonomy":"category","embeddable":true,"href":"https:\/\/lindaotterstedt.com\/sv\/wp-json\/wp\/v2\/categories?post=3182"},{"taxonomy":"post_tag","embeddable":true,"href":"https:\/\/lindaotterstedt.com\/sv\/wp-json\/wp\/v2\/tags?post=3182"}],"curies":[{"name":"wp","href":"https:\/\/api.w.org\/{rel}","templated":true}]}}