{"id":5791,"date":"2023-03-29T18:02:28","date_gmt":"2023-03-29T16:02:28","guid":{"rendered":"https:\/\/lindaotterstedt.com\/min-valp-vaxer\/"},"modified":"2023-03-29T18:16:55","modified_gmt":"2023-03-29T16:16:55","slug":"min-valp-vaxer","status":"publish","type":"post","link":"https:\/\/lindaotterstedt.com\/sv\/min-valp-vaxer\/","title":{"rendered":"Min valp v\u00e4xer"},"content":{"rendered":"\n<p class=\"wp-block-paragraph\">Min Lexi \u00e4r min v\u00e4xande valp. Hon \u00e4r en vacker och v\u00e4nlig labrador som har f\u00e5ngat hela familjens hj\u00e4rtan med sina underbara uppt\u00e5g och sin lekfulla natur. Som valp \u00e4r Lexi full av energi och nyfikenhet, alltid ivrig att utforska sin omgivning och leka med alla som ger henne uppm\u00e4rksamhet. Om du vill att jag ska fotografera din valp med dina barn eller bara med dig hemma, tveka inte att kontakta mig <a href=\"https:\/\/lindaotterstedt.com\/sv\/kontakt\/\">h\u00e4r<\/a>. Det \u00e4r l\u00e4nken till min kontaktsida.<\/p>\n\n<figure class=\"wp-block-image size-large\"><img loading=\"lazy\" decoding=\"async\" width=\"1024\" height=\"681\" src=\"https:\/\/lindaotterstedt.com\/wp-content\/uploads\/2023\/03\/hundfotograf-familjefotograf-7921-1024x681.jpg\" alt=\"\" class=\"wp-image-5766\" srcset=\"https:\/\/lindaotterstedt.com\/wp-content\/uploads\/2023\/03\/hundfotograf-familjefotograf-7921-1024x681.jpg 1024w, https:\/\/lindaotterstedt.com\/wp-content\/uploads\/2023\/03\/hundfotograf-familjefotograf-7921-980x652.jpg 980w, https:\/\/lindaotterstedt.com\/wp-content\/uploads\/2023\/03\/hundfotograf-familjefotograf-7921-480x319.jpg 480w\" sizes=\"(min-width: 0px) and (max-width: 480px) 480px, (min-width: 481px) and (max-width: 980px) 980px, (min-width: 981px) 1024px, 100vw\" \/><figcaption class=\"wp-element-caption\">Sover mycket f\u00f6r att v\u00e4xa ordentligt<\/figcaption><\/figure>\n<h2 class=\"wp-block-heading\">Lekfull och super alert<\/h2>\n\n<p class=\"wp-block-paragraph\">Hennes lekfulla natur g\u00f6r henne till den perfekta v\u00e4nnen f\u00f6r v\u00e5ra pojkar h\u00e4r hemma och hon blev snabbt en \u00e4lskad medlem av v\u00e5r familj. F\u00f6rutom att Bella, v\u00e5r svarta Labrador, inte gillar Lexi &#8211; inte alls.<\/p>\n\n<figure class=\"wp-block-image size-large\"><img loading=\"lazy\" decoding=\"async\" width=\"1024\" height=\"681\" src=\"https:\/\/lindaotterstedt.com\/wp-content\/uploads\/2023\/03\/hundfotograf-familjefotograf-8028-1024x681.jpg\" alt=\"\" class=\"wp-image-5768\" srcset=\"https:\/\/lindaotterstedt.com\/wp-content\/uploads\/2023\/03\/hundfotograf-familjefotograf-8028-1024x681.jpg 1024w, https:\/\/lindaotterstedt.com\/wp-content\/uploads\/2023\/03\/hundfotograf-familjefotograf-8028-980x652.jpg 980w, https:\/\/lindaotterstedt.com\/wp-content\/uploads\/2023\/03\/hundfotograf-familjefotograf-8028-480x319.jpg 480w\" sizes=\"(min-width: 0px) and (max-width: 480px) 480px, (min-width: 481px) and (max-width: 980px) 980px, (min-width: 981px) 1024px, 100vw\" \/><figcaption class=\"wp-element-caption\">Ibland accepterar Bella att Lexi sover bredvid henne.<\/figcaption><\/figure>\n<h2 class=\"wp-block-heading\">Bella gillar inte Lexi<\/h2>\n\n<p class=\"wp-block-paragraph\">N\u00e4r Lexi \u00e4r tr\u00f6tt letar hon efter n\u00e4rmaste kn\u00e4 eller axel att krypa ihop i, och hon bryr sig inte om det \u00e4r en m\u00e4nniska eller en annan hund. Hon vill bara vara n\u00e4ra och k\u00e4nna v\u00e4rmen och tryggheten i en mysig omfamning.<\/p>\n\n<figure class=\"wp-block-gallery has-nested-images columns-default is-cropped wp-block-gallery-1 is-layout-flex wp-block-gallery-is-layout-flex\">\n<figure class=\"wp-block-image size-large\"><img loading=\"lazy\" decoding=\"async\" width=\"1024\" height=\"681\" data-id=\"5780\" src=\"https:\/\/lindaotterstedt.com\/wp-content\/uploads\/2023\/03\/hundfotograf-familjefotograf-8034-1024x681.jpg\" alt=\"\" class=\"wp-image-5780\" srcset=\"https:\/\/lindaotterstedt.com\/wp-content\/uploads\/2023\/03\/hundfotograf-familjefotograf-8034-1024x681.jpg 1024w, https:\/\/lindaotterstedt.com\/wp-content\/uploads\/2023\/03\/hundfotograf-familjefotograf-8034-980x652.jpg 980w, https:\/\/lindaotterstedt.com\/wp-content\/uploads\/2023\/03\/hundfotograf-familjefotograf-8034-480x319.jpg 480w\" sizes=\"(min-width: 0px) and (max-width: 480px) 480px, (min-width: 481px) and (max-width: 980px) 980px, (min-width: 981px) 1024px, 100vw\" \/><\/figure>\n\n\n<figure class=\"wp-block-image size-large\"><img loading=\"lazy\" decoding=\"async\" width=\"1024\" height=\"681\" data-id=\"5784\" src=\"https:\/\/lindaotterstedt.com\/wp-content\/uploads\/2023\/03\/hundfotograf-familjefotograf-8005-1024x681.jpg\" alt=\"\" class=\"wp-image-5784\" srcset=\"https:\/\/lindaotterstedt.com\/wp-content\/uploads\/2023\/03\/hundfotograf-familjefotograf-8005-1024x681.jpg 1024w, https:\/\/lindaotterstedt.com\/wp-content\/uploads\/2023\/03\/hundfotograf-familjefotograf-8005-980x652.jpg 980w, https:\/\/lindaotterstedt.com\/wp-content\/uploads\/2023\/03\/hundfotograf-familjefotograf-8005-480x319.jpg 480w\" sizes=\"(min-width: 0px) and (max-width: 480px) 480px, (min-width: 481px) and (max-width: 980px) 980px, (min-width: 981px) 1024px, 100vw\" \/><\/figure>\n\n\n<figure class=\"wp-block-image size-large\"><img loading=\"lazy\" decoding=\"async\" width=\"1024\" height=\"681\" data-id=\"5782\" src=\"https:\/\/lindaotterstedt.com\/wp-content\/uploads\/2023\/03\/hundfotograf-familjefotograf-8035-1024x681.jpg\" alt=\"\" class=\"wp-image-5782\" srcset=\"https:\/\/lindaotterstedt.com\/wp-content\/uploads\/2023\/03\/hundfotograf-familjefotograf-8035-1024x681.jpg 1024w, https:\/\/lindaotterstedt.com\/wp-content\/uploads\/2023\/03\/hundfotograf-familjefotograf-8035-980x652.jpg 980w, https:\/\/lindaotterstedt.com\/wp-content\/uploads\/2023\/03\/hundfotograf-familjefotograf-8035-480x319.jpg 480w\" sizes=\"(min-width: 0px) and (max-width: 480px) 480px, (min-width: 481px) and (max-width: 980px) 980px, (min-width: 981px) 1024px, 100vw\" \/><\/figure><\/figure>\n\n<p class=\"wp-block-paragraph\">Lexi \u00e4r en supers\u00f6t valp med mjuk p\u00e4ls och stora bruna \u00f6gon som gnistrar av energi och tillgivenhet. Hon \u00e4lskar att mysa i n\u00e5gons nacke n\u00e4r hon sover. Det \u00e4r sv\u00e5rt att inte ta upp henne i s\u00e4ngen tidigt p\u00e5 morgonen och l\u00e5ta henne l\u00e4gga sitt lilla huvud i min nacke. Det \u00e4r s\u00e5 mysigt. Vi somnar s\u00e5 gott b\u00e5da tv\u00e5 d\u00e5.<\/p>\n\n<p class=\"wp-block-paragraph\"><\/p>\n\n<figure class=\"wp-block-image size-large\"><img loading=\"lazy\" decoding=\"async\" width=\"1024\" height=\"681\" src=\"https:\/\/lindaotterstedt.com\/wp-content\/uploads\/2023\/03\/hundfotograf-familjefotograf-8050-1024x681.jpg\" alt=\"\" class=\"wp-image-5772\" srcset=\"https:\/\/lindaotterstedt.com\/wp-content\/uploads\/2023\/03\/hundfotograf-familjefotograf-8050-1024x681.jpg 1024w, https:\/\/lindaotterstedt.com\/wp-content\/uploads\/2023\/03\/hundfotograf-familjefotograf-8050-980x652.jpg 980w, https:\/\/lindaotterstedt.com\/wp-content\/uploads\/2023\/03\/hundfotograf-familjefotograf-8050-480x319.jpg 480w\" sizes=\"(min-width: 0px) and (max-width: 480px) 480px, (min-width: 481px) and (max-width: 980px) 980px, (min-width: 981px) 1024px, 100vw\" \/><figcaption class=\"wp-element-caption\">Lexi \u00e4lskar att mysa i en nacke eller till och med ovanp\u00e5 huvudet.<\/figcaption><\/figure>\n<figure class=\"wp-block-image size-large\"><img loading=\"lazy\" decoding=\"async\" width=\"1024\" height=\"681\" src=\"https:\/\/lindaotterstedt.com\/wp-content\/uploads\/2023\/03\/hundfotograf-familjefotograf-8048-1024x681.jpg\" alt=\"\" class=\"wp-image-5770\" srcset=\"https:\/\/lindaotterstedt.com\/wp-content\/uploads\/2023\/03\/hundfotograf-familjefotograf-8048-1024x681.jpg 1024w, https:\/\/lindaotterstedt.com\/wp-content\/uploads\/2023\/03\/hundfotograf-familjefotograf-8048-980x652.jpg 980w, https:\/\/lindaotterstedt.com\/wp-content\/uploads\/2023\/03\/hundfotograf-familjefotograf-8048-480x319.jpg 480w\" sizes=\"(min-width: 0px) and (max-width: 480px) 480px, (min-width: 481px) and (max-width: 980px) 980px, (min-width: 981px) 1024px, 100vw\" \/><figcaption class=\"wp-element-caption\">Ibland kan hon sova sj\u00e4lv&#8230; ibland&#8230;<\/figcaption><\/figure>\n<p class=\"wp-block-paragraph\">N\u00e4r min v\u00e4xande valp Lexi sover, ger hon ifr\u00e5n sig sm\u00e5 knorrande ljud och gn\u00e4ll och ibland ger hon ifr\u00e5n sig de s\u00f6taste ljuden som f\u00e5r v\u00e5ra hj\u00e4rtan att sm\u00e4lta. Hennes kropp \u00e4r mjuk och f\u00f6ljsam och hennes sm\u00e5 tassar rycker och b\u00f6jer sig n\u00e4r hon dr\u00f6mmer om att jaga fj\u00e4rilar eller att hon leker med sin favoritleksak. Hon \u00e4r s\u00e5 s\u00f6t.<\/p>\n\n<figure class=\"wp-block-image size-large\"><img loading=\"lazy\" decoding=\"async\" width=\"1024\" height=\"681\" src=\"https:\/\/lindaotterstedt.com\/wp-content\/uploads\/2023\/03\/hundfotograf-familjefotograf-8023-1024x681.jpg\" alt=\"\" class=\"wp-image-5774\" srcset=\"https:\/\/lindaotterstedt.com\/wp-content\/uploads\/2023\/03\/hundfotograf-familjefotograf-8023-1024x681.jpg 1024w, https:\/\/lindaotterstedt.com\/wp-content\/uploads\/2023\/03\/hundfotograf-familjefotograf-8023-980x652.jpg 980w, https:\/\/lindaotterstedt.com\/wp-content\/uploads\/2023\/03\/hundfotograf-familjefotograf-8023-480x319.jpg 480w\" sizes=\"(min-width: 0px) and (max-width: 480px) 480px, (min-width: 481px) and (max-width: 980px) 980px, (min-width: 981px) 1024px, 100vw\" \/><figcaption class=\"wp-element-caption\">Valpens tassar i n\u00e4rbild.<\/figcaption><\/figure>\n<h2 class=\"wp-block-heading\">Hon l\u00e4r sig s\u00e5 snabbt<\/h2>\n\n<p class=\"wp-block-paragraph\">Medan hon v\u00e4xer forts\u00e4tter Lexis k\u00e4rlek till att leka och utforska. Hon l\u00e4r sig snabbt nya trick och kommandon och imponerar p\u00e5 v\u00e5r familj med sin intelligens och iver att l\u00e4ra sig. Med hj\u00e4lp av sina m\u00e4nskliga syskon, mamma och pappa f\u00e5r Lexi bra tr\u00e4ning och socialisering. Detta hj\u00e4lper henne att bli en v\u00e4lartad och lydig hund. Hon kan redan sitta, l\u00e4gga sig ner, loss, stanna, komma, pussas och ge tass. <\/p>\n\n<p class=\"wp-block-paragraph\">Lexi \u00e4r raka motsatsen till v\u00e5r Bella. De \u00e4r verkligen tv\u00e5 olika sj\u00e4lar. Bella \u00e4r som en m\u00e4nniska, Lexi \u00e4r en hund och med en v\u00e4ldigt speciell personlighet. Bara s\u00e5 gullig och rolig. Hon \u00e4r galen i mat och skulle g\u00f6ra vad som helst f\u00f6r att f\u00e5 en godisbit. Bella bryr sig ju inte om godis, s\u00e5 l\u00e4nge hon har sin tennisboll \u00e4r hon n\u00f6jd. <\/p>\n\n<p class=\"wp-block-paragraph\"><\/p>\n\n<p class=\"wp-block-paragraph\">Lexis utveckling har ocks\u00e5 fr\u00e4mjats av hennes aktiva livsstil. Som jaktlabrador har hon en naturlig k\u00e4rlek till motion och friluftsliv. Hon \u00e4r aktiv som f\u00e5! Hj\u00e4lp! Vi tar regelbundet korta promenader med henne nu i b\u00f6rjan, vilket bidrar till att h\u00e5lla henne frisk och glad. Bella, Lexis storasyster som ocks\u00e5 \u00e4r en jaktlabrador, \u00e4r en bra l\u00e4rare. Just nu \u00e4r Bella inte s\u00e4rskilt f\u00f6rtjust i Lexi och s\u00e4ger till henne oftare \u00e4n &#8221;Jag \u00e4lskar dig Lexi&#8221;. <\/p>\n\n<figure class=\"wp-block-gallery has-nested-images columns-default is-cropped wp-block-gallery-2 is-layout-flex wp-block-gallery-is-layout-flex\">\n<figure class=\"wp-block-image size-large\"><img loading=\"lazy\" decoding=\"async\" width=\"681\" height=\"1024\" data-id=\"5786\" src=\"https:\/\/lindaotterstedt.com\/wp-content\/uploads\/2023\/03\/hundfotograf-familjefotograf-8062-681x1024.jpg\" alt=\"\" class=\"wp-image-5786\" srcset=\"https:\/\/lindaotterstedt.com\/wp-content\/uploads\/2023\/03\/hundfotograf-familjefotograf-8062-681x1024.jpg 681w, https:\/\/lindaotterstedt.com\/wp-content\/uploads\/2023\/03\/hundfotograf-familjefotograf-8062-480x722.jpg 480w\" sizes=\"(min-width: 0px) and (max-width: 480px) 480px, (min-width: 481px) 681px, 100vw\" \/><figcaption class=\"wp-element-caption\">Vinterkl\u00e4dd med en jacka fr\u00e5n <a href=\"https:\/\/www.arkenzoo.se\/rukka\">Rukka<\/a> kl\u00e4der.<\/figcaption><\/figure><\/figure>\n\n<p class=\"wp-block-paragraph\"><\/p>\n\n<p class=\"wp-block-paragraph\"><\/p>\n\n<figure class=\"wp-block-image aligncenter size-large\"><img loading=\"lazy\" decoding=\"async\" width=\"681\" height=\"1024\" src=\"https:\/\/lindaotterstedt.com\/wp-content\/uploads\/2023\/03\/hundfotograf-familjefotograf-8036-681x1024.jpg\" alt=\"\" class=\"wp-image-5778\" srcset=\"https:\/\/lindaotterstedt.com\/wp-content\/uploads\/2023\/03\/hundfotograf-familjefotograf-8036-681x1024.jpg 681w, https:\/\/lindaotterstedt.com\/wp-content\/uploads\/2023\/03\/hundfotograf-familjefotograf-8036-480x722.jpg 480w\" sizes=\"(min-width: 0px) and (max-width: 480px) 480px, (min-width: 481px) 681px, 100vw\" \/><figcaption class=\"wp-element-caption\">Valpen Lexi j\u00e4spar. <\/figcaption><\/figure>\n<h2 class=\"wp-block-heading\">Min v\u00e4xande valp<\/h2>\n\n<p class=\"wp-block-paragraph\">Det \u00e4r om\u00f6jligt att inte le n\u00e4r jag h\u00e5ller Lexi n\u00e4ra mig och k\u00e4nner hur hennes varma, gosiga kropp ligger i mitt kn\u00e4. Hon \u00e4r ett uttryck f\u00f6r lycka och k\u00e4rlek, och vi kan inte annat \u00e4n att vara tacksamma f\u00f6r den gl\u00e4dje och galenskap hon ger oss i v\u00e5rt liv. Om du letar efter en h\u00e4rlig v\u00e4n och en bra labrador som \u00e4r inriktad p\u00e5 jakt kan du alltid kontakta v\u00e5r uppf\u00f6dare <a href=\"https:\/\/sloeberry.se\">Sloeberry kennel<\/a>.<\/p>\n","protected":false},"excerpt":{"rendered":"<p>Min Lexi \u00e4r min v\u00e4xande valp. Hon \u00e4r en vacker och v\u00e4nlig labrador som har f\u00e5ngat hela familjens hj\u00e4rtan med sina underbara uppt\u00e5g och sin lekfulla natur. Som valp \u00e4r Lexi full av energi och nyfikenhet, alltid ivrig att utforska sin omgivning och leka med alla som ger henne uppm\u00e4rksamhet. Om du vill att jag [&hellip;]<\/p>\n","protected":false},"author":7,"featured_media":5790,"comment_status":"closed","ping_status":"open","sticky":false,"template":"","format":"standard","meta":{"_et_pb_use_builder":"","_et_pb_old_content":"","_et_gb_content_width":"","footnotes":""},"categories":[],"tags":[],"class_list":["post-5791","post","type-post","status-publish","format-standard","has-post-thumbnail","hentry"],"yoast_head":"<!-- This site is optimized with the Yoast SEO plugin v28.2 - https:\/\/yoast.com\/product\/yoast-seo-wordpress\/ -->\n<title>Min valp v\u00e4xer - Linda Otterstedt Photography<\/title>\n<meta name=\"robots\" content=\"index, follow, max-snippet:-1, max-image-preview:large, max-video-preview:-1\" \/>\n<link rel=\"canonical\" href=\"https:\/\/lindaotterstedt.com\/sv\/min-valp-vaxer\/\" \/>\n<meta property=\"og:locale\" content=\"sv_SE\" \/>\n<meta property=\"og:type\" content=\"article\" \/>\n<meta property=\"og:title\" content=\"Min valp v\u00e4xer - Linda Otterstedt Photography\" \/>\n<meta property=\"og:description\" content=\"Min Lexi \u00e4r min v\u00e4xande valp. Hon \u00e4r en vacker och v\u00e4nlig labrador som har f\u00e5ngat hela familjens hj\u00e4rtan med sina underbara uppt\u00e5g och sin lekfulla natur. Som valp \u00e4r Lexi full av energi och nyfikenhet, alltid ivrig att utforska sin omgivning och leka med alla som ger henne uppm\u00e4rksamhet. Om du vill att jag [&hellip;]\" \/>\n<meta property=\"og:url\" content=\"https:\/\/lindaotterstedt.com\/sv\/min-valp-vaxer\/\" \/>\n<meta property=\"og:site_name\" content=\"Linda Otterstedt Photography\" \/>\n<meta property=\"article:publisher\" content=\"https:\/\/www.facebook.com\/lindaotterstedtphotography\" \/>\n<meta property=\"article:published_time\" content=\"2023-03-29T16:02:28+00:00\" \/>\n<meta property=\"article:modified_time\" content=\"2023-03-29T16:16:55+00:00\" \/>\n<meta property=\"og:image\" content=\"https:\/\/lindaotterstedt.com\/wp-content\/uploads\/2023\/03\/hundfotograf-familjefotograf-7951.jpg\" \/>\n\t<meta property=\"og:image:width\" content=\"1200\" \/>\n\t<meta property=\"og:image:height\" content=\"798\" \/>\n\t<meta property=\"og:image:type\" content=\"image\/jpeg\" \/>\n<meta name=\"author\" content=\"Linda Otterstedt\" \/>\n<meta name=\"twitter:card\" content=\"summary_large_image\" \/>\n<meta name=\"twitter:label1\" content=\"Skriven av\" \/>\n\t<meta name=\"twitter:data1\" content=\"Linda Otterstedt\" \/>\n\t<meta name=\"twitter:label2\" content=\"Ber\u00e4knad l\u00e4stid\" \/>\n\t<meta name=\"twitter:data2\" content=\"4 minuter\" \/>\n<script type=\"application\/ld+json\" class=\"yoast-schema-graph\">{\"@context\":\"https:\\\/\\\/schema.org\",\"@graph\":[{\"@type\":\"Article\",\"@id\":\"https:\\\/\\\/lindaotterstedt.com\\\/sv\\\/min-valp-vaxer\\\/#article\",\"isPartOf\":{\"@id\":\"https:\\\/\\\/lindaotterstedt.com\\\/sv\\\/min-valp-vaxer\\\/\"},\"author\":{\"name\":\"Linda Otterstedt\",\"@id\":\"https:\\\/\\\/lindaotterstedt.com\\\/sv\\\/#\\\/schema\\\/person\\\/a8bc2e1a05abd2ffa46fddaa8cb4e2c3\"},\"headline\":\"Min valp v\u00e4xer\",\"datePublished\":\"2023-03-29T16:02:28+00:00\",\"dateModified\":\"2023-03-29T16:16:55+00:00\",\"mainEntityOfPage\":{\"@id\":\"https:\\\/\\\/lindaotterstedt.com\\\/sv\\\/min-valp-vaxer\\\/\"},\"wordCount\":738,\"publisher\":{\"@id\":\"https:\\\/\\\/lindaotterstedt.com\\\/sv\\\/#organization\"},\"image\":{\"@id\":\"https:\\\/\\\/lindaotterstedt.com\\\/sv\\\/min-valp-vaxer\\\/#primaryimage\"},\"thumbnailUrl\":\"https:\\\/\\\/lindaotterstedt.com\\\/wp-content\\\/uploads\\\/2023\\\/03\\\/hundfotograf-familjefotograf-7951.jpg\",\"inLanguage\":\"sv-SE\"},{\"@type\":\"WebPage\",\"@id\":\"https:\\\/\\\/lindaotterstedt.com\\\/sv\\\/min-valp-vaxer\\\/\",\"url\":\"https:\\\/\\\/lindaotterstedt.com\\\/sv\\\/min-valp-vaxer\\\/\",\"name\":\"Min valp v\u00e4xer - Linda Otterstedt Photography\",\"isPartOf\":{\"@id\":\"https:\\\/\\\/lindaotterstedt.com\\\/sv\\\/#website\"},\"primaryImageOfPage\":{\"@id\":\"https:\\\/\\\/lindaotterstedt.com\\\/sv\\\/min-valp-vaxer\\\/#primaryimage\"},\"image\":{\"@id\":\"https:\\\/\\\/lindaotterstedt.com\\\/sv\\\/min-valp-vaxer\\\/#primaryimage\"},\"thumbnailUrl\":\"https:\\\/\\\/lindaotterstedt.com\\\/wp-content\\\/uploads\\\/2023\\\/03\\\/hundfotograf-familjefotograf-7951.jpg\",\"datePublished\":\"2023-03-29T16:02:28+00:00\",\"dateModified\":\"2023-03-29T16:16:55+00:00\",\"breadcrumb\":{\"@id\":\"https:\\\/\\\/lindaotterstedt.com\\\/sv\\\/min-valp-vaxer\\\/#breadcrumb\"},\"inLanguage\":\"sv-SE\",\"potentialAction\":[{\"@type\":\"ReadAction\",\"target\":[\"https:\\\/\\\/lindaotterstedt.com\\\/sv\\\/min-valp-vaxer\\\/\"]}]},{\"@type\":\"ImageObject\",\"inLanguage\":\"sv-SE\",\"@id\":\"https:\\\/\\\/lindaotterstedt.com\\\/sv\\\/min-valp-vaxer\\\/#primaryimage\",\"url\":\"https:\\\/\\\/lindaotterstedt.com\\\/wp-content\\\/uploads\\\/2023\\\/03\\\/hundfotograf-familjefotograf-7951.jpg\",\"contentUrl\":\"https:\\\/\\\/lindaotterstedt.com\\\/wp-content\\\/uploads\\\/2023\\\/03\\\/hundfotograf-familjefotograf-7951.jpg\",\"width\":1200,\"height\":798,\"caption\":\"My curious and growing puppy\"},{\"@type\":\"BreadcrumbList\",\"@id\":\"https:\\\/\\\/lindaotterstedt.com\\\/sv\\\/min-valp-vaxer\\\/#breadcrumb\",\"itemListElement\":[{\"@type\":\"ListItem\",\"position\":1,\"name\":\"Home\",\"item\":\"https:\\\/\\\/lindaotterstedt.com\\\/sv\\\/\"},{\"@type\":\"ListItem\",\"position\":2,\"name\":\"Min valp v\u00e4xer\"}]},{\"@type\":\"WebSite\",\"@id\":\"https:\\\/\\\/lindaotterstedt.com\\\/sv\\\/#website\",\"url\":\"https:\\\/\\\/lindaotterstedt.com\\\/sv\\\/\",\"name\":\"Linda Otterstedt Photography\",\"description\":\"Photography for generations to come\",\"publisher\":{\"@id\":\"https:\\\/\\\/lindaotterstedt.com\\\/sv\\\/#organization\"},\"potentialAction\":[{\"@type\":\"SearchAction\",\"target\":{\"@type\":\"EntryPoint\",\"urlTemplate\":\"https:\\\/\\\/lindaotterstedt.com\\\/sv\\\/?s={search_term_string}\"},\"query-input\":{\"@type\":\"PropertyValueSpecification\",\"valueRequired\":true,\"valueName\":\"search_term_string\"}}],\"inLanguage\":\"sv-SE\"},{\"@type\":\"Organization\",\"@id\":\"https:\\\/\\\/lindaotterstedt.com\\\/sv\\\/#organization\",\"name\":\"Linda Otterstedt Photography\",\"alternateName\":\"LOP\",\"url\":\"https:\\\/\\\/lindaotterstedt.com\\\/sv\\\/\",\"logo\":{\"@type\":\"ImageObject\",\"inLanguage\":\"sv-SE\",\"@id\":\"https:\\\/\\\/lindaotterstedt.com\\\/sv\\\/#\\\/schema\\\/logo\\\/image\\\/\",\"url\":\"https:\\\/\\\/lindaotterstedt.com\\\/wp-content\\\/uploads\\\/2023\\\/03\\\/1400_LOGO_Linda_Otterstedt_Standard_Logo_Transparent-copy.png\",\"contentUrl\":\"https:\\\/\\\/lindaotterstedt.com\\\/wp-content\\\/uploads\\\/2023\\\/03\\\/1400_LOGO_Linda_Otterstedt_Standard_Logo_Transparent-copy.png\",\"width\":2684,\"height\":1400,\"caption\":\"Linda Otterstedt Photography\"},\"image\":{\"@id\":\"https:\\\/\\\/lindaotterstedt.com\\\/sv\\\/#\\\/schema\\\/logo\\\/image\\\/\"},\"sameAs\":[\"https:\\\/\\\/www.facebook.com\\\/lindaotterstedtphotography\",\"https:\\\/\\\/www.instagram.com\\\/worldphotographer\",\"https:\\\/\\\/www.instagram.com\\\/worldphotographer_weddings\",\"https:\\\/\\\/www.linkedin.com\\\/in\\\/linda-otterstedt-1886235\\\/\"]},{\"@type\":\"Person\",\"@id\":\"https:\\\/\\\/lindaotterstedt.com\\\/sv\\\/#\\\/schema\\\/person\\\/a8bc2e1a05abd2ffa46fddaa8cb4e2c3\",\"name\":\"Linda Otterstedt\"}]}<\/script>\n<!-- \/ Yoast SEO plugin. -->","yoast_head_json":{"title":"Min valp v\u00e4xer - Linda Otterstedt Photography","robots":{"index":"index","follow":"follow","max-snippet":"max-snippet:-1","max-image-preview":"max-image-preview:large","max-video-preview":"max-video-preview:-1"},"canonical":"https:\/\/lindaotterstedt.com\/sv\/min-valp-vaxer\/","og_locale":"sv_SE","og_type":"article","og_title":"Min valp v\u00e4xer - Linda Otterstedt Photography","og_description":"Min Lexi \u00e4r min v\u00e4xande valp. Hon \u00e4r en vacker och v\u00e4nlig labrador som har f\u00e5ngat hela familjens hj\u00e4rtan med sina underbara uppt\u00e5g och sin lekfulla natur. Som valp \u00e4r Lexi full av energi och nyfikenhet, alltid ivrig att utforska sin omgivning och leka med alla som ger henne uppm\u00e4rksamhet. Om du vill att jag [&hellip;]","og_url":"https:\/\/lindaotterstedt.com\/sv\/min-valp-vaxer\/","og_site_name":"Linda Otterstedt Photography","article_publisher":"https:\/\/www.facebook.com\/lindaotterstedtphotography","article_published_time":"2023-03-29T16:02:28+00:00","article_modified_time":"2023-03-29T16:16:55+00:00","og_image":[{"width":1200,"height":798,"url":"https:\/\/lindaotterstedt.com\/wp-content\/uploads\/2023\/03\/hundfotograf-familjefotograf-7951.jpg","type":"image\/jpeg"}],"author":"Linda Otterstedt","twitter_card":"summary_large_image","twitter_misc":{"Skriven av":"Linda Otterstedt","Ber\u00e4knad l\u00e4stid":"4 minuter"},"schema":{"@context":"https:\/\/schema.org","@graph":[{"@type":"Article","@id":"https:\/\/lindaotterstedt.com\/sv\/min-valp-vaxer\/#article","isPartOf":{"@id":"https:\/\/lindaotterstedt.com\/sv\/min-valp-vaxer\/"},"author":{"name":"Linda Otterstedt","@id":"https:\/\/lindaotterstedt.com\/sv\/#\/schema\/person\/a8bc2e1a05abd2ffa46fddaa8cb4e2c3"},"headline":"Min valp v\u00e4xer","datePublished":"2023-03-29T16:02:28+00:00","dateModified":"2023-03-29T16:16:55+00:00","mainEntityOfPage":{"@id":"https:\/\/lindaotterstedt.com\/sv\/min-valp-vaxer\/"},"wordCount":738,"publisher":{"@id":"https:\/\/lindaotterstedt.com\/sv\/#organization"},"image":{"@id":"https:\/\/lindaotterstedt.com\/sv\/min-valp-vaxer\/#primaryimage"},"thumbnailUrl":"https:\/\/lindaotterstedt.com\/wp-content\/uploads\/2023\/03\/hundfotograf-familjefotograf-7951.jpg","inLanguage":"sv-SE"},{"@type":"WebPage","@id":"https:\/\/lindaotterstedt.com\/sv\/min-valp-vaxer\/","url":"https:\/\/lindaotterstedt.com\/sv\/min-valp-vaxer\/","name":"Min valp v\u00e4xer - Linda Otterstedt Photography","isPartOf":{"@id":"https:\/\/lindaotterstedt.com\/sv\/#website"},"primaryImageOfPage":{"@id":"https:\/\/lindaotterstedt.com\/sv\/min-valp-vaxer\/#primaryimage"},"image":{"@id":"https:\/\/lindaotterstedt.com\/sv\/min-valp-vaxer\/#primaryimage"},"thumbnailUrl":"https:\/\/lindaotterstedt.com\/wp-content\/uploads\/2023\/03\/hundfotograf-familjefotograf-7951.jpg","datePublished":"2023-03-29T16:02:28+00:00","dateModified":"2023-03-29T16:16:55+00:00","breadcrumb":{"@id":"https:\/\/lindaotterstedt.com\/sv\/min-valp-vaxer\/#breadcrumb"},"inLanguage":"sv-SE","potentialAction":[{"@type":"ReadAction","target":["https:\/\/lindaotterstedt.com\/sv\/min-valp-vaxer\/"]}]},{"@type":"ImageObject","inLanguage":"sv-SE","@id":"https:\/\/lindaotterstedt.com\/sv\/min-valp-vaxer\/#primaryimage","url":"https:\/\/lindaotterstedt.com\/wp-content\/uploads\/2023\/03\/hundfotograf-familjefotograf-7951.jpg","contentUrl":"https:\/\/lindaotterstedt.com\/wp-content\/uploads\/2023\/03\/hundfotograf-familjefotograf-7951.jpg","width":1200,"height":798,"caption":"My curious and growing puppy"},{"@type":"BreadcrumbList","@id":"https:\/\/lindaotterstedt.com\/sv\/min-valp-vaxer\/#breadcrumb","itemListElement":[{"@type":"ListItem","position":1,"name":"Home","item":"https:\/\/lindaotterstedt.com\/sv\/"},{"@type":"ListItem","position":2,"name":"Min valp v\u00e4xer"}]},{"@type":"WebSite","@id":"https:\/\/lindaotterstedt.com\/sv\/#website","url":"https:\/\/lindaotterstedt.com\/sv\/","name":"Linda Otterstedt Photography","description":"Photography for generations to come","publisher":{"@id":"https:\/\/lindaotterstedt.com\/sv\/#organization"},"potentialAction":[{"@type":"SearchAction","target":{"@type":"EntryPoint","urlTemplate":"https:\/\/lindaotterstedt.com\/sv\/?s={search_term_string}"},"query-input":{"@type":"PropertyValueSpecification","valueRequired":true,"valueName":"search_term_string"}}],"inLanguage":"sv-SE"},{"@type":"Organization","@id":"https:\/\/lindaotterstedt.com\/sv\/#organization","name":"Linda Otterstedt Photography","alternateName":"LOP","url":"https:\/\/lindaotterstedt.com\/sv\/","logo":{"@type":"ImageObject","inLanguage":"sv-SE","@id":"https:\/\/lindaotterstedt.com\/sv\/#\/schema\/logo\/image\/","url":"https:\/\/lindaotterstedt.com\/wp-content\/uploads\/2023\/03\/1400_LOGO_Linda_Otterstedt_Standard_Logo_Transparent-copy.png","contentUrl":"https:\/\/lindaotterstedt.com\/wp-content\/uploads\/2023\/03\/1400_LOGO_Linda_Otterstedt_Standard_Logo_Transparent-copy.png","width":2684,"height":1400,"caption":"Linda Otterstedt Photography"},"image":{"@id":"https:\/\/lindaotterstedt.com\/sv\/#\/schema\/logo\/image\/"},"sameAs":["https:\/\/www.facebook.com\/lindaotterstedtphotography","https:\/\/www.instagram.com\/worldphotographer","https:\/\/www.instagram.com\/worldphotographer_weddings","https:\/\/www.linkedin.com\/in\/linda-otterstedt-1886235\/"]},{"@type":"Person","@id":"https:\/\/lindaotterstedt.com\/sv\/#\/schema\/person\/a8bc2e1a05abd2ffa46fddaa8cb4e2c3","name":"Linda Otterstedt"}]}},"_links":{"self":[{"href":"https:\/\/lindaotterstedt.com\/sv\/wp-json\/wp\/v2\/posts\/5791","targetHints":{"allow":["GET"]}}],"collection":[{"href":"https:\/\/lindaotterstedt.com\/sv\/wp-json\/wp\/v2\/posts"}],"about":[{"href":"https:\/\/lindaotterstedt.com\/sv\/wp-json\/wp\/v2\/types\/post"}],"author":[{"embeddable":true,"href":"https:\/\/lindaotterstedt.com\/sv\/wp-json\/wp\/v2\/users\/7"}],"replies":[{"embeddable":true,"href":"https:\/\/lindaotterstedt.com\/sv\/wp-json\/wp\/v2\/comments?post=5791"}],"version-history":[{"count":1,"href":"https:\/\/lindaotterstedt.com\/sv\/wp-json\/wp\/v2\/posts\/5791\/revisions"}],"predecessor-version":[{"id":5793,"href":"https:\/\/lindaotterstedt.com\/sv\/wp-json\/wp\/v2\/posts\/5791\/revisions\/5793"}],"wp:featuredmedia":[{"embeddable":true,"href":"https:\/\/lindaotterstedt.com\/sv\/wp-json\/wp\/v2\/media\/5790"}],"wp:attachment":[{"href":"https:\/\/lindaotterstedt.com\/sv\/wp-json\/wp\/v2\/media?parent=5791"}],"wp:term":[{"taxonomy":"category","embeddable":true,"href":"https:\/\/lindaotterstedt.com\/sv\/wp-json\/wp\/v2\/categories?post=5791"},{"taxonomy":"post_tag","embeddable":true,"href":"https:\/\/lindaotterstedt.com\/sv\/wp-json\/wp\/v2\/tags?post=5791"}],"curies":[{"name":"wp","href":"https:\/\/api.w.org\/{rel}","templated":true}]}}