{"id":5885,"date":"2023-04-04T11:41:33","date_gmt":"2023-04-04T09:41:33","guid":{"rendered":"https:\/\/lindaotterstedt.com\/nyfoddfotografering-i-hemmet\/"},"modified":"2023-04-04T11:57:18","modified_gmt":"2023-04-04T09:57:18","slug":"nyfoddfotografering-i-hemmet","status":"publish","type":"post","link":"https:\/\/lindaotterstedt.com\/sv\/nyfoddfotografering-i-hemmet\/","title":{"rendered":"Nyf\u00f6ddfotografering i hemmet"},"content":{"rendered":"\n<p class=\"wp-block-paragraph\">F\u00f6r n\u00e5gra veckor sedan \u00e5kte jag hem till ett av mina brudpar fr\u00e5n f\u00f6rra sommaren f\u00f6r att fotografera deras lille nyf\u00f6dde son. Barn nummer tv\u00e5 var f\u00f6tt. Grattis! <\/p>\n\n<p class=\"wp-block-paragraph\">Om du \u00e4r intresserad av en nyf\u00f6ddfotografering i hemmet, v\u00e4nligen kontakta mig p\u00e5 min <a href=\"https:\/\/lindaotterstedt.com\/sv\/kontakt\/\">kontaktsida<\/a>. <\/p>\n\n<p class=\"wp-block-paragraph\">S\u00e5 om du vill att jag ska fotografera ditt nyf\u00f6dda barn hemma med ett syskon finns det n\u00e5gra saker du kan t\u00e4nka p\u00e5 f\u00f6r att g\u00f6ra det s\u00e4kert och trevligt. H\u00e4r \u00e4r n\u00e5gra tips att t\u00e4nka p\u00e5 innan jag kommer till dig:<\/p>\n\n<h2 class=\"wp-block-heading\">V\u00e4lj ett ljust omr\u00e5de <\/h2>\n\n<figure class=\"wp-block-image size-large\"><img loading=\"lazy\" decoding=\"async\" width=\"1024\" height=\"681\" src=\"https:\/\/lindaotterstedt.com\/wp-content\/uploads\/2023\/04\/nyfoddfotograf-nyfoddblogg-newbornfotograf-8639-2-1024x681.jpg\" alt=\"\" class=\"wp-image-5881\" srcset=\"https:\/\/lindaotterstedt.com\/wp-content\/uploads\/2023\/04\/nyfoddfotograf-nyfoddblogg-newbornfotograf-8639-2-980x652.jpg 980w, https:\/\/lindaotterstedt.com\/wp-content\/uploads\/2023\/04\/nyfoddfotograf-nyfoddblogg-newbornfotograf-8639-2-480x319.jpg 480w\" sizes=\"(min-width: 0px) and (max-width: 480px) 480px, (min-width: 481px) and (max-width: 980px) 980px, (min-width: 981px) 1024px, 100vw\" \/><\/figure>\n<p class=\"wp-block-paragraph\"><\/p>\n\n<h2 class=\"wp-block-heading\">Anv\u00e4nd mjuka och naturliga f\u00e4rger till ert kl\u00e4dval.<\/h2>\n\n<p class=\"wp-block-paragraph\">2. H\u00e5ll rummet varmt. Sp\u00e4dbarn \u00e4r vana vid att befinna sig i en varm och mysig milj\u00f6, s\u00e5 se till att rummet du fotograferar i har en behaglig temperatur. Det hj\u00e4lper dig att h\u00e5lla barnet lugnt och avslappnat under fotograferingen. Anv\u00e4nd mjuka, naturliga f\u00e4rger f\u00f6r kl\u00e4derna. N\u00e4r det g\u00e4ller kl\u00e4der och rekvisita f\u00f6r fotografering av nyf\u00f6dda, h\u00e5ll dig g\u00e4rna till mjuka och naturliga filtar, svepningar och kuddar. Detta skapar en bekv\u00e4m och mysig milj\u00f6 f\u00f6r ditt barn.<\/p>\n\n<figure class=\"wp-block-image aligncenter size-large\"><img loading=\"lazy\" decoding=\"async\" width=\"681\" height=\"1024\" src=\"https:\/\/lindaotterstedt.com\/wp-content\/uploads\/2023\/04\/nyfoddfotograf-nyfoddblogg-newbornfotograf-8778-1-681x1024.jpg\" alt=\"\" class=\"wp-image-5862\"\/><\/figure>\n<p class=\"wp-block-paragraph\"><\/p>\n\n<h2 class=\"wp-block-heading\">K\u00e4nn dig inte stressad<\/h2>\n\n<p class=\"wp-block-paragraph\">3. Ha t\u00e5lamod. Att fotografera nyf\u00f6dda kan ta tid, s\u00e5 ha t\u00e5lamod och bli inte stressad. Ta pauser n\u00e4r du beh\u00f6ver och var beredd att arbeta efter barnets schema. De kan beh\u00f6va \u00e4ta, sova eller byta bl\u00f6ja under fotograferingen, inga problem. Barnet styr v\u00e4rlden. \ud83d\ude09<\/p>\n\n<figure class=\"wp-block-image size-large\"><img loading=\"lazy\" decoding=\"async\" width=\"1024\" height=\"681\" src=\"https:\/\/lindaotterstedt.com\/wp-content\/uploads\/2023\/04\/nyfoddfotograf-nyfoddblogg-newbornfotograf-8600-1-1024x681.jpg\" alt=\"\" class=\"wp-image-5864\" srcset=\"https:\/\/lindaotterstedt.com\/wp-content\/uploads\/2023\/04\/nyfoddfotograf-nyfoddblogg-newbornfotograf-8600-1-980x652.jpg 980w, https:\/\/lindaotterstedt.com\/wp-content\/uploads\/2023\/04\/nyfoddfotograf-nyfoddblogg-newbornfotograf-8600-1-480x319.jpg 480w\" sizes=\"(min-width: 0px) and (max-width: 480px) 480px, (min-width: 481px) and (max-width: 980px) 980px, (min-width: 981px) 1024px, 100vw\" \/><\/figure>\n<p class=\"wp-block-paragraph\"><\/p>\n\n<h2 class=\"wp-block-heading\">Involvera<\/h2>\n\n<p class=\"wp-block-paragraph\">4. Involvera den tre\u00e5riga brodern\/syskonet. Om syskonet ocks\u00e5 ska vara med p\u00e5 bilderna, f\u00f6rs\u00f6k att involvera syskonet i processen. Det hj\u00e4lper syskonet att k\u00e4nna sig delaktig och kan skapa fina syskonstunder p\u00e5 bilderna. Du kan be syskonet h\u00e5lla barnets hand eller ge honom en mjuk puss p\u00e5 pannan.<\/p>\n\n<figure class=\"wp-block-image size-large is-resized\"><img loading=\"lazy\" decoding=\"async\" src=\"https:\/\/lindaotterstedt.com\/wp-content\/uploads\/2023\/04\/barnfotografering-nyfoddfotografering-newborn-8504-1024x681.jpg\" alt=\"\" class=\"wp-image-5829\" width=\"823\" height=\"547\"\/><\/figure>\n<p class=\"wp-block-paragraph\"><\/p>\n\n<h2 class=\"wp-block-heading\">Planera fotograferingen av ditt nyf\u00f6dda barn hemma<\/h2>\n\n<p class=\"wp-block-paragraph\">5. H\u00e5ll alltid ett vakande \u00f6ga p\u00e5 din nyf\u00f6dda och se till att syskonet \u00e4r f\u00f6rsiktig i n\u00e4rheten av barnet. Med lite planering och f\u00f6rberedelser kan vi skapa vackra och minnesv\u00e4rda foton av ert nyf\u00f6dda barn. <\/p>\n\n<figure class=\"wp-block-image size-large\"><img loading=\"lazy\" decoding=\"async\" width=\"1024\" height=\"681\" src=\"https:\/\/lindaotterstedt.com\/wp-content\/uploads\/2023\/04\/nyfoddfotograf-nyfoddblogg-newbornfotograf-8561-1-1024x681.jpg\" alt=\"\" class=\"wp-image-5866\" srcset=\"https:\/\/lindaotterstedt.com\/wp-content\/uploads\/2023\/04\/nyfoddfotograf-nyfoddblogg-newbornfotograf-8561-1-980x652.jpg 980w, https:\/\/lindaotterstedt.com\/wp-content\/uploads\/2023\/04\/nyfoddfotograf-nyfoddblogg-newbornfotograf-8561-1-480x319.jpg 480w\" sizes=\"(min-width: 0px) and (max-width: 480px) 480px, (min-width: 481px) and (max-width: 980px) 980px, (min-width: 981px) 1024px, 100vw\" \/><\/figure>\n<p class=\"wp-block-paragraph\"><\/p>\n\n<h2 class=\"wp-block-heading\">Din lilla bebis kommer att dokumenteras f\u00f6r alltid<\/h2>\n\n<p class=\"wp-block-paragraph\">M\u00e5let med en dokument\u00e4r fotosession f\u00f6r nyf\u00f6dda \u00e4r att skapa en samling bilder som ber\u00e4ttar historien om barnets f\u00f6rsta dagar i livet. Vi skapar dem p\u00e5 ett h\u00e4rligt och meningsfullt s\u00e4tt. Genom att f\u00e5nga familjens naturliga \u00f6gonblick och k\u00e4nslor kan jag skapa en kraftfull visuell dokumentation av denna speciella tid som kan bevaras i m\u00e5nga \u00e5r fram\u00f6ver.<\/p>\n\n<figure class=\"wp-block-gallery has-nested-images columns-default is-cropped wp-block-gallery-1 is-layout-flex wp-block-gallery-is-layout-flex\">\n<figure class=\"wp-block-image size-large\"><img loading=\"lazy\" decoding=\"async\" width=\"681\" height=\"1024\" data-id=\"5870\" src=\"https:\/\/lindaotterstedt.com\/wp-content\/uploads\/2023\/04\/nyfoddfotograf-nyfoddblogg-newbornfotograf-8693-1-681x1024.jpg\" alt=\"\" class=\"wp-image-5870\"\/><\/figure>\n\n\n<figure class=\"wp-block-image size-large\"><img loading=\"lazy\" decoding=\"async\" width=\"681\" height=\"1024\" data-id=\"5871\" src=\"https:\/\/lindaotterstedt.com\/wp-content\/uploads\/2023\/04\/nyfoddfotograf-nyfoddblogg-newbornfotograf-8715-1-681x1024.jpg\" alt=\"\" class=\"wp-image-5871\"\/><\/figure>\n\n\n<figure class=\"wp-block-image size-large\"><img loading=\"lazy\" decoding=\"async\" width=\"1024\" height=\"681\" data-id=\"5868\" src=\"https:\/\/lindaotterstedt.com\/wp-content\/uploads\/2023\/04\/nyfoddfotograf-nyfoddblogg-newbornfotograf-8813-1-1024x681.jpg\" alt=\"\" class=\"wp-image-5868\" srcset=\"https:\/\/lindaotterstedt.com\/wp-content\/uploads\/2023\/04\/nyfoddfotograf-nyfoddblogg-newbornfotograf-8813-1-980x652.jpg 980w, https:\/\/lindaotterstedt.com\/wp-content\/uploads\/2023\/04\/nyfoddfotograf-nyfoddblogg-newbornfotograf-8813-1-480x319.jpg 480w\" sizes=\"(min-width: 0px) and (max-width: 480px) 480px, (min-width: 481px) and (max-width: 980px) 980px, (min-width: 981px) 1024px, 100vw\" \/><\/figure><\/figure>\n\n<p class=\"wp-block-paragraph\"><\/p>\n\n<h2 class=\"wp-block-heading\">Vardagslivet<\/h2>\n\n<p class=\"wp-block-paragraph\">Om du funderar p\u00e5 att fotografera din nyf\u00f6dde med dokument\u00e4rfotografering, se till att v\u00e4lja en fotograf som specialiserar sig p\u00e5 den h\u00e4r typen av fotografering. Det \u00e4r ocks\u00e5 bra att v\u00e4lja n\u00e5gon som har erfarenhet av att arbeta med nyf\u00f6dda barn. Du b\u00f6r ocks\u00e5 diskutera dina \u00f6nskem\u00e5l och f\u00f6rv\u00e4ntningar p\u00e5 sessionen i f\u00f6rv\u00e4g f\u00f6r att se till att du f\u00e5r det resultat du vill ha. Ring mig eller skicka mig ett <a href=\"https:\/\/lindaotterstedt.com\/sv\/kontakt\/\">meddelande<\/a> s\u00e5 att vi kan prata om dina id\u00e9er och boka en session runt ditt f\u00f6rlossningsdatum.<\/p>\n\n<figure class=\"wp-block-image size-large\"><img loading=\"lazy\" decoding=\"async\" width=\"1024\" height=\"681\" src=\"https:\/\/lindaotterstedt.com\/wp-content\/uploads\/2023\/04\/nyfoddfotograf-nyfoddblogg-newbornfotograf-8808-2-1024x681.jpg\" alt=\"\" class=\"wp-image-5877\" srcset=\"https:\/\/lindaotterstedt.com\/wp-content\/uploads\/2023\/04\/nyfoddfotograf-nyfoddblogg-newbornfotograf-8808-2-980x652.jpg 980w, https:\/\/lindaotterstedt.com\/wp-content\/uploads\/2023\/04\/nyfoddfotograf-nyfoddblogg-newbornfotograf-8808-2-480x319.jpg 480w\" sizes=\"(min-width: 0px) and (max-width: 480px) 480px, (min-width: 481px) and (max-width: 980px) 980px, (min-width: 981px) 1024px, 100vw\" \/><\/figure>\n<p class=\"wp-block-paragraph\"><\/p>\n\n<h2 class=\"wp-block-heading\">Nyf\u00f6ddfotografering i hemmet eller i studion<\/h2>\n\n<p class=\"wp-block-paragraph\">Om du \u00e4r intresserad av en poserad nyf\u00f6ddfotografering i hemmet har jag min studio i <a href=\"https:\/\/sv.wikipedia.org\/wiki\/Fredh%C3%A4ll\">Fredh\u00e4ll<\/a>\/<a href=\"https:\/\/www.visitstockholm.com\/see-do\/attractions\/district-guide-kungsholmen\/\">Kungsholmen<\/a> med filt, rekvisita och nyf\u00f6ddhetskl\u00e4der. Den b\u00e4sta tiden f\u00f6r att g\u00f6ra en poserande nyf\u00f6ddfotografering \u00e4r n\u00e4r barnet \u00e4r 6-12 dagar gammalt. <\/p>\n\n<p class=\"wp-block-paragraph\"><\/p>\n\n<p class=\"wp-block-paragraph\">Ha en bra dag!<\/p>\n\n<p class=\"wp-block-paragraph\"><\/p>\n\n<p class=\"wp-block-paragraph\">\/LINDA<\/p>\n\n<p class=\"wp-block-paragraph\"><\/p>\n\n<p class=\"wp-block-paragraph\"><\/p>\n","protected":false},"excerpt":{"rendered":"<p>F\u00f6r n\u00e5gra veckor sedan \u00e5kte jag hem till ett av mina brudpar fr\u00e5n f\u00f6rra sommaren f\u00f6r att fotografera deras lille nyf\u00f6dde son. Barn nummer tv\u00e5 var f\u00f6tt. Grattis! Om du \u00e4r intresserad av en nyf\u00f6ddfotografering i hemmet, v\u00e4nligen kontakta mig p\u00e5 min kontaktsida. S\u00e5 om du vill att jag ska fotografera ditt nyf\u00f6dda barn hemma [&hellip;]<\/p>\n","protected":false},"author":7,"featured_media":5833,"comment_status":"closed","ping_status":"open","sticky":false,"template":"","format":"standard","meta":{"_et_pb_use_builder":"","_et_pb_old_content":"","_et_gb_content_width":"","footnotes":""},"categories":[107],"tags":[],"class_list":["post-5885","post","type-post","status-publish","format-standard","has-post-thumbnail","hentry","category-familjefotografering-sv"],"yoast_head":"<!-- This site is optimized with the Yoast SEO plugin v28.2 - https:\/\/yoast.com\/product\/yoast-seo-wordpress\/ -->\n<title>Nyf\u00f6ddfotografering i hemmet - Linda Otterstedt Photography<\/title>\n<meta name=\"robots\" content=\"index, follow, max-snippet:-1, max-image-preview:large, max-video-preview:-1\" \/>\n<link rel=\"canonical\" href=\"https:\/\/lindaotterstedt.com\/sv\/nyfoddfotografering-i-hemmet\/\" \/>\n<meta property=\"og:locale\" content=\"sv_SE\" \/>\n<meta property=\"og:type\" content=\"article\" \/>\n<meta property=\"og:title\" content=\"Nyf\u00f6ddfotografering i hemmet - Linda Otterstedt Photography\" \/>\n<meta property=\"og:description\" content=\"F\u00f6r n\u00e5gra veckor sedan \u00e5kte jag hem till ett av mina brudpar fr\u00e5n f\u00f6rra sommaren f\u00f6r att fotografera deras lille nyf\u00f6dde son. Barn nummer tv\u00e5 var f\u00f6tt. Grattis! Om du \u00e4r intresserad av en nyf\u00f6ddfotografering i hemmet, v\u00e4nligen kontakta mig p\u00e5 min kontaktsida. S\u00e5 om du vill att jag ska fotografera ditt nyf\u00f6dda barn hemma [&hellip;]\" \/>\n<meta property=\"og:url\" content=\"https:\/\/lindaotterstedt.com\/sv\/nyfoddfotografering-i-hemmet\/\" \/>\n<meta property=\"og:site_name\" content=\"Linda Otterstedt Photography\" \/>\n<meta property=\"article:publisher\" content=\"https:\/\/www.facebook.com\/lindaotterstedtphotography\" \/>\n<meta property=\"article:published_time\" content=\"2023-04-04T09:41:33+00:00\" \/>\n<meta property=\"article:modified_time\" content=\"2023-04-04T09:57:18+00:00\" \/>\n<meta property=\"og:image\" content=\"https:\/\/lindaotterstedt.com\/wp-content\/uploads\/2023\/04\/nyfoddfotograf-nyfoddblogg-newbornfotograf-8504-scaled.jpg\" \/>\n\t<meta property=\"og:image:width\" content=\"2560\" \/>\n\t<meta property=\"og:image:height\" content=\"1703\" \/>\n\t<meta property=\"og:image:type\" content=\"image\/jpeg\" \/>\n<meta name=\"author\" content=\"Linda Otterstedt\" \/>\n<meta name=\"twitter:card\" content=\"summary_large_image\" \/>\n<meta name=\"twitter:label1\" content=\"Skriven av\" \/>\n\t<meta name=\"twitter:data1\" content=\"Linda Otterstedt\" \/>\n\t<meta name=\"twitter:label2\" content=\"Ber\u00e4knad l\u00e4stid\" \/>\n\t<meta name=\"twitter:data2\" content=\"3 minuter\" \/>\n<script type=\"application\/ld+json\" class=\"yoast-schema-graph\">{\"@context\":\"https:\\\/\\\/schema.org\",\"@graph\":[{\"@type\":\"Article\",\"@id\":\"https:\\\/\\\/lindaotterstedt.com\\\/sv\\\/nyfoddfotografering-i-hemmet\\\/#article\",\"isPartOf\":{\"@id\":\"https:\\\/\\\/lindaotterstedt.com\\\/sv\\\/nyfoddfotografering-i-hemmet\\\/\"},\"author\":{\"name\":\"Linda Otterstedt\",\"@id\":\"https:\\\/\\\/lindaotterstedt.com\\\/sv\\\/#\\\/schema\\\/person\\\/a8bc2e1a05abd2ffa46fddaa8cb4e2c3\"},\"headline\":\"Nyf\u00f6ddfotografering i hemmet\",\"datePublished\":\"2023-04-04T09:41:33+00:00\",\"dateModified\":\"2023-04-04T09:57:18+00:00\",\"mainEntityOfPage\":{\"@id\":\"https:\\\/\\\/lindaotterstedt.com\\\/sv\\\/nyfoddfotografering-i-hemmet\\\/\"},\"wordCount\":620,\"publisher\":{\"@id\":\"https:\\\/\\\/lindaotterstedt.com\\\/sv\\\/#organization\"},\"image\":{\"@id\":\"https:\\\/\\\/lindaotterstedt.com\\\/sv\\\/nyfoddfotografering-i-hemmet\\\/#primaryimage\"},\"thumbnailUrl\":\"https:\\\/\\\/lindaotterstedt.com\\\/wp-content\\\/uploads\\\/2023\\\/04\\\/nyfoddfotograf-nyfoddblogg-newbornfotograf-8504-scaled.jpg\",\"articleSection\":[\"Familjefotografering\"],\"inLanguage\":\"sv-SE\"},{\"@type\":\"WebPage\",\"@id\":\"https:\\\/\\\/lindaotterstedt.com\\\/sv\\\/nyfoddfotografering-i-hemmet\\\/\",\"url\":\"https:\\\/\\\/lindaotterstedt.com\\\/sv\\\/nyfoddfotografering-i-hemmet\\\/\",\"name\":\"Nyf\u00f6ddfotografering i hemmet - Linda Otterstedt Photography\",\"isPartOf\":{\"@id\":\"https:\\\/\\\/lindaotterstedt.com\\\/sv\\\/#website\"},\"primaryImageOfPage\":{\"@id\":\"https:\\\/\\\/lindaotterstedt.com\\\/sv\\\/nyfoddfotografering-i-hemmet\\\/#primaryimage\"},\"image\":{\"@id\":\"https:\\\/\\\/lindaotterstedt.com\\\/sv\\\/nyfoddfotografering-i-hemmet\\\/#primaryimage\"},\"thumbnailUrl\":\"https:\\\/\\\/lindaotterstedt.com\\\/wp-content\\\/uploads\\\/2023\\\/04\\\/nyfoddfotograf-nyfoddblogg-newbornfotograf-8504-scaled.jpg\",\"datePublished\":\"2023-04-04T09:41:33+00:00\",\"dateModified\":\"2023-04-04T09:57:18+00:00\",\"breadcrumb\":{\"@id\":\"https:\\\/\\\/lindaotterstedt.com\\\/sv\\\/nyfoddfotografering-i-hemmet\\\/#breadcrumb\"},\"inLanguage\":\"sv-SE\",\"potentialAction\":[{\"@type\":\"ReadAction\",\"target\":[\"https:\\\/\\\/lindaotterstedt.com\\\/sv\\\/nyfoddfotografering-i-hemmet\\\/\"]}]},{\"@type\":\"ImageObject\",\"inLanguage\":\"sv-SE\",\"@id\":\"https:\\\/\\\/lindaotterstedt.com\\\/sv\\\/nyfoddfotografering-i-hemmet\\\/#primaryimage\",\"url\":\"https:\\\/\\\/lindaotterstedt.com\\\/wp-content\\\/uploads\\\/2023\\\/04\\\/nyfoddfotograf-nyfoddblogg-newbornfotograf-8504-scaled.jpg\",\"contentUrl\":\"https:\\\/\\\/lindaotterstedt.com\\\/wp-content\\\/uploads\\\/2023\\\/04\\\/nyfoddfotograf-nyfoddblogg-newbornfotograf-8504-scaled.jpg\",\"width\":2560,\"height\":1703,\"caption\":\"Nyf\u00f6ddfotograf Danderyd\"},{\"@type\":\"BreadcrumbList\",\"@id\":\"https:\\\/\\\/lindaotterstedt.com\\\/sv\\\/nyfoddfotografering-i-hemmet\\\/#breadcrumb\",\"itemListElement\":[{\"@type\":\"ListItem\",\"position\":1,\"name\":\"Home\",\"item\":\"https:\\\/\\\/lindaotterstedt.com\\\/sv\\\/\"},{\"@type\":\"ListItem\",\"position\":2,\"name\":\"Nyf\u00f6ddfotografering i hemmet\"}]},{\"@type\":\"WebSite\",\"@id\":\"https:\\\/\\\/lindaotterstedt.com\\\/sv\\\/#website\",\"url\":\"https:\\\/\\\/lindaotterstedt.com\\\/sv\\\/\",\"name\":\"Linda Otterstedt Photography\",\"description\":\"Photography for generations to come\",\"publisher\":{\"@id\":\"https:\\\/\\\/lindaotterstedt.com\\\/sv\\\/#organization\"},\"potentialAction\":[{\"@type\":\"SearchAction\",\"target\":{\"@type\":\"EntryPoint\",\"urlTemplate\":\"https:\\\/\\\/lindaotterstedt.com\\\/sv\\\/?s={search_term_string}\"},\"query-input\":{\"@type\":\"PropertyValueSpecification\",\"valueRequired\":true,\"valueName\":\"search_term_string\"}}],\"inLanguage\":\"sv-SE\"},{\"@type\":\"Organization\",\"@id\":\"https:\\\/\\\/lindaotterstedt.com\\\/sv\\\/#organization\",\"name\":\"Linda Otterstedt Photography\",\"alternateName\":\"LOP\",\"url\":\"https:\\\/\\\/lindaotterstedt.com\\\/sv\\\/\",\"logo\":{\"@type\":\"ImageObject\",\"inLanguage\":\"sv-SE\",\"@id\":\"https:\\\/\\\/lindaotterstedt.com\\\/sv\\\/#\\\/schema\\\/logo\\\/image\\\/\",\"url\":\"https:\\\/\\\/lindaotterstedt.com\\\/wp-content\\\/uploads\\\/2023\\\/03\\\/1400_LOGO_Linda_Otterstedt_Standard_Logo_Transparent-copy.png\",\"contentUrl\":\"https:\\\/\\\/lindaotterstedt.com\\\/wp-content\\\/uploads\\\/2023\\\/03\\\/1400_LOGO_Linda_Otterstedt_Standard_Logo_Transparent-copy.png\",\"width\":2684,\"height\":1400,\"caption\":\"Linda Otterstedt Photography\"},\"image\":{\"@id\":\"https:\\\/\\\/lindaotterstedt.com\\\/sv\\\/#\\\/schema\\\/logo\\\/image\\\/\"},\"sameAs\":[\"https:\\\/\\\/www.facebook.com\\\/lindaotterstedtphotography\",\"https:\\\/\\\/www.instagram.com\\\/worldphotographer\",\"https:\\\/\\\/www.instagram.com\\\/worldphotographer_weddings\",\"https:\\\/\\\/www.linkedin.com\\\/in\\\/linda-otterstedt-1886235\\\/\"]},{\"@type\":\"Person\",\"@id\":\"https:\\\/\\\/lindaotterstedt.com\\\/sv\\\/#\\\/schema\\\/person\\\/a8bc2e1a05abd2ffa46fddaa8cb4e2c3\",\"name\":\"Linda Otterstedt\"}]}<\/script>\n<!-- \/ Yoast SEO plugin. -->","yoast_head_json":{"title":"Nyf\u00f6ddfotografering i hemmet - Linda Otterstedt Photography","robots":{"index":"index","follow":"follow","max-snippet":"max-snippet:-1","max-image-preview":"max-image-preview:large","max-video-preview":"max-video-preview:-1"},"canonical":"https:\/\/lindaotterstedt.com\/sv\/nyfoddfotografering-i-hemmet\/","og_locale":"sv_SE","og_type":"article","og_title":"Nyf\u00f6ddfotografering i hemmet - Linda Otterstedt Photography","og_description":"F\u00f6r n\u00e5gra veckor sedan \u00e5kte jag hem till ett av mina brudpar fr\u00e5n f\u00f6rra sommaren f\u00f6r att fotografera deras lille nyf\u00f6dde son. Barn nummer tv\u00e5 var f\u00f6tt. Grattis! Om du \u00e4r intresserad av en nyf\u00f6ddfotografering i hemmet, v\u00e4nligen kontakta mig p\u00e5 min kontaktsida. S\u00e5 om du vill att jag ska fotografera ditt nyf\u00f6dda barn hemma [&hellip;]","og_url":"https:\/\/lindaotterstedt.com\/sv\/nyfoddfotografering-i-hemmet\/","og_site_name":"Linda Otterstedt Photography","article_publisher":"https:\/\/www.facebook.com\/lindaotterstedtphotography","article_published_time":"2023-04-04T09:41:33+00:00","article_modified_time":"2023-04-04T09:57:18+00:00","og_image":[{"width":2560,"height":1703,"url":"https:\/\/lindaotterstedt.com\/wp-content\/uploads\/2023\/04\/nyfoddfotograf-nyfoddblogg-newbornfotograf-8504-scaled.jpg","type":"image\/jpeg"}],"author":"Linda Otterstedt","twitter_card":"summary_large_image","twitter_misc":{"Skriven av":"Linda Otterstedt","Ber\u00e4knad l\u00e4stid":"3 minuter"},"schema":{"@context":"https:\/\/schema.org","@graph":[{"@type":"Article","@id":"https:\/\/lindaotterstedt.com\/sv\/nyfoddfotografering-i-hemmet\/#article","isPartOf":{"@id":"https:\/\/lindaotterstedt.com\/sv\/nyfoddfotografering-i-hemmet\/"},"author":{"name":"Linda Otterstedt","@id":"https:\/\/lindaotterstedt.com\/sv\/#\/schema\/person\/a8bc2e1a05abd2ffa46fddaa8cb4e2c3"},"headline":"Nyf\u00f6ddfotografering i hemmet","datePublished":"2023-04-04T09:41:33+00:00","dateModified":"2023-04-04T09:57:18+00:00","mainEntityOfPage":{"@id":"https:\/\/lindaotterstedt.com\/sv\/nyfoddfotografering-i-hemmet\/"},"wordCount":620,"publisher":{"@id":"https:\/\/lindaotterstedt.com\/sv\/#organization"},"image":{"@id":"https:\/\/lindaotterstedt.com\/sv\/nyfoddfotografering-i-hemmet\/#primaryimage"},"thumbnailUrl":"https:\/\/lindaotterstedt.com\/wp-content\/uploads\/2023\/04\/nyfoddfotograf-nyfoddblogg-newbornfotograf-8504-scaled.jpg","articleSection":["Familjefotografering"],"inLanguage":"sv-SE"},{"@type":"WebPage","@id":"https:\/\/lindaotterstedt.com\/sv\/nyfoddfotografering-i-hemmet\/","url":"https:\/\/lindaotterstedt.com\/sv\/nyfoddfotografering-i-hemmet\/","name":"Nyf\u00f6ddfotografering i hemmet - Linda Otterstedt Photography","isPartOf":{"@id":"https:\/\/lindaotterstedt.com\/sv\/#website"},"primaryImageOfPage":{"@id":"https:\/\/lindaotterstedt.com\/sv\/nyfoddfotografering-i-hemmet\/#primaryimage"},"image":{"@id":"https:\/\/lindaotterstedt.com\/sv\/nyfoddfotografering-i-hemmet\/#primaryimage"},"thumbnailUrl":"https:\/\/lindaotterstedt.com\/wp-content\/uploads\/2023\/04\/nyfoddfotograf-nyfoddblogg-newbornfotograf-8504-scaled.jpg","datePublished":"2023-04-04T09:41:33+00:00","dateModified":"2023-04-04T09:57:18+00:00","breadcrumb":{"@id":"https:\/\/lindaotterstedt.com\/sv\/nyfoddfotografering-i-hemmet\/#breadcrumb"},"inLanguage":"sv-SE","potentialAction":[{"@type":"ReadAction","target":["https:\/\/lindaotterstedt.com\/sv\/nyfoddfotografering-i-hemmet\/"]}]},{"@type":"ImageObject","inLanguage":"sv-SE","@id":"https:\/\/lindaotterstedt.com\/sv\/nyfoddfotografering-i-hemmet\/#primaryimage","url":"https:\/\/lindaotterstedt.com\/wp-content\/uploads\/2023\/04\/nyfoddfotograf-nyfoddblogg-newbornfotograf-8504-scaled.jpg","contentUrl":"https:\/\/lindaotterstedt.com\/wp-content\/uploads\/2023\/04\/nyfoddfotograf-nyfoddblogg-newbornfotograf-8504-scaled.jpg","width":2560,"height":1703,"caption":"Nyf\u00f6ddfotograf Danderyd"},{"@type":"BreadcrumbList","@id":"https:\/\/lindaotterstedt.com\/sv\/nyfoddfotografering-i-hemmet\/#breadcrumb","itemListElement":[{"@type":"ListItem","position":1,"name":"Home","item":"https:\/\/lindaotterstedt.com\/sv\/"},{"@type":"ListItem","position":2,"name":"Nyf\u00f6ddfotografering i hemmet"}]},{"@type":"WebSite","@id":"https:\/\/lindaotterstedt.com\/sv\/#website","url":"https:\/\/lindaotterstedt.com\/sv\/","name":"Linda Otterstedt Photography","description":"Photography for generations to come","publisher":{"@id":"https:\/\/lindaotterstedt.com\/sv\/#organization"},"potentialAction":[{"@type":"SearchAction","target":{"@type":"EntryPoint","urlTemplate":"https:\/\/lindaotterstedt.com\/sv\/?s={search_term_string}"},"query-input":{"@type":"PropertyValueSpecification","valueRequired":true,"valueName":"search_term_string"}}],"inLanguage":"sv-SE"},{"@type":"Organization","@id":"https:\/\/lindaotterstedt.com\/sv\/#organization","name":"Linda Otterstedt Photography","alternateName":"LOP","url":"https:\/\/lindaotterstedt.com\/sv\/","logo":{"@type":"ImageObject","inLanguage":"sv-SE","@id":"https:\/\/lindaotterstedt.com\/sv\/#\/schema\/logo\/image\/","url":"https:\/\/lindaotterstedt.com\/wp-content\/uploads\/2023\/03\/1400_LOGO_Linda_Otterstedt_Standard_Logo_Transparent-copy.png","contentUrl":"https:\/\/lindaotterstedt.com\/wp-content\/uploads\/2023\/03\/1400_LOGO_Linda_Otterstedt_Standard_Logo_Transparent-copy.png","width":2684,"height":1400,"caption":"Linda Otterstedt Photography"},"image":{"@id":"https:\/\/lindaotterstedt.com\/sv\/#\/schema\/logo\/image\/"},"sameAs":["https:\/\/www.facebook.com\/lindaotterstedtphotography","https:\/\/www.instagram.com\/worldphotographer","https:\/\/www.instagram.com\/worldphotographer_weddings","https:\/\/www.linkedin.com\/in\/linda-otterstedt-1886235\/"]},{"@type":"Person","@id":"https:\/\/lindaotterstedt.com\/sv\/#\/schema\/person\/a8bc2e1a05abd2ffa46fddaa8cb4e2c3","name":"Linda Otterstedt"}]}},"_links":{"self":[{"href":"https:\/\/lindaotterstedt.com\/sv\/wp-json\/wp\/v2\/posts\/5885","targetHints":{"allow":["GET"]}}],"collection":[{"href":"https:\/\/lindaotterstedt.com\/sv\/wp-json\/wp\/v2\/posts"}],"about":[{"href":"https:\/\/lindaotterstedt.com\/sv\/wp-json\/wp\/v2\/types\/post"}],"author":[{"embeddable":true,"href":"https:\/\/lindaotterstedt.com\/sv\/wp-json\/wp\/v2\/users\/7"}],"replies":[{"embeddable":true,"href":"https:\/\/lindaotterstedt.com\/sv\/wp-json\/wp\/v2\/comments?post=5885"}],"version-history":[{"count":2,"href":"https:\/\/lindaotterstedt.com\/sv\/wp-json\/wp\/v2\/posts\/5885\/revisions"}],"predecessor-version":[{"id":5889,"href":"https:\/\/lindaotterstedt.com\/sv\/wp-json\/wp\/v2\/posts\/5885\/revisions\/5889"}],"wp:featuredmedia":[{"embeddable":true,"href":"https:\/\/lindaotterstedt.com\/sv\/wp-json\/wp\/v2\/media\/5833"}],"wp:attachment":[{"href":"https:\/\/lindaotterstedt.com\/sv\/wp-json\/wp\/v2\/media?parent=5885"}],"wp:term":[{"taxonomy":"category","embeddable":true,"href":"https:\/\/lindaotterstedt.com\/sv\/wp-json\/wp\/v2\/categories?post=5885"},{"taxonomy":"post_tag","embeddable":true,"href":"https:\/\/lindaotterstedt.com\/sv\/wp-json\/wp\/v2\/tags?post=5885"}],"curies":[{"name":"wp","href":"https:\/\/api.w.org\/{rel}","templated":true}]}}