{"id":6923,"date":"2023-11-19T21:06:14","date_gmt":"2023-11-19T20:06:14","guid":{"rendered":"https:\/\/lindaotterstedt.com\/tva-dagar-av-festligt-brollop-i-fjallbacka\/"},"modified":"2023-11-20T19:58:57","modified_gmt":"2023-11-20T18:58:57","slug":"tva-dagar-av-festligt-brollop-i-fjallbacka","status":"publish","type":"post","link":"https:\/\/lindaotterstedt.com\/sv\/tva-dagar-av-festligt-brollop-i-fjallbacka\/","title":{"rendered":"Tv\u00e5 dagar av festligt br\u00f6llop i Fj\u00e4llbacka"},"content":{"rendered":"\n<p class=\"wp-block-paragraph\"><\/p>\n\n<p class=\"wp-block-paragraph\">I norra delen av den svenska v\u00e4stkusten, d\u00e4r havet viskar och luften doftar \u00e4ventyr, fick jag vara med om ett tv\u00e5dagars festligt br\u00f6llop i Fj\u00e4llbacka i juli. Som fotograf hade jag f\u00f6rm\u00e5nen att f\u00e5nga k\u00e4rleken den h\u00e4r dagen, inramad mot den fantastiska bakgrunden av Fj\u00e4llbacka. F\u00f6lj med mig p\u00e5 en vacker upplevelse d\u00e4r ni f\u00e5r se de \u00f6gonblick som gjorde detta br\u00f6llop helt of\u00f6rgl\u00f6mligt.<\/p>\n\n<p class=\"wp-block-paragraph\"><\/p>\n\n<figure class=\"wp-block-image size-large\"><img loading=\"lazy\" decoding=\"async\" width=\"1024\" height=\"684\" src=\"https:\/\/lindaotterstedt.com\/wp-content\/uploads\/2023\/11\/230701-LS-Fjallbacka-Battur-LU-7788-1024x684.jpg\" alt=\"\" class=\"wp-image-6853\" srcset=\"https:\/\/lindaotterstedt.com\/wp-content\/uploads\/2023\/11\/230701-LS-Fjallbacka-Battur-LU-7788-980x654.jpg 980w, https:\/\/lindaotterstedt.com\/wp-content\/uploads\/2023\/11\/230701-LS-Fjallbacka-Battur-LU-7788-480x320.jpg 480w\" sizes=\"(min-width: 0px) and (max-width: 480px) 480px, (min-width: 481px) and (max-width: 980px) 980px, (min-width: 981px) 1024px, 100vw\" \/><figcaption class=\"wp-element-caption\">Kommer in till Fj\u00e4llbacka med den gamla b\u00e5ten Donalda.<\/figcaption><\/figure>\n<p class=\"wp-block-paragraph\"><\/p>\n\n<h2 class=\"wp-block-heading\">Roliga aktiviter p\u00e5 fredagen innan br\u00f6llopet p\u00e5 <strong>minigolf-, paddel- och tennis<\/strong>banan<\/h2>\n\n<p class=\"wp-block-paragraph\">Festligheterna inleddes med en eftermiddag med <a href=\"https:\/\/www.minigolfen.se\/minigolf\">minigolf<\/a>, paddel och tennis, p\u00e5 Minigolfen i Fj\u00e4llbacka, en f\u00f6rfest fylld av gl\u00e4dje och v\u00e4nskap. Bruden, brudgummen och deras fantastiska v\u00e4nner deltog i v\u00e4nskapliga t\u00e4vlingar. Skratt h\u00f6rdes l\u00e5nga v\u00e4gar n\u00e4r de som spelade paddel tr\u00e4ffade bollar och tennisracketar sv\u00e4ngde genom luften. Svalkande vin, friskt \u00f6l och uts\u00f6kta snacks bidrog till st\u00e4mningen och skapade en dag av gl\u00e4dje och fest.<\/p>\n\n<p class=\"wp-block-paragraph\"><\/p>\n\n<figure class=\"wp-block-gallery has-nested-images columns-default is-cropped wp-block-gallery-1 is-layout-flex wp-block-gallery-is-layout-flex\">\n<figure class=\"wp-block-image size-large\"><img loading=\"lazy\" decoding=\"async\" width=\"1024\" height=\"681\" data-id=\"6860\" src=\"https:\/\/lindaotterstedt.com\/wp-content\/uploads\/2023\/11\/230701-LS-Fjallbacka-Minigolf-LU-2286-1024x681.jpg\" alt=\"\" class=\"wp-image-6860\" srcset=\"https:\/\/lindaotterstedt.com\/wp-content\/uploads\/2023\/11\/230701-LS-Fjallbacka-Minigolf-LU-2286-980x652.jpg 980w, https:\/\/lindaotterstedt.com\/wp-content\/uploads\/2023\/11\/230701-LS-Fjallbacka-Minigolf-LU-2286-480x319.jpg 480w\" sizes=\"(min-width: 0px) and (max-width: 480px) 480px, (min-width: 481px) and (max-width: 980px) 980px, (min-width: 981px) 1024px, 100vw\" \/><\/figure>\n\n\n<figure class=\"wp-block-image size-large\"><img loading=\"lazy\" decoding=\"async\" width=\"1024\" height=\"681\" data-id=\"6857\" src=\"https:\/\/lindaotterstedt.com\/wp-content\/uploads\/2023\/11\/230701-LS-Fjallbacka-Minigolf-LU-2295-1024x681.jpg\" alt=\"\" class=\"wp-image-6857\" srcset=\"https:\/\/lindaotterstedt.com\/wp-content\/uploads\/2023\/11\/230701-LS-Fjallbacka-Minigolf-LU-2295-980x652.jpg 980w, https:\/\/lindaotterstedt.com\/wp-content\/uploads\/2023\/11\/230701-LS-Fjallbacka-Minigolf-LU-2295-480x319.jpg 480w\" sizes=\"(min-width: 0px) and (max-width: 480px) 480px, (min-width: 481px) and (max-width: 980px) 980px, (min-width: 981px) 1024px, 100vw\" \/><\/figure>\n\n\n<figure class=\"wp-block-image size-large\"><img loading=\"lazy\" decoding=\"async\" width=\"1024\" height=\"681\" data-id=\"6858\" src=\"https:\/\/lindaotterstedt.com\/wp-content\/uploads\/2023\/11\/230701-LS-Fjallbacka-Minigolf-LU-2306-1024x681.jpg\" alt=\"\" class=\"wp-image-6858\" srcset=\"https:\/\/lindaotterstedt.com\/wp-content\/uploads\/2023\/11\/230701-LS-Fjallbacka-Minigolf-LU-2306-980x652.jpg 980w, https:\/\/lindaotterstedt.com\/wp-content\/uploads\/2023\/11\/230701-LS-Fjallbacka-Minigolf-LU-2306-480x319.jpg 480w\" sizes=\"(min-width: 0px) and (max-width: 480px) 480px, (min-width: 481px) and (max-width: 980px) 980px, (min-width: 981px) 1024px, 100vw\" \/><\/figure>\n\n\n<figure class=\"wp-block-image size-large\"><img loading=\"lazy\" decoding=\"async\" width=\"681\" height=\"1024\" data-id=\"6855\" src=\"https:\/\/lindaotterstedt.com\/wp-content\/uploads\/2023\/11\/230701-LS-Fjallbacka-Minigolf-LU-2278-681x1024.jpg\" alt=\"\" class=\"wp-image-6855\"\/><\/figure>\n\n\n<figure class=\"wp-block-image size-large\"><img loading=\"lazy\" decoding=\"async\" width=\"681\" height=\"1024\" data-id=\"6856\" src=\"https:\/\/lindaotterstedt.com\/wp-content\/uploads\/2023\/11\/230701-LS-Fjallbacka-Minigolf-LU-2281-681x1024.jpg\" alt=\"\" class=\"wp-image-6856\"\/><\/figure><\/figure>\n\n<p class=\"wp-block-paragraph\"><\/p>\n\n<h2 class=\"wp-block-heading\"><strong>En lugn aperitif p\u00e5 Upper Deck<\/strong> p\u00e5 Bryggan<\/h2>\n\n<p class=\"wp-block-paragraph\">Under dagen flyttade festen till <a href=\"https:\/\/www.brygganfjallbacka.se\/sv\/upper-deck\">Upper Deck,<\/a> p\u00e5 <a href=\"https:\/\/www.brygganfjallbacka.se\/sv#\/\">Bryggan Fj\u00e4llbacka<\/a>, en pianobar med utsikt \u00f6ver havet. Med havet i bakgrunden nj\u00f6t paret och deras g\u00e4ster av en trevlig aperitif och hamburgare ackompanjerade av musikbandet <a href=\"https:\/\/www.instagram.com\/duo_ackurat\/\">Duo Ackurat<\/a>. Atmosf\u00e4ren var laddad med en blandning av lugn och fest, vilket satte scenen f\u00f6r den kommande br\u00f6llopsdagen.<\/p>\n\n<p class=\"wp-block-paragraph\"><\/p>\n\n<figure class=\"wp-block-gallery has-nested-images columns-default is-cropped wp-block-gallery-2 is-layout-flex wp-block-gallery-is-layout-flex\">\n<figure class=\"wp-block-image size-large\"><img loading=\"lazy\" decoding=\"async\" width=\"1024\" height=\"681\" data-id=\"6863\" src=\"https:\/\/lindaotterstedt.com\/wp-content\/uploads\/2023\/11\/230701-LS-Fjallbacka-Minigolf-LU-2332-1024x681.jpg\" alt=\"\" class=\"wp-image-6863\" srcset=\"https:\/\/lindaotterstedt.com\/wp-content\/uploads\/2023\/11\/230701-LS-Fjallbacka-Minigolf-LU-2332-980x652.jpg 980w, https:\/\/lindaotterstedt.com\/wp-content\/uploads\/2023\/11\/230701-LS-Fjallbacka-Minigolf-LU-2332-480x319.jpg 480w\" sizes=\"(min-width: 0px) and (max-width: 480px) 480px, (min-width: 481px) and (max-width: 980px) 980px, (min-width: 981px) 1024px, 100vw\" \/><\/figure>\n\n\n<figure class=\"wp-block-image size-large\"><img loading=\"lazy\" decoding=\"async\" width=\"1024\" height=\"681\" data-id=\"6945\" src=\"https:\/\/lindaotterstedt.com\/wp-content\/uploads\/2023\/11\/230701-LS-Fjallbacka-Minigolf-LU-2340-1-1024x681.jpg\" alt=\"\" class=\"wp-image-6945\" srcset=\"https:\/\/lindaotterstedt.com\/wp-content\/uploads\/2023\/11\/230701-LS-Fjallbacka-Minigolf-LU-2340-1-980x652.jpg 980w, https:\/\/lindaotterstedt.com\/wp-content\/uploads\/2023\/11\/230701-LS-Fjallbacka-Minigolf-LU-2340-1-480x319.jpg 480w\" sizes=\"(min-width: 0px) and (max-width: 480px) 480px, (min-width: 481px) and (max-width: 980px) 980px, (min-width: 981px) 1024px, 100vw\" \/><\/figure>\n\n\n<figure class=\"wp-block-image size-large\"><img loading=\"lazy\" decoding=\"async\" width=\"1024\" height=\"681\" data-id=\"6862\" src=\"https:\/\/lindaotterstedt.com\/wp-content\/uploads\/2023\/11\/230701-LS-Fjallbacka-Minigolf-LU-2347-1024x681.jpg\" alt=\"\" class=\"wp-image-6862\" srcset=\"https:\/\/lindaotterstedt.com\/wp-content\/uploads\/2023\/11\/230701-LS-Fjallbacka-Minigolf-LU-2347-980x652.jpg 980w, https:\/\/lindaotterstedt.com\/wp-content\/uploads\/2023\/11\/230701-LS-Fjallbacka-Minigolf-LU-2347-480x319.jpg 480w\" sizes=\"(min-width: 0px) and (max-width: 480px) 480px, (min-width: 481px) and (max-width: 980px) 980px, (min-width: 981px) 1024px, 100vw\" \/><\/figure>\n\n\n<figure class=\"wp-block-image size-large\"><img loading=\"lazy\" decoding=\"async\" width=\"681\" height=\"1024\" data-id=\"6865\" src=\"https:\/\/lindaotterstedt.com\/wp-content\/uploads\/2023\/11\/230701-LS-Fjallbacka-Minigolf-LU-2352-681x1024.jpg\" alt=\"\" class=\"wp-image-6865\"\/><figcaption class=\"wp-element-caption\">Br\u00f6llopsparet dagen f\u00f6re dagen D.<\/figcaption><\/figure><\/figure>\n\n<p class=\"wp-block-paragraph\"><\/p>\n\n<h2 class=\"wp-block-heading\"><strong>Festligt br\u00f6llop p\u00e5 Kalv\u00f6<\/strong><\/h2>\n\n<p class=\"wp-block-paragraph\">P\u00e5 den andra dagen firades det festliga br\u00f6llopet i Fj\u00e4llbacka p\u00e5 den vackra \u00f6n Kalv\u00f6. Mot en bakgrund av naturens prakt utv\u00e4xlade paret sina l\u00f6ften, omgivna av v\u00e4nner som firade dem med elegance. Min kamera f\u00e5ngade de rena k\u00e4nslorna, de fina blickarna och det h\u00e4rliga landskapet som vittnade om denna vigsel. <\/p>\n\n<p class=\"wp-block-paragraph\"><\/p>\n\n<figure class=\"wp-block-image size-large\"><img loading=\"lazy\" decoding=\"async\" width=\"1024\" height=\"681\" src=\"https:\/\/lindaotterstedt.com\/wp-content\/uploads\/2023\/11\/230701-LS-Fjallbacka-Portratt-LU-2473-1024x681.jpg\" alt=\"\" class=\"wp-image-6883\" srcset=\"https:\/\/lindaotterstedt.com\/wp-content\/uploads\/2023\/11\/230701-LS-Fjallbacka-Portratt-LU-2473-980x652.jpg 980w, https:\/\/lindaotterstedt.com\/wp-content\/uploads\/2023\/11\/230701-LS-Fjallbacka-Portratt-LU-2473-480x319.jpg 480w\" sizes=\"(min-width: 0px) and (max-width: 480px) 480px, (min-width: 481px) and (max-width: 980px) 980px, (min-width: 981px) 1024px, 100vw\" \/><figcaption class=\"wp-element-caption\">Portr\u00e4tt p\u00e5 Kalv\u00f6<\/figcaption><\/figure>\n<figure class=\"wp-block-gallery has-nested-images columns-default is-cropped wp-block-gallery-3 is-layout-flex wp-block-gallery-is-layout-flex\">\n<figure class=\"wp-block-image size-large\"><img loading=\"lazy\" decoding=\"async\" width=\"1024\" height=\"684\" data-id=\"6875\" src=\"https:\/\/lindaotterstedt.com\/wp-content\/uploads\/2023\/11\/230701-LS-Fjallbacka-Vigsel-LU-7550-1024x684.jpg\" alt=\"\" class=\"wp-image-6875\" srcset=\"https:\/\/lindaotterstedt.com\/wp-content\/uploads\/2023\/11\/230701-LS-Fjallbacka-Vigsel-LU-7550-980x654.jpg 980w, https:\/\/lindaotterstedt.com\/wp-content\/uploads\/2023\/11\/230701-LS-Fjallbacka-Vigsel-LU-7550-480x320.jpg 480w\" sizes=\"(min-width: 0px) and (max-width: 480px) 480px, (min-width: 481px) and (max-width: 980px) 980px, (min-width: 981px) 1024px, 100vw\" \/><figcaption class=\"wp-element-caption\">Ankomst till Kalv\u00f6<\/figcaption><\/figure>\n\n\n<figure class=\"wp-block-image size-large\"><img loading=\"lazy\" decoding=\"async\" width=\"1024\" height=\"684\" data-id=\"6877\" src=\"https:\/\/lindaotterstedt.com\/wp-content\/uploads\/2023\/11\/230701-LS-Fjallbacka-Vigsel-LU-7557-1024x684.jpg\" alt=\"\" class=\"wp-image-6877\" srcset=\"https:\/\/lindaotterstedt.com\/wp-content\/uploads\/2023\/11\/230701-LS-Fjallbacka-Vigsel-LU-7557-980x654.jpg 980w, https:\/\/lindaotterstedt.com\/wp-content\/uploads\/2023\/11\/230701-LS-Fjallbacka-Vigsel-LU-7557-480x320.jpg 480w\" sizes=\"(min-width: 0px) and (max-width: 480px) 480px, (min-width: 481px) and (max-width: 980px) 980px, (min-width: 981px) 1024px, 100vw\" \/><\/figure>\n\n\n<figure class=\"wp-block-image size-large\"><img loading=\"lazy\" decoding=\"async\" width=\"1024\" height=\"681\" data-id=\"6879\" src=\"https:\/\/lindaotterstedt.com\/wp-content\/uploads\/2023\/11\/230701-LS-Fjallbacka-Vigsel-LU-3223-1024x681.jpg\" alt=\"\" class=\"wp-image-6879\" srcset=\"https:\/\/lindaotterstedt.com\/wp-content\/uploads\/2023\/11\/230701-LS-Fjallbacka-Vigsel-LU-3223-980x652.jpg 980w, https:\/\/lindaotterstedt.com\/wp-content\/uploads\/2023\/11\/230701-LS-Fjallbacka-Vigsel-LU-3223-480x319.jpg 480w\" sizes=\"(min-width: 0px) and (max-width: 480px) 480px, (min-width: 481px) and (max-width: 980px) 980px, (min-width: 981px) 1024px, 100vw\" \/><\/figure>\n\n\n<figure class=\"wp-block-image size-large\"><img loading=\"lazy\" decoding=\"async\" width=\"1024\" height=\"681\" data-id=\"6873\" src=\"https:\/\/lindaotterstedt.com\/wp-content\/uploads\/2023\/11\/230701-LS-Fjallbacka-Vigsel-LU-3030-1024x681.jpg\" alt=\"\" class=\"wp-image-6873\" srcset=\"https:\/\/lindaotterstedt.com\/wp-content\/uploads\/2023\/11\/230701-LS-Fjallbacka-Vigsel-LU-3030-980x652.jpg 980w, https:\/\/lindaotterstedt.com\/wp-content\/uploads\/2023\/11\/230701-LS-Fjallbacka-Vigsel-LU-3030-480x319.jpg 480w\" sizes=\"(min-width: 0px) and (max-width: 480px) 480px, (min-width: 481px) and (max-width: 980px) 980px, (min-width: 981px) 1024px, 100vw\" \/><\/figure>\n\n\n<figure class=\"wp-block-image size-large\"><img loading=\"lazy\" decoding=\"async\" width=\"1024\" height=\"681\" data-id=\"6871\" src=\"https:\/\/lindaotterstedt.com\/wp-content\/uploads\/2023\/11\/230701-LS-Fjallbacka-Vigsel-LU-3198-2-1024x681.jpg\" alt=\"\" class=\"wp-image-6871\" srcset=\"https:\/\/lindaotterstedt.com\/wp-content\/uploads\/2023\/11\/230701-LS-Fjallbacka-Vigsel-LU-3198-2-980x652.jpg 980w, https:\/\/lindaotterstedt.com\/wp-content\/uploads\/2023\/11\/230701-LS-Fjallbacka-Vigsel-LU-3198-2-480x319.jpg 480w\" sizes=\"(min-width: 0px) and (max-width: 480px) 480px, (min-width: 481px) and (max-width: 980px) 980px, (min-width: 981px) 1024px, 100vw\" \/><\/figure><\/figure>\n\n<p class=\"wp-block-paragraph\"><\/p>\n\n<p class=\"wp-block-paragraph\">Den gamla fiskeb\u00e5ten <a href=\"https:\/\/donalda.se\">Donalda<\/a> fungerade som ett nostalgiskt fartyg p\u00e5 resan tillbaka till Fj\u00e4llbacka. En ber\u00e4ttelse om en k\u00e4rlek som \u00f6verskred tid och tradition.<\/p>\n\n<p class=\"wp-block-paragraph\"><\/p>\n\n<figure class=\"wp-block-gallery has-nested-images columns-default is-cropped wp-block-gallery-4 is-layout-flex wp-block-gallery-is-layout-flex\">\n<figure class=\"wp-block-image alignwide size-large\"><img loading=\"lazy\" decoding=\"async\" width=\"681\" height=\"1024\" data-id=\"6897\" src=\"https:\/\/lindaotterstedt.com\/wp-content\/uploads\/2023\/11\/230701-LS-Fjallbacka-Battur-LU-3306-681x1024.jpg\" alt=\"\" class=\"wp-image-6897\"\/><\/figure>\n\n\n<figure class=\"wp-block-image size-large\"><img loading=\"lazy\" decoding=\"async\" width=\"684\" height=\"1024\" data-id=\"6903\" src=\"https:\/\/lindaotterstedt.com\/wp-content\/uploads\/2023\/11\/230701-LS-Fjallbacka-Battur-LU-7754-684x1024.jpg\" alt=\"\" class=\"wp-image-6903\"\/><\/figure>\n\n\n<figure class=\"wp-block-image size-large\"><img loading=\"lazy\" decoding=\"async\" width=\"1024\" height=\"684\" data-id=\"6887\" src=\"https:\/\/lindaotterstedt.com\/wp-content\/uploads\/2023\/11\/230701-LS-Fjallbacka-Battur-LU-7858-1024x684.jpg\" alt=\"\" class=\"wp-image-6887\" srcset=\"https:\/\/lindaotterstedt.com\/wp-content\/uploads\/2023\/11\/230701-LS-Fjallbacka-Battur-LU-7858-980x654.jpg 980w, https:\/\/lindaotterstedt.com\/wp-content\/uploads\/2023\/11\/230701-LS-Fjallbacka-Battur-LU-7858-480x320.jpg 480w\" sizes=\"(min-width: 0px) and (max-width: 480px) 480px, (min-width: 481px) and (max-width: 980px) 980px, (min-width: 981px) 1024px, 100vw\" \/><\/figure>\n\n\n<figure class=\"wp-block-image alignwide size-large\"><img loading=\"lazy\" decoding=\"async\" width=\"1024\" height=\"684\" data-id=\"6889\" src=\"https:\/\/lindaotterstedt.com\/wp-content\/uploads\/2023\/11\/230701-LS-Fjallbacka-Battur-LU-7829-1024x684.jpg\" alt=\"\" class=\"wp-image-6889\" srcset=\"https:\/\/lindaotterstedt.com\/wp-content\/uploads\/2023\/11\/230701-LS-Fjallbacka-Battur-LU-7829-980x654.jpg 980w, https:\/\/lindaotterstedt.com\/wp-content\/uploads\/2023\/11\/230701-LS-Fjallbacka-Battur-LU-7829-480x320.jpg 480w\" sizes=\"(min-width: 0px) and (max-width: 480px) 480px, (min-width: 481px) and (max-width: 980px) 980px, (min-width: 981px) 1024px, 100vw\" \/><figcaption class=\"wp-element-caption\">Brudgummen och bruden tar en selfie<\/figcaption><\/figure>\n\n\n<figure class=\"wp-block-image size-large\"><img loading=\"lazy\" decoding=\"async\" width=\"1024\" height=\"684\" data-id=\"6901\" src=\"https:\/\/lindaotterstedt.com\/wp-content\/uploads\/2023\/11\/230701-LS-Fjallbacka-Portratt-LU-7866-1024x684.jpg\" alt=\"\" class=\"wp-image-6901\" srcset=\"https:\/\/lindaotterstedt.com\/wp-content\/uploads\/2023\/11\/230701-LS-Fjallbacka-Portratt-LU-7866-980x654.jpg 980w, https:\/\/lindaotterstedt.com\/wp-content\/uploads\/2023\/11\/230701-LS-Fjallbacka-Portratt-LU-7866-480x320.jpg 480w\" sizes=\"(min-width: 0px) and (max-width: 480px) 480px, (min-width: 481px) and (max-width: 980px) 980px, (min-width: 981px) 1024px, 100vw\" \/><\/figure><\/figure>\n\n<p class=\"wp-block-paragraph\"><\/p>\n\n<h2 class=\"wp-block-heading\"><strong>Middag p\u00e5 Stora Hotellet<\/strong><\/h2>\n\n<p class=\"wp-block-paragraph\">Firandet n\u00e5dde sin h\u00f6jdpunkt p\u00e5 det gamla hotellet i Fj\u00e4llbacka, <a href=\"https:\/\/lindaotterstedt.com\/sv\/brollopsleverantorer-i-fjallbacka\/\">Stora Hotellet<\/a>, d\u00e4r historia och elegans fl\u00e4tades samman. <a href=\"https:\/\/shfjallbacka.se\/\">Stora Hotellets<\/a> storslagenhet inramade varje \u00f6gonblick, k\u00e4rleken, engagemanget och l\u00f6ftet om en gemensam framtid.<\/p>\n\n<p class=\"wp-block-paragraph\"><\/p>\n\n<p class=\"wp-block-paragraph\"><\/p>\n\n<figure class=\"wp-block-image size-large\"><img loading=\"lazy\" decoding=\"async\" width=\"1024\" height=\"681\" src=\"https:\/\/lindaotterstedt.com\/wp-content\/uploads\/2023\/11\/230701-LS-Fjallbacka-Middag-LU-3898-2-1024x681.jpg\" alt=\"\" class=\"wp-image-6905\" srcset=\"https:\/\/lindaotterstedt.com\/wp-content\/uploads\/2023\/11\/230701-LS-Fjallbacka-Middag-LU-3898-2-980x652.jpg 980w, https:\/\/lindaotterstedt.com\/wp-content\/uploads\/2023\/11\/230701-LS-Fjallbacka-Middag-LU-3898-2-480x319.jpg 480w\" sizes=\"(min-width: 0px) and (max-width: 480px) 480px, (min-width: 481px) and (max-width: 980px) 980px, (min-width: 981px) 1024px, 100vw\" \/><figcaption class=\"wp-element-caption\">Brud och brudgum njuter av festen<\/figcaption><\/figure>\n<figure class=\"wp-block-gallery has-nested-images columns-default is-cropped wp-block-gallery-5 is-layout-flex wp-block-gallery-is-layout-flex\">\n<figure class=\"wp-block-image size-large\"><img loading=\"lazy\" decoding=\"async\" width=\"681\" height=\"1024\" data-id=\"6907\" src=\"https:\/\/lindaotterstedt.com\/wp-content\/uploads\/2023\/11\/230701-LS-Fjallbacka-Middag-LU-3583-681x1024.jpg\" alt=\"\" class=\"wp-image-6907\"\/><\/figure>\n\n\n<figure class=\"wp-block-image size-large\"><img loading=\"lazy\" decoding=\"async\" width=\"681\" height=\"1024\" data-id=\"6918\" src=\"https:\/\/lindaotterstedt.com\/wp-content\/uploads\/2023\/11\/230701-LS-Fjallbacka-Middag-LU-3759-681x1024.jpg\" alt=\"\" class=\"wp-image-6918\"\/><\/figure>\n\n\n<figure class=\"wp-block-image size-large\"><img loading=\"lazy\" decoding=\"async\" width=\"681\" height=\"1024\" data-id=\"6908\" src=\"https:\/\/lindaotterstedt.com\/wp-content\/uploads\/2023\/11\/230701-LS-Fjallbacka-Middag-LU-3615-681x1024.jpg\" alt=\"\" class=\"wp-image-6908\"\/><\/figure>\n\n\n<figure class=\"wp-block-image size-large\"><img loading=\"lazy\" decoding=\"async\" width=\"1024\" height=\"681\" data-id=\"6910\" src=\"https:\/\/lindaotterstedt.com\/wp-content\/uploads\/2023\/11\/230701-LS-Fjallbacka-Middag-LU-3621-1024x681.jpg\" alt=\"\" class=\"wp-image-6910\" srcset=\"https:\/\/lindaotterstedt.com\/wp-content\/uploads\/2023\/11\/230701-LS-Fjallbacka-Middag-LU-3621-980x652.jpg 980w, https:\/\/lindaotterstedt.com\/wp-content\/uploads\/2023\/11\/230701-LS-Fjallbacka-Middag-LU-3621-480x319.jpg 480w\" sizes=\"(min-width: 0px) and (max-width: 480px) 480px, (min-width: 481px) and (max-width: 980px) 980px, (min-width: 981px) 1024px, 100vw\" \/><\/figure>\n\n\n<figure class=\"wp-block-image size-large\"><img loading=\"lazy\" decoding=\"async\" width=\"684\" height=\"1024\" data-id=\"6912\" src=\"https:\/\/lindaotterstedt.com\/wp-content\/uploads\/2023\/11\/230701-LS-Fjallbacka-Middag-LU-7905-684x1024.jpg\" alt=\"\" class=\"wp-image-6912\"\/><\/figure>\n\n\n<figure class=\"wp-block-image size-large\"><img loading=\"lazy\" decoding=\"async\" width=\"684\" height=\"1024\" data-id=\"6916\" src=\"https:\/\/lindaotterstedt.com\/wp-content\/uploads\/2023\/11\/230701-LS-Fjallbacka-Middag-LU-8112-684x1024.jpg\" alt=\"\" class=\"wp-image-6916\"\/><\/figure>\n\n\n<figure class=\"wp-block-image size-large\"><img loading=\"lazy\" decoding=\"async\" width=\"1024\" height=\"684\" data-id=\"6914\" src=\"https:\/\/lindaotterstedt.com\/wp-content\/uploads\/2023\/11\/230701-LS-Fjallbacka-Middag-LU-8139-1024x684.jpg\" alt=\"\" class=\"wp-image-6914\" srcset=\"https:\/\/lindaotterstedt.com\/wp-content\/uploads\/2023\/11\/230701-LS-Fjallbacka-Middag-LU-8139-980x654.jpg 980w, https:\/\/lindaotterstedt.com\/wp-content\/uploads\/2023\/11\/230701-LS-Fjallbacka-Middag-LU-8139-480x320.jpg 480w\" sizes=\"(min-width: 0px) and (max-width: 480px) 480px, (min-width: 481px) and (max-width: 980px) 980px, (min-width: 981px) 1024px, 100vw\" \/><figcaption class=\"wp-element-caption\">Fest vid middagen<\/figcaption><\/figure><\/figure>\n\n<p class=\"wp-block-paragraph\"><\/p>\n\n<p class=\"wp-block-paragraph\">N\u00e4r ekot av skratt och v\u00e5gornas mjuka kluckande f\u00f6rsvann i den svenska v\u00e4stkustbrisen, inneh\u00f6ll min kamera inte bara bilder utan en visuell ber\u00e4ttelse om k\u00e4rlekens stora avt\u00e4ckning. Fr\u00e5n den f\u00f6rsta dagens sportiga syssels\u00e4ttningar till de fina l\u00f6ftena p\u00e5 Kalv\u00f6 och elegansen p\u00e5 Stora Hotellet, i varje foto bevaras nu denna k\u00e4rlekshistoria. Det var mer \u00e4n ett br\u00f6llop &#8211; det var en hyllning till k\u00e4rlek, v\u00e4nskap och den tidl\u00f6sa sk\u00f6nhet som Fj\u00e4llbacka sk\u00e4nkte detta vackra par och deras trevliga v\u00e4nner. <\/p>\n\n<p class=\"wp-block-paragraph\">Kontakta mig h\u00e4r om du vill <a href=\"https:\/\/lindaotterstedt.com\/sv\/kontakt-brollop\/\">veta<\/a> mer om min tillg\u00e4nglighet f\u00f6r 2024 eller om du har n\u00e5gra andra fr\u00e5gor.<\/p>\n","protected":false},"excerpt":{"rendered":"<p>I norra delen av den svenska v\u00e4stkusten, d\u00e4r havet viskar och luften doftar \u00e4ventyr, fick jag vara med om ett tv\u00e5dagars festligt br\u00f6llop i Fj\u00e4llbacka i juli. Som fotograf hade jag f\u00f6rm\u00e5nen att f\u00e5nga k\u00e4rleken den h\u00e4r dagen, inramad mot den fantastiska bakgrunden av Fj\u00e4llbacka. F\u00f6lj med mig p\u00e5 en vacker upplevelse d\u00e4r ni f\u00e5r [&hellip;]<\/p>\n","protected":false},"author":7,"featured_media":6890,"comment_status":"closed","ping_status":"open","sticky":false,"template":"","format":"standard","meta":{"_et_pb_use_builder":"","_et_pb_old_content":"","_et_gb_content_width":"","footnotes":""},"categories":[86,105],"tags":[],"class_list":["post-6923","post","type-post","status-publish","format-standard","has-post-thumbnail","hentry","category-brollop","category-fjallbacka-sv"],"yoast_head":"<!-- This site is optimized with the Yoast SEO plugin v28.2 - https:\/\/yoast.com\/product\/yoast-seo-wordpress\/ -->\n<title>Tv\u00e5 dagar av festligt br\u00f6llop i Fj\u00e4llbacka - Linda Otterstedt Photography<\/title>\n<meta name=\"robots\" content=\"index, follow, max-snippet:-1, max-image-preview:large, max-video-preview:-1\" \/>\n<link rel=\"canonical\" href=\"https:\/\/lindaotterstedt.com\/sv\/tva-dagar-av-festligt-brollop-i-fjallbacka\/\" \/>\n<meta property=\"og:locale\" content=\"sv_SE\" \/>\n<meta property=\"og:type\" content=\"article\" \/>\n<meta property=\"og:title\" content=\"Tv\u00e5 dagar av festligt br\u00f6llop i Fj\u00e4llbacka - Linda Otterstedt Photography\" \/>\n<meta property=\"og:description\" content=\"I norra delen av den svenska v\u00e4stkusten, d\u00e4r havet viskar och luften doftar \u00e4ventyr, fick jag vara med om ett tv\u00e5dagars festligt br\u00f6llop i Fj\u00e4llbacka i juli. Som fotograf hade jag f\u00f6rm\u00e5nen att f\u00e5nga k\u00e4rleken den h\u00e4r dagen, inramad mot den fantastiska bakgrunden av Fj\u00e4llbacka. F\u00f6lj med mig p\u00e5 en vacker upplevelse d\u00e4r ni f\u00e5r [&hellip;]\" \/>\n<meta property=\"og:url\" content=\"https:\/\/lindaotterstedt.com\/sv\/tva-dagar-av-festligt-brollop-i-fjallbacka\/\" \/>\n<meta property=\"og:site_name\" content=\"Linda Otterstedt Photography\" \/>\n<meta property=\"article:publisher\" content=\"https:\/\/www.facebook.com\/lindaotterstedtphotography\" \/>\n<meta property=\"article:published_time\" content=\"2023-11-19T20:06:14+00:00\" \/>\n<meta property=\"article:modified_time\" content=\"2023-11-20T18:58:57+00:00\" \/>\n<meta property=\"og:image\" content=\"https:\/\/lindaotterstedt.com\/wp-content\/uploads\/2023\/11\/230701-LS-Fjallbacka-Battur-LU-7829.jpg\" \/>\n\t<meta property=\"og:image:width\" content=\"2000\" \/>\n\t<meta property=\"og:image:height\" content=\"1335\" \/>\n\t<meta property=\"og:image:type\" content=\"image\/jpeg\" \/>\n<meta name=\"author\" content=\"Linda Otterstedt\" \/>\n<meta name=\"twitter:card\" content=\"summary_large_image\" \/>\n<meta name=\"twitter:label1\" content=\"Skriven av\" \/>\n\t<meta name=\"twitter:data1\" content=\"Linda Otterstedt\" \/>\n\t<meta name=\"twitter:label2\" content=\"Ber\u00e4knad l\u00e4stid\" \/>\n\t<meta name=\"twitter:data2\" content=\"3 minuter\" \/>\n<script type=\"application\/ld+json\" class=\"yoast-schema-graph\">{\"@context\":\"https:\\\/\\\/schema.org\",\"@graph\":[{\"@type\":\"Article\",\"@id\":\"https:\\\/\\\/lindaotterstedt.com\\\/sv\\\/tva-dagar-av-festligt-brollop-i-fjallbacka\\\/#article\",\"isPartOf\":{\"@id\":\"https:\\\/\\\/lindaotterstedt.com\\\/sv\\\/tva-dagar-av-festligt-brollop-i-fjallbacka\\\/\"},\"author\":{\"name\":\"Linda Otterstedt\",\"@id\":\"https:\\\/\\\/lindaotterstedt.com\\\/sv\\\/#\\\/schema\\\/person\\\/a8bc2e1a05abd2ffa46fddaa8cb4e2c3\"},\"headline\":\"Tv\u00e5 dagar av festligt br\u00f6llop i Fj\u00e4llbacka\",\"datePublished\":\"2023-11-19T20:06:14+00:00\",\"dateModified\":\"2023-11-20T18:58:57+00:00\",\"mainEntityOfPage\":{\"@id\":\"https:\\\/\\\/lindaotterstedt.com\\\/sv\\\/tva-dagar-av-festligt-brollop-i-fjallbacka\\\/\"},\"wordCount\":549,\"publisher\":{\"@id\":\"https:\\\/\\\/lindaotterstedt.com\\\/sv\\\/#organization\"},\"image\":{\"@id\":\"https:\\\/\\\/lindaotterstedt.com\\\/sv\\\/tva-dagar-av-festligt-brollop-i-fjallbacka\\\/#primaryimage\"},\"thumbnailUrl\":\"https:\\\/\\\/lindaotterstedt.com\\\/wp-content\\\/uploads\\\/2023\\\/11\\\/230701-LS-Fjallbacka-Battur-LU-7829.jpg\",\"articleSection\":[\"Br\u00f6llop\",\"FJ\u00c4LLBACKA\"],\"inLanguage\":\"sv-SE\"},{\"@type\":\"WebPage\",\"@id\":\"https:\\\/\\\/lindaotterstedt.com\\\/sv\\\/tva-dagar-av-festligt-brollop-i-fjallbacka\\\/\",\"url\":\"https:\\\/\\\/lindaotterstedt.com\\\/sv\\\/tva-dagar-av-festligt-brollop-i-fjallbacka\\\/\",\"name\":\"Tv\u00e5 dagar av festligt br\u00f6llop i Fj\u00e4llbacka - Linda Otterstedt Photography\",\"isPartOf\":{\"@id\":\"https:\\\/\\\/lindaotterstedt.com\\\/sv\\\/#website\"},\"primaryImageOfPage\":{\"@id\":\"https:\\\/\\\/lindaotterstedt.com\\\/sv\\\/tva-dagar-av-festligt-brollop-i-fjallbacka\\\/#primaryimage\"},\"image\":{\"@id\":\"https:\\\/\\\/lindaotterstedt.com\\\/sv\\\/tva-dagar-av-festligt-brollop-i-fjallbacka\\\/#primaryimage\"},\"thumbnailUrl\":\"https:\\\/\\\/lindaotterstedt.com\\\/wp-content\\\/uploads\\\/2023\\\/11\\\/230701-LS-Fjallbacka-Battur-LU-7829.jpg\",\"datePublished\":\"2023-11-19T20:06:14+00:00\",\"dateModified\":\"2023-11-20T18:58:57+00:00\",\"breadcrumb\":{\"@id\":\"https:\\\/\\\/lindaotterstedt.com\\\/sv\\\/tva-dagar-av-festligt-brollop-i-fjallbacka\\\/#breadcrumb\"},\"inLanguage\":\"sv-SE\",\"potentialAction\":[{\"@type\":\"ReadAction\",\"target\":[\"https:\\\/\\\/lindaotterstedt.com\\\/sv\\\/tva-dagar-av-festligt-brollop-i-fjallbacka\\\/\"]}]},{\"@type\":\"ImageObject\",\"inLanguage\":\"sv-SE\",\"@id\":\"https:\\\/\\\/lindaotterstedt.com\\\/sv\\\/tva-dagar-av-festligt-brollop-i-fjallbacka\\\/#primaryimage\",\"url\":\"https:\\\/\\\/lindaotterstedt.com\\\/wp-content\\\/uploads\\\/2023\\\/11\\\/230701-LS-Fjallbacka-Battur-LU-7829.jpg\",\"contentUrl\":\"https:\\\/\\\/lindaotterstedt.com\\\/wp-content\\\/uploads\\\/2023\\\/11\\\/230701-LS-Fjallbacka-Battur-LU-7829.jpg\",\"width\":2000,\"height\":1335,\"caption\":\"Br\u00f6llopsfotograf Fj\u00e4llbacka\"},{\"@type\":\"BreadcrumbList\",\"@id\":\"https:\\\/\\\/lindaotterstedt.com\\\/sv\\\/tva-dagar-av-festligt-brollop-i-fjallbacka\\\/#breadcrumb\",\"itemListElement\":[{\"@type\":\"ListItem\",\"position\":1,\"name\":\"Home\",\"item\":\"https:\\\/\\\/lindaotterstedt.com\\\/sv\\\/\"},{\"@type\":\"ListItem\",\"position\":2,\"name\":\"Tv\u00e5 dagar av festligt br\u00f6llop i Fj\u00e4llbacka\"}]},{\"@type\":\"WebSite\",\"@id\":\"https:\\\/\\\/lindaotterstedt.com\\\/sv\\\/#website\",\"url\":\"https:\\\/\\\/lindaotterstedt.com\\\/sv\\\/\",\"name\":\"Linda Otterstedt Photography\",\"description\":\"Photography for generations to come\",\"publisher\":{\"@id\":\"https:\\\/\\\/lindaotterstedt.com\\\/sv\\\/#organization\"},\"potentialAction\":[{\"@type\":\"SearchAction\",\"target\":{\"@type\":\"EntryPoint\",\"urlTemplate\":\"https:\\\/\\\/lindaotterstedt.com\\\/sv\\\/?s={search_term_string}\"},\"query-input\":{\"@type\":\"PropertyValueSpecification\",\"valueRequired\":true,\"valueName\":\"search_term_string\"}}],\"inLanguage\":\"sv-SE\"},{\"@type\":\"Organization\",\"@id\":\"https:\\\/\\\/lindaotterstedt.com\\\/sv\\\/#organization\",\"name\":\"Linda Otterstedt Photography\",\"alternateName\":\"LOP\",\"url\":\"https:\\\/\\\/lindaotterstedt.com\\\/sv\\\/\",\"logo\":{\"@type\":\"ImageObject\",\"inLanguage\":\"sv-SE\",\"@id\":\"https:\\\/\\\/lindaotterstedt.com\\\/sv\\\/#\\\/schema\\\/logo\\\/image\\\/\",\"url\":\"https:\\\/\\\/lindaotterstedt.com\\\/wp-content\\\/uploads\\\/2023\\\/03\\\/1400_LOGO_Linda_Otterstedt_Standard_Logo_Transparent-copy.png\",\"contentUrl\":\"https:\\\/\\\/lindaotterstedt.com\\\/wp-content\\\/uploads\\\/2023\\\/03\\\/1400_LOGO_Linda_Otterstedt_Standard_Logo_Transparent-copy.png\",\"width\":2684,\"height\":1400,\"caption\":\"Linda Otterstedt Photography\"},\"image\":{\"@id\":\"https:\\\/\\\/lindaotterstedt.com\\\/sv\\\/#\\\/schema\\\/logo\\\/image\\\/\"},\"sameAs\":[\"https:\\\/\\\/www.facebook.com\\\/lindaotterstedtphotography\",\"https:\\\/\\\/www.instagram.com\\\/worldphotographer\",\"https:\\\/\\\/www.instagram.com\\\/worldphotographer_weddings\",\"https:\\\/\\\/www.linkedin.com\\\/in\\\/linda-otterstedt-1886235\\\/\"]},{\"@type\":\"Person\",\"@id\":\"https:\\\/\\\/lindaotterstedt.com\\\/sv\\\/#\\\/schema\\\/person\\\/a8bc2e1a05abd2ffa46fddaa8cb4e2c3\",\"name\":\"Linda Otterstedt\"}]}<\/script>\n<!-- \/ Yoast SEO plugin. -->","yoast_head_json":{"title":"Tv\u00e5 dagar av festligt br\u00f6llop i Fj\u00e4llbacka - Linda Otterstedt Photography","robots":{"index":"index","follow":"follow","max-snippet":"max-snippet:-1","max-image-preview":"max-image-preview:large","max-video-preview":"max-video-preview:-1"},"canonical":"https:\/\/lindaotterstedt.com\/sv\/tva-dagar-av-festligt-brollop-i-fjallbacka\/","og_locale":"sv_SE","og_type":"article","og_title":"Tv\u00e5 dagar av festligt br\u00f6llop i Fj\u00e4llbacka - Linda Otterstedt Photography","og_description":"I norra delen av den svenska v\u00e4stkusten, d\u00e4r havet viskar och luften doftar \u00e4ventyr, fick jag vara med om ett tv\u00e5dagars festligt br\u00f6llop i Fj\u00e4llbacka i juli. Som fotograf hade jag f\u00f6rm\u00e5nen att f\u00e5nga k\u00e4rleken den h\u00e4r dagen, inramad mot den fantastiska bakgrunden av Fj\u00e4llbacka. F\u00f6lj med mig p\u00e5 en vacker upplevelse d\u00e4r ni f\u00e5r [&hellip;]","og_url":"https:\/\/lindaotterstedt.com\/sv\/tva-dagar-av-festligt-brollop-i-fjallbacka\/","og_site_name":"Linda Otterstedt Photography","article_publisher":"https:\/\/www.facebook.com\/lindaotterstedtphotography","article_published_time":"2023-11-19T20:06:14+00:00","article_modified_time":"2023-11-20T18:58:57+00:00","og_image":[{"width":2000,"height":1335,"url":"https:\/\/lindaotterstedt.com\/wp-content\/uploads\/2023\/11\/230701-LS-Fjallbacka-Battur-LU-7829.jpg","type":"image\/jpeg"}],"author":"Linda Otterstedt","twitter_card":"summary_large_image","twitter_misc":{"Skriven av":"Linda Otterstedt","Ber\u00e4knad l\u00e4stid":"3 minuter"},"schema":{"@context":"https:\/\/schema.org","@graph":[{"@type":"Article","@id":"https:\/\/lindaotterstedt.com\/sv\/tva-dagar-av-festligt-brollop-i-fjallbacka\/#article","isPartOf":{"@id":"https:\/\/lindaotterstedt.com\/sv\/tva-dagar-av-festligt-brollop-i-fjallbacka\/"},"author":{"name":"Linda Otterstedt","@id":"https:\/\/lindaotterstedt.com\/sv\/#\/schema\/person\/a8bc2e1a05abd2ffa46fddaa8cb4e2c3"},"headline":"Tv\u00e5 dagar av festligt br\u00f6llop i Fj\u00e4llbacka","datePublished":"2023-11-19T20:06:14+00:00","dateModified":"2023-11-20T18:58:57+00:00","mainEntityOfPage":{"@id":"https:\/\/lindaotterstedt.com\/sv\/tva-dagar-av-festligt-brollop-i-fjallbacka\/"},"wordCount":549,"publisher":{"@id":"https:\/\/lindaotterstedt.com\/sv\/#organization"},"image":{"@id":"https:\/\/lindaotterstedt.com\/sv\/tva-dagar-av-festligt-brollop-i-fjallbacka\/#primaryimage"},"thumbnailUrl":"https:\/\/lindaotterstedt.com\/wp-content\/uploads\/2023\/11\/230701-LS-Fjallbacka-Battur-LU-7829.jpg","articleSection":["Br\u00f6llop","FJ\u00c4LLBACKA"],"inLanguage":"sv-SE"},{"@type":"WebPage","@id":"https:\/\/lindaotterstedt.com\/sv\/tva-dagar-av-festligt-brollop-i-fjallbacka\/","url":"https:\/\/lindaotterstedt.com\/sv\/tva-dagar-av-festligt-brollop-i-fjallbacka\/","name":"Tv\u00e5 dagar av festligt br\u00f6llop i Fj\u00e4llbacka - Linda Otterstedt Photography","isPartOf":{"@id":"https:\/\/lindaotterstedt.com\/sv\/#website"},"primaryImageOfPage":{"@id":"https:\/\/lindaotterstedt.com\/sv\/tva-dagar-av-festligt-brollop-i-fjallbacka\/#primaryimage"},"image":{"@id":"https:\/\/lindaotterstedt.com\/sv\/tva-dagar-av-festligt-brollop-i-fjallbacka\/#primaryimage"},"thumbnailUrl":"https:\/\/lindaotterstedt.com\/wp-content\/uploads\/2023\/11\/230701-LS-Fjallbacka-Battur-LU-7829.jpg","datePublished":"2023-11-19T20:06:14+00:00","dateModified":"2023-11-20T18:58:57+00:00","breadcrumb":{"@id":"https:\/\/lindaotterstedt.com\/sv\/tva-dagar-av-festligt-brollop-i-fjallbacka\/#breadcrumb"},"inLanguage":"sv-SE","potentialAction":[{"@type":"ReadAction","target":["https:\/\/lindaotterstedt.com\/sv\/tva-dagar-av-festligt-brollop-i-fjallbacka\/"]}]},{"@type":"ImageObject","inLanguage":"sv-SE","@id":"https:\/\/lindaotterstedt.com\/sv\/tva-dagar-av-festligt-brollop-i-fjallbacka\/#primaryimage","url":"https:\/\/lindaotterstedt.com\/wp-content\/uploads\/2023\/11\/230701-LS-Fjallbacka-Battur-LU-7829.jpg","contentUrl":"https:\/\/lindaotterstedt.com\/wp-content\/uploads\/2023\/11\/230701-LS-Fjallbacka-Battur-LU-7829.jpg","width":2000,"height":1335,"caption":"Br\u00f6llopsfotograf Fj\u00e4llbacka"},{"@type":"BreadcrumbList","@id":"https:\/\/lindaotterstedt.com\/sv\/tva-dagar-av-festligt-brollop-i-fjallbacka\/#breadcrumb","itemListElement":[{"@type":"ListItem","position":1,"name":"Home","item":"https:\/\/lindaotterstedt.com\/sv\/"},{"@type":"ListItem","position":2,"name":"Tv\u00e5 dagar av festligt br\u00f6llop i Fj\u00e4llbacka"}]},{"@type":"WebSite","@id":"https:\/\/lindaotterstedt.com\/sv\/#website","url":"https:\/\/lindaotterstedt.com\/sv\/","name":"Linda Otterstedt Photography","description":"Photography for generations to come","publisher":{"@id":"https:\/\/lindaotterstedt.com\/sv\/#organization"},"potentialAction":[{"@type":"SearchAction","target":{"@type":"EntryPoint","urlTemplate":"https:\/\/lindaotterstedt.com\/sv\/?s={search_term_string}"},"query-input":{"@type":"PropertyValueSpecification","valueRequired":true,"valueName":"search_term_string"}}],"inLanguage":"sv-SE"},{"@type":"Organization","@id":"https:\/\/lindaotterstedt.com\/sv\/#organization","name":"Linda Otterstedt Photography","alternateName":"LOP","url":"https:\/\/lindaotterstedt.com\/sv\/","logo":{"@type":"ImageObject","inLanguage":"sv-SE","@id":"https:\/\/lindaotterstedt.com\/sv\/#\/schema\/logo\/image\/","url":"https:\/\/lindaotterstedt.com\/wp-content\/uploads\/2023\/03\/1400_LOGO_Linda_Otterstedt_Standard_Logo_Transparent-copy.png","contentUrl":"https:\/\/lindaotterstedt.com\/wp-content\/uploads\/2023\/03\/1400_LOGO_Linda_Otterstedt_Standard_Logo_Transparent-copy.png","width":2684,"height":1400,"caption":"Linda Otterstedt Photography"},"image":{"@id":"https:\/\/lindaotterstedt.com\/sv\/#\/schema\/logo\/image\/"},"sameAs":["https:\/\/www.facebook.com\/lindaotterstedtphotography","https:\/\/www.instagram.com\/worldphotographer","https:\/\/www.instagram.com\/worldphotographer_weddings","https:\/\/www.linkedin.com\/in\/linda-otterstedt-1886235\/"]},{"@type":"Person","@id":"https:\/\/lindaotterstedt.com\/sv\/#\/schema\/person\/a8bc2e1a05abd2ffa46fddaa8cb4e2c3","name":"Linda Otterstedt"}]}},"_links":{"self":[{"href":"https:\/\/lindaotterstedt.com\/sv\/wp-json\/wp\/v2\/posts\/6923","targetHints":{"allow":["GET"]}}],"collection":[{"href":"https:\/\/lindaotterstedt.com\/sv\/wp-json\/wp\/v2\/posts"}],"about":[{"href":"https:\/\/lindaotterstedt.com\/sv\/wp-json\/wp\/v2\/types\/post"}],"author":[{"embeddable":true,"href":"https:\/\/lindaotterstedt.com\/sv\/wp-json\/wp\/v2\/users\/7"}],"replies":[{"embeddable":true,"href":"https:\/\/lindaotterstedt.com\/sv\/wp-json\/wp\/v2\/comments?post=6923"}],"version-history":[{"count":17,"href":"https:\/\/lindaotterstedt.com\/sv\/wp-json\/wp\/v2\/posts\/6923\/revisions"}],"predecessor-version":[{"id":6950,"href":"https:\/\/lindaotterstedt.com\/sv\/wp-json\/wp\/v2\/posts\/6923\/revisions\/6950"}],"wp:featuredmedia":[{"embeddable":true,"href":"https:\/\/lindaotterstedt.com\/sv\/wp-json\/wp\/v2\/media\/6890"}],"wp:attachment":[{"href":"https:\/\/lindaotterstedt.com\/sv\/wp-json\/wp\/v2\/media?parent=6923"}],"wp:term":[{"taxonomy":"category","embeddable":true,"href":"https:\/\/lindaotterstedt.com\/sv\/wp-json\/wp\/v2\/categories?post=6923"},{"taxonomy":"post_tag","embeddable":true,"href":"https:\/\/lindaotterstedt.com\/sv\/wp-json\/wp\/v2\/tags?post=6923"}],"curies":[{"name":"wp","href":"https:\/\/api.w.org\/{rel}","templated":true}]}}