{"id":7289,"date":"2024-03-26T16:44:08","date_gmt":"2024-03-26T15:44:08","guid":{"rendered":"https:\/\/lindaotterstedt.com\/fotografering-av-nyfodda-i-danderyd\/"},"modified":"2024-03-27T09:16:52","modified_gmt":"2024-03-27T08:16:52","slug":"fotografering-av-nyfodda-i-danderyd","status":"publish","type":"post","link":"https:\/\/lindaotterstedt.com\/sv\/fotografering-av-nyfodda-i-danderyd\/","title":{"rendered":"Nyf\u00f6ddfotografering i Danderyd"},"content":{"rendered":"\n<p class=\"wp-block-paragraph\"><\/p>\n\n<p class=\"wp-block-paragraph\">Jag har haft min f\u00f6rsta nyf\u00f6ddfotografering i Danderyd, i min nya studio! JIPPIE! Det var ett h\u00e4rligt par som bokade en fotografering av deras lilla nyf\u00f6dda bebis h\u00e4r i Danderyd. Eller r\u00e4ttare sagt i Djursholm, d\u00e4r min nya studio ligger. <\/p>\n\n<figure class=\"wp-block-image size-large\"><img loading=\"lazy\" decoding=\"async\" width=\"1024\" height=\"681\" src=\"https:\/\/lindaotterstedt.com\/wp-content\/uploads\/2024\/03\/nyfoddfotograf-nyfoddfotografering-newborn-nyfodd-danderyd-1024x681.jpg\" alt=\"Nyf&#xF6;ddfotografering Danderyd, Djursholm\" class=\"wp-image-7239\" srcset=\"https:\/\/lindaotterstedt.com\/wp-content\/uploads\/2024\/03\/nyfoddfotograf-nyfoddfotografering-newborn-nyfodd-danderyd-1024x681.jpg 1024w, https:\/\/lindaotterstedt.com\/wp-content\/uploads\/2024\/03\/nyfoddfotograf-nyfoddfotografering-newborn-nyfodd-danderyd-980x652.jpg 980w, https:\/\/lindaotterstedt.com\/wp-content\/uploads\/2024\/03\/nyfoddfotograf-nyfoddfotografering-newborn-nyfodd-danderyd-480x319.jpg 480w\" sizes=\"(min-width: 0px) and (max-width: 480px) 480px, (min-width: 481px) and (max-width: 980px) 980px, (min-width: 981px) 1024px, 100vw\" \/><figcaption class=\"wp-element-caption\">Sovande nyf\u00f6dd bebis<\/figcaption><\/figure>\n<h2 class=\"wp-block-heading\">S\u00f6mnig baby<\/h2>\n\n<p class=\"wp-block-paragraph\">F\u00f6r att f\u00e5 de b\u00e4sta nyf\u00f6ddbilderna \u00e4r den b\u00e4sta tiden att ta bilderna n\u00e4r bebisen verkligen \u00e4r nyf\u00f6dd. Nyf\u00f6dd inom fotografering r\u00e4knas upp till 12 dagar. S\u00e5 den b\u00e4sta tiden f\u00f6r dig att boka en fotosession \u00e4r n\u00e4r din nyf\u00f6dda \u00e4r 6-12 dagar gammal. Du bokar din fotosession redan n\u00e4r du vet vilket datum du ska f\u00f6da. Sedan \u00e4r det naturligtvis sv\u00e5rt att s\u00e4ga exakt vilken dag ditt barn kommer att f\u00f6das, men jag kommer att skriva in dig i mitt schema och sedan \u00e4r jag flexibel n\u00e4r det g\u00e4ller de dagar d\u00e5 det \u00e4r dags att fotografera din bebis.<\/p>\n\n<figure class=\"wp-block-image size-large\"><img loading=\"lazy\" decoding=\"async\" width=\"1024\" height=\"681\" src=\"https:\/\/lindaotterstedt.com\/wp-content\/uploads\/2024\/03\/nyfoddfotograf-nyfoddfotografering-newborn-fotografdanderyd-djursholm-1024x681.jpg\" alt=\"Nyf&#xF6;ddfotografering i Danderyd, Stockholm\" class=\"wp-image-7244\" srcset=\"https:\/\/lindaotterstedt.com\/wp-content\/uploads\/2024\/03\/nyfoddfotograf-nyfoddfotografering-newborn-fotografdanderyd-djursholm-1024x681.jpg 1024w, https:\/\/lindaotterstedt.com\/wp-content\/uploads\/2024\/03\/nyfoddfotograf-nyfoddfotografering-newborn-fotografdanderyd-djursholm-980x652.jpg 980w, https:\/\/lindaotterstedt.com\/wp-content\/uploads\/2024\/03\/nyfoddfotograf-nyfoddfotografering-newborn-fotografdanderyd-djursholm-480x319.jpg 480w\" sizes=\"(min-width: 0px) and (max-width: 480px) 480px, (min-width: 481px) and (max-width: 980px) 980px, (min-width: 981px) 1024px, 100vw\" \/><figcaption class=\"wp-element-caption\">Baby med mamma och pappa<\/figcaption><\/figure>\n<h2 class=\"wp-block-heading\">I mammas och pappas h\u00e4nder<\/h2>\n\n<p class=\"wp-block-paragraph\">Jag g\u00f6r alltid s\u00f6ta poseringsbilder med ditt barn, inte f\u00f6r avancerade och med omsorg och s\u00e4kerhet f\u00f6r ditt barn. H\u00e4r har jag tagit med mammas och pappas h\u00e4nder som du kan se. <\/p>\n\n<figure class=\"wp-block-image size-large\"><img loading=\"lazy\" decoding=\"async\" width=\"1024\" height=\"819\" src=\"https:\/\/lindaotterstedt.com\/wp-content\/uploads\/2024\/03\/nyfoddfotograf-nyfoddfotografering-newborn-fotografdanderyd-1024x819.jpg\" alt=\"\" class=\"wp-image-7190\" srcset=\"https:\/\/lindaotterstedt.com\/wp-content\/uploads\/2024\/03\/nyfoddfotograf-nyfoddfotografering-newborn-fotografdanderyd-1024x819.jpg 1024w, https:\/\/lindaotterstedt.com\/wp-content\/uploads\/2024\/03\/nyfoddfotograf-nyfoddfotografering-newborn-fotografdanderyd-980x784.jpg 980w, https:\/\/lindaotterstedt.com\/wp-content\/uploads\/2024\/03\/nyfoddfotograf-nyfoddfotografering-newborn-fotografdanderyd-480x384.jpg 480w\" sizes=\"(min-width: 0px) and (max-width: 480px) 480px, (min-width: 481px) and (max-width: 980px) 980px, (min-width: 981px) 1024px, 100vw\" \/><figcaption class=\"wp-element-caption\">S\u00f6t baby <\/figcaption><\/figure>\n<h2 class=\"wp-block-heading\"> <\/h2>\n\n<h2 class=\"wp-block-heading\">Rekvisita f\u00f6r fotografering av nyf\u00f6dda<\/h2>\n\n<p class=\"wp-block-paragraph\">Jag har mycket rekvisita f\u00f6r din nyf\u00f6dda i min studio. Om du vill ta med n\u00e5gra av dina egna kl\u00e4der \u00e4r du varmt v\u00e4lkommen och du kan ocks\u00e5 v\u00e4lja fr\u00e5n vad jag har. Jag har till exempel mjuka m\u00f6ssor, h\u00e5rband, kjolar, stickade byxor och n\u00e5gra overaller till din nyf\u00f6dda. Min personliga \u00e5sikt \u00e4r &#8221;less is more&#8221;, men det \u00e4r upp till dig vad du gillar. <\/p>\n\n<figure class=\"wp-block-image size-large\"><img loading=\"lazy\" decoding=\"async\" width=\"1024\" height=\"682\" src=\"https:\/\/lindaotterstedt.com\/wp-content\/uploads\/2024\/03\/ret_240224-Linn-newborn-bildvisning-4137-1024x682.jpg\" alt=\"\" class=\"wp-image-7283\" srcset=\"https:\/\/lindaotterstedt.com\/wp-content\/uploads\/2024\/03\/ret_240224-Linn-newborn-bildvisning-4137-980x652.jpg 980w, https:\/\/lindaotterstedt.com\/wp-content\/uploads\/2024\/03\/ret_240224-Linn-newborn-bildvisning-4137-480x319.jpg 480w\" sizes=\"(min-width: 0px) and (max-width: 480px) 480px, (min-width: 481px) and (max-width: 980px) 980px, (min-width: 981px) 1024px, 100vw\" \/><figcaption class=\"wp-element-caption\">Nyf\u00f6tt barn i pappas famn<\/figcaption><\/figure>\n<h2 class=\"wp-block-heading\">Erfarenhet fr\u00e5n Nyf\u00f6dd fotografering<\/h2>\n\n<p class=\"wp-block-paragraph\">N\u00e4r du kommer till mig kan du k\u00e4nna dig trygg med ditt nyf\u00f6dda barn. Jag har tre egna barn och f\u00f6r n\u00e5gra \u00e5r sedan gick jag en kurs i nyf\u00f6ddfotografering hos den ber\u00f6mda australiensiska nyf\u00f6ddfotografen <a href=\"https:\/\/www.instagram.com\/kellybrownphotographer\/\">Kelly Brown<\/a>. Kursen var i Barcelona i Spanien. Jag har allt i studion som \u00e4r n\u00f6dv\u00e4ndigt f\u00f6r en nyf\u00f6dd fotografering. Till exempel en v\u00e4rmare s\u00e5 att barnet inte fryser under fotograferingen n\u00e4r vi byter kl\u00e4der etc. Alla kl\u00e4der, filtar och rekvisita \u00e4r gjorda f\u00f6r nyf\u00f6dda och bebisar och allt \u00e4r tv\u00e4ttbart s\u00e5 oroa dig inte f\u00f6r det.<\/p>\n\n<figure class=\"wp-block-image size-large\"><img loading=\"lazy\" decoding=\"async\" width=\"819\" height=\"1024\" src=\"https:\/\/lindaotterstedt.com\/wp-content\/uploads\/2024\/03\/240224-Linn-newborn-4164-819x1024.jpg\" alt=\"Nyf&#xF6;ddfotografering i Danderyd\" class=\"wp-image-7285\"\/><figcaption class=\"wp-element-caption\">Silhuettbild av mamma, pappa och den nyf\u00f6dda bebisen.<\/figcaption><\/figure>\n<h2 class=\"wp-block-heading\">Hur bokar jag min fotografering f\u00f6r min nyf\u00f6dda bebis?<\/h2>\n\n<p class=\"wp-block-paragraph\">Det \u00e4r inte l\u00e4tt att veta vilken dag barnet best\u00e4mmer sig f\u00f6r att komma till v\u00e4rlden. N\u00e4r du har best\u00e4mt dig f\u00f6r att du vill g\u00f6ra nyf\u00f6ddfotografering med din bebis, h\u00f6r av dig till mig!<\/p>\n\n<p class=\"wp-block-paragraph\">Du ber\u00e4ttar vilket BF du har och jag skriver in dig i min kalender. N\u00e4r barnet \u00e4r f\u00f6tt skickar du ett sms till mig och sedan bokar vi en dag som passar dig 6-12 dagar senare. <\/p>\n\n<p class=\"wp-block-paragraph\"><\/p>\n\n<p class=\"wp-block-paragraph\">Om du har n\u00e5gra fr\u00e5gor kan du alltid skicka ett mejl eller sms till mig. G\u00e5 till mina <a href=\"https:\/\/lindaotterstedt.com\/sv\/kontakt\/\">kontakter<\/a> f\u00f6r att boka din fotosession. <\/p>\n\n<p class=\"wp-block-paragraph\"><\/p>\n\n<p class=\"wp-block-paragraph\">V\u00c4LKOMMEN!<\/p>\n","protected":false},"excerpt":{"rendered":"<p>Jag har haft min f\u00f6rsta nyf\u00f6ddfotografering i Danderyd, i min nya studio! JIPPIE! Det var ett h\u00e4rligt par som bokade en fotografering av deras lilla nyf\u00f6dda bebis h\u00e4r i Danderyd. Eller r\u00e4ttare sagt i Djursholm, d\u00e4r min nya studio ligger. S\u00f6mnig baby F\u00f6r att f\u00e5 de b\u00e4sta nyf\u00f6ddbilderna \u00e4r den b\u00e4sta tiden att ta bilderna [&hellip;]<\/p>\n","protected":false},"author":7,"featured_media":7245,"comment_status":"closed","ping_status":"open","sticky":false,"template":"","format":"standard","meta":{"_et_pb_use_builder":"","_et_pb_old_content":"","_et_gb_content_width":"","footnotes":""},"categories":[107],"tags":[],"class_list":["post-7289","post","type-post","status-publish","format-standard","has-post-thumbnail","hentry","category-familjefotografering-sv"],"yoast_head":"<!-- This site is optimized with the Yoast SEO plugin v28.2 - https:\/\/yoast.com\/product\/yoast-seo-wordpress\/ -->\n<title>Nyf\u00f6ddfotografering i Danderyd - Linda Otterstedt Photography<\/title>\n<meta name=\"robots\" content=\"index, follow, max-snippet:-1, max-image-preview:large, max-video-preview:-1\" \/>\n<link rel=\"canonical\" href=\"https:\/\/lindaotterstedt.com\/sv\/fotografering-av-nyfodda-i-danderyd\/\" \/>\n<meta property=\"og:locale\" content=\"sv_SE\" \/>\n<meta property=\"og:type\" content=\"article\" \/>\n<meta property=\"og:title\" content=\"Nyf\u00f6ddfotografering i Danderyd - Linda Otterstedt Photography\" \/>\n<meta property=\"og:description\" content=\"Jag har haft min f\u00f6rsta nyf\u00f6ddfotografering i Danderyd, i min nya studio! JIPPIE! Det var ett h\u00e4rligt par som bokade en fotografering av deras lilla nyf\u00f6dda bebis h\u00e4r i Danderyd. Eller r\u00e4ttare sagt i Djursholm, d\u00e4r min nya studio ligger. S\u00f6mnig baby F\u00f6r att f\u00e5 de b\u00e4sta nyf\u00f6ddbilderna \u00e4r den b\u00e4sta tiden att ta bilderna [&hellip;]\" \/>\n<meta property=\"og:url\" content=\"https:\/\/lindaotterstedt.com\/sv\/fotografering-av-nyfodda-i-danderyd\/\" \/>\n<meta property=\"og:site_name\" content=\"Linda Otterstedt Photography\" \/>\n<meta property=\"article:publisher\" content=\"https:\/\/www.facebook.com\/lindaotterstedtphotography\" \/>\n<meta property=\"article:published_time\" content=\"2024-03-26T15:44:08+00:00\" \/>\n<meta property=\"article:modified_time\" content=\"2024-03-27T08:16:52+00:00\" \/>\n<meta property=\"og:image\" content=\"https:\/\/lindaotterstedt.com\/wp-content\/uploads\/2024\/03\/nyfoddfotograf-nyfoddfotografering-newborn-fotografdanderyd-djursholm.jpg\" \/>\n\t<meta property=\"og:image:width\" content=\"1143\" \/>\n\t<meta property=\"og:image:height\" content=\"760\" \/>\n\t<meta property=\"og:image:type\" content=\"image\/jpeg\" \/>\n<meta name=\"author\" content=\"Linda Otterstedt\" \/>\n<meta name=\"twitter:card\" content=\"summary_large_image\" \/>\n<meta name=\"twitter:label1\" content=\"Skriven av\" \/>\n\t<meta name=\"twitter:data1\" content=\"Linda Otterstedt\" \/>\n\t<meta name=\"twitter:label2\" content=\"Ber\u00e4knad l\u00e4stid\" \/>\n\t<meta name=\"twitter:data2\" content=\"3 minuter\" \/>\n<script type=\"application\/ld+json\" class=\"yoast-schema-graph\">{\"@context\":\"https:\\\/\\\/schema.org\",\"@graph\":[{\"@type\":\"Article\",\"@id\":\"https:\\\/\\\/lindaotterstedt.com\\\/sv\\\/fotografering-av-nyfodda-i-danderyd\\\/#article\",\"isPartOf\":{\"@id\":\"https:\\\/\\\/lindaotterstedt.com\\\/sv\\\/fotografering-av-nyfodda-i-danderyd\\\/\"},\"author\":{\"name\":\"Linda Otterstedt\",\"@id\":\"https:\\\/\\\/lindaotterstedt.com\\\/sv\\\/#\\\/schema\\\/person\\\/a8bc2e1a05abd2ffa46fddaa8cb4e2c3\"},\"headline\":\"Nyf\u00f6ddfotografering i Danderyd\",\"datePublished\":\"2024-03-26T15:44:08+00:00\",\"dateModified\":\"2024-03-27T08:16:52+00:00\",\"mainEntityOfPage\":{\"@id\":\"https:\\\/\\\/lindaotterstedt.com\\\/sv\\\/fotografering-av-nyfodda-i-danderyd\\\/\"},\"wordCount\":569,\"publisher\":{\"@id\":\"https:\\\/\\\/lindaotterstedt.com\\\/sv\\\/#organization\"},\"image\":{\"@id\":\"https:\\\/\\\/lindaotterstedt.com\\\/sv\\\/fotografering-av-nyfodda-i-danderyd\\\/#primaryimage\"},\"thumbnailUrl\":\"https:\\\/\\\/lindaotterstedt.com\\\/wp-content\\\/uploads\\\/2024\\\/03\\\/nyfoddfotograf-nyfoddfotografering-newborn-fotografdanderyd-djursholm.jpg\",\"articleSection\":[\"Familjefotografering\"],\"inLanguage\":\"sv-SE\"},{\"@type\":\"WebPage\",\"@id\":\"https:\\\/\\\/lindaotterstedt.com\\\/sv\\\/fotografering-av-nyfodda-i-danderyd\\\/\",\"url\":\"https:\\\/\\\/lindaotterstedt.com\\\/sv\\\/fotografering-av-nyfodda-i-danderyd\\\/\",\"name\":\"Nyf\u00f6ddfotografering i Danderyd - Linda Otterstedt Photography\",\"isPartOf\":{\"@id\":\"https:\\\/\\\/lindaotterstedt.com\\\/sv\\\/#website\"},\"primaryImageOfPage\":{\"@id\":\"https:\\\/\\\/lindaotterstedt.com\\\/sv\\\/fotografering-av-nyfodda-i-danderyd\\\/#primaryimage\"},\"image\":{\"@id\":\"https:\\\/\\\/lindaotterstedt.com\\\/sv\\\/fotografering-av-nyfodda-i-danderyd\\\/#primaryimage\"},\"thumbnailUrl\":\"https:\\\/\\\/lindaotterstedt.com\\\/wp-content\\\/uploads\\\/2024\\\/03\\\/nyfoddfotograf-nyfoddfotografering-newborn-fotografdanderyd-djursholm.jpg\",\"datePublished\":\"2024-03-26T15:44:08+00:00\",\"dateModified\":\"2024-03-27T08:16:52+00:00\",\"breadcrumb\":{\"@id\":\"https:\\\/\\\/lindaotterstedt.com\\\/sv\\\/fotografering-av-nyfodda-i-danderyd\\\/#breadcrumb\"},\"inLanguage\":\"sv-SE\",\"potentialAction\":[{\"@type\":\"ReadAction\",\"target\":[\"https:\\\/\\\/lindaotterstedt.com\\\/sv\\\/fotografering-av-nyfodda-i-danderyd\\\/\"]}]},{\"@type\":\"ImageObject\",\"inLanguage\":\"sv-SE\",\"@id\":\"https:\\\/\\\/lindaotterstedt.com\\\/sv\\\/fotografering-av-nyfodda-i-danderyd\\\/#primaryimage\",\"url\":\"https:\\\/\\\/lindaotterstedt.com\\\/wp-content\\\/uploads\\\/2024\\\/03\\\/nyfoddfotograf-nyfoddfotografering-newborn-fotografdanderyd-djursholm.jpg\",\"contentUrl\":\"https:\\\/\\\/lindaotterstedt.com\\\/wp-content\\\/uploads\\\/2024\\\/03\\\/nyfoddfotograf-nyfoddfotografering-newborn-fotografdanderyd-djursholm.jpg\",\"width\":1143,\"height\":760,\"caption\":\"Nyf\u00f6ddfoto i Danderyd, Stockholm\"},{\"@type\":\"BreadcrumbList\",\"@id\":\"https:\\\/\\\/lindaotterstedt.com\\\/sv\\\/fotografering-av-nyfodda-i-danderyd\\\/#breadcrumb\",\"itemListElement\":[{\"@type\":\"ListItem\",\"position\":1,\"name\":\"Home\",\"item\":\"https:\\\/\\\/lindaotterstedt.com\\\/sv\\\/\"},{\"@type\":\"ListItem\",\"position\":2,\"name\":\"Nyf\u00f6ddfotografering i Danderyd\"}]},{\"@type\":\"WebSite\",\"@id\":\"https:\\\/\\\/lindaotterstedt.com\\\/sv\\\/#website\",\"url\":\"https:\\\/\\\/lindaotterstedt.com\\\/sv\\\/\",\"name\":\"Linda Otterstedt Photography\",\"description\":\"Photography for generations to come\",\"publisher\":{\"@id\":\"https:\\\/\\\/lindaotterstedt.com\\\/sv\\\/#organization\"},\"potentialAction\":[{\"@type\":\"SearchAction\",\"target\":{\"@type\":\"EntryPoint\",\"urlTemplate\":\"https:\\\/\\\/lindaotterstedt.com\\\/sv\\\/?s={search_term_string}\"},\"query-input\":{\"@type\":\"PropertyValueSpecification\",\"valueRequired\":true,\"valueName\":\"search_term_string\"}}],\"inLanguage\":\"sv-SE\"},{\"@type\":\"Organization\",\"@id\":\"https:\\\/\\\/lindaotterstedt.com\\\/sv\\\/#organization\",\"name\":\"Linda Otterstedt Photography\",\"alternateName\":\"LOP\",\"url\":\"https:\\\/\\\/lindaotterstedt.com\\\/sv\\\/\",\"logo\":{\"@type\":\"ImageObject\",\"inLanguage\":\"sv-SE\",\"@id\":\"https:\\\/\\\/lindaotterstedt.com\\\/sv\\\/#\\\/schema\\\/logo\\\/image\\\/\",\"url\":\"https:\\\/\\\/lindaotterstedt.com\\\/wp-content\\\/uploads\\\/2023\\\/03\\\/1400_LOGO_Linda_Otterstedt_Standard_Logo_Transparent-copy.png\",\"contentUrl\":\"https:\\\/\\\/lindaotterstedt.com\\\/wp-content\\\/uploads\\\/2023\\\/03\\\/1400_LOGO_Linda_Otterstedt_Standard_Logo_Transparent-copy.png\",\"width\":2684,\"height\":1400,\"caption\":\"Linda Otterstedt Photography\"},\"image\":{\"@id\":\"https:\\\/\\\/lindaotterstedt.com\\\/sv\\\/#\\\/schema\\\/logo\\\/image\\\/\"},\"sameAs\":[\"https:\\\/\\\/www.facebook.com\\\/lindaotterstedtphotography\",\"https:\\\/\\\/www.instagram.com\\\/worldphotographer\",\"https:\\\/\\\/www.instagram.com\\\/worldphotographer_weddings\",\"https:\\\/\\\/www.linkedin.com\\\/in\\\/linda-otterstedt-1886235\\\/\"]},{\"@type\":\"Person\",\"@id\":\"https:\\\/\\\/lindaotterstedt.com\\\/sv\\\/#\\\/schema\\\/person\\\/a8bc2e1a05abd2ffa46fddaa8cb4e2c3\",\"name\":\"Linda Otterstedt\"}]}<\/script>\n<!-- \/ Yoast SEO plugin. -->","yoast_head_json":{"title":"Nyf\u00f6ddfotografering i Danderyd - Linda Otterstedt Photography","robots":{"index":"index","follow":"follow","max-snippet":"max-snippet:-1","max-image-preview":"max-image-preview:large","max-video-preview":"max-video-preview:-1"},"canonical":"https:\/\/lindaotterstedt.com\/sv\/fotografering-av-nyfodda-i-danderyd\/","og_locale":"sv_SE","og_type":"article","og_title":"Nyf\u00f6ddfotografering i Danderyd - Linda Otterstedt Photography","og_description":"Jag har haft min f\u00f6rsta nyf\u00f6ddfotografering i Danderyd, i min nya studio! JIPPIE! Det var ett h\u00e4rligt par som bokade en fotografering av deras lilla nyf\u00f6dda bebis h\u00e4r i Danderyd. Eller r\u00e4ttare sagt i Djursholm, d\u00e4r min nya studio ligger. S\u00f6mnig baby F\u00f6r att f\u00e5 de b\u00e4sta nyf\u00f6ddbilderna \u00e4r den b\u00e4sta tiden att ta bilderna [&hellip;]","og_url":"https:\/\/lindaotterstedt.com\/sv\/fotografering-av-nyfodda-i-danderyd\/","og_site_name":"Linda Otterstedt Photography","article_publisher":"https:\/\/www.facebook.com\/lindaotterstedtphotography","article_published_time":"2024-03-26T15:44:08+00:00","article_modified_time":"2024-03-27T08:16:52+00:00","og_image":[{"width":1143,"height":760,"url":"https:\/\/lindaotterstedt.com\/wp-content\/uploads\/2024\/03\/nyfoddfotograf-nyfoddfotografering-newborn-fotografdanderyd-djursholm.jpg","type":"image\/jpeg"}],"author":"Linda Otterstedt","twitter_card":"summary_large_image","twitter_misc":{"Skriven av":"Linda Otterstedt","Ber\u00e4knad l\u00e4stid":"3 minuter"},"schema":{"@context":"https:\/\/schema.org","@graph":[{"@type":"Article","@id":"https:\/\/lindaotterstedt.com\/sv\/fotografering-av-nyfodda-i-danderyd\/#article","isPartOf":{"@id":"https:\/\/lindaotterstedt.com\/sv\/fotografering-av-nyfodda-i-danderyd\/"},"author":{"name":"Linda Otterstedt","@id":"https:\/\/lindaotterstedt.com\/sv\/#\/schema\/person\/a8bc2e1a05abd2ffa46fddaa8cb4e2c3"},"headline":"Nyf\u00f6ddfotografering i Danderyd","datePublished":"2024-03-26T15:44:08+00:00","dateModified":"2024-03-27T08:16:52+00:00","mainEntityOfPage":{"@id":"https:\/\/lindaotterstedt.com\/sv\/fotografering-av-nyfodda-i-danderyd\/"},"wordCount":569,"publisher":{"@id":"https:\/\/lindaotterstedt.com\/sv\/#organization"},"image":{"@id":"https:\/\/lindaotterstedt.com\/sv\/fotografering-av-nyfodda-i-danderyd\/#primaryimage"},"thumbnailUrl":"https:\/\/lindaotterstedt.com\/wp-content\/uploads\/2024\/03\/nyfoddfotograf-nyfoddfotografering-newborn-fotografdanderyd-djursholm.jpg","articleSection":["Familjefotografering"],"inLanguage":"sv-SE"},{"@type":"WebPage","@id":"https:\/\/lindaotterstedt.com\/sv\/fotografering-av-nyfodda-i-danderyd\/","url":"https:\/\/lindaotterstedt.com\/sv\/fotografering-av-nyfodda-i-danderyd\/","name":"Nyf\u00f6ddfotografering i Danderyd - Linda Otterstedt Photography","isPartOf":{"@id":"https:\/\/lindaotterstedt.com\/sv\/#website"},"primaryImageOfPage":{"@id":"https:\/\/lindaotterstedt.com\/sv\/fotografering-av-nyfodda-i-danderyd\/#primaryimage"},"image":{"@id":"https:\/\/lindaotterstedt.com\/sv\/fotografering-av-nyfodda-i-danderyd\/#primaryimage"},"thumbnailUrl":"https:\/\/lindaotterstedt.com\/wp-content\/uploads\/2024\/03\/nyfoddfotograf-nyfoddfotografering-newborn-fotografdanderyd-djursholm.jpg","datePublished":"2024-03-26T15:44:08+00:00","dateModified":"2024-03-27T08:16:52+00:00","breadcrumb":{"@id":"https:\/\/lindaotterstedt.com\/sv\/fotografering-av-nyfodda-i-danderyd\/#breadcrumb"},"inLanguage":"sv-SE","potentialAction":[{"@type":"ReadAction","target":["https:\/\/lindaotterstedt.com\/sv\/fotografering-av-nyfodda-i-danderyd\/"]}]},{"@type":"ImageObject","inLanguage":"sv-SE","@id":"https:\/\/lindaotterstedt.com\/sv\/fotografering-av-nyfodda-i-danderyd\/#primaryimage","url":"https:\/\/lindaotterstedt.com\/wp-content\/uploads\/2024\/03\/nyfoddfotograf-nyfoddfotografering-newborn-fotografdanderyd-djursholm.jpg","contentUrl":"https:\/\/lindaotterstedt.com\/wp-content\/uploads\/2024\/03\/nyfoddfotograf-nyfoddfotografering-newborn-fotografdanderyd-djursholm.jpg","width":1143,"height":760,"caption":"Nyf\u00f6ddfoto i Danderyd, Stockholm"},{"@type":"BreadcrumbList","@id":"https:\/\/lindaotterstedt.com\/sv\/fotografering-av-nyfodda-i-danderyd\/#breadcrumb","itemListElement":[{"@type":"ListItem","position":1,"name":"Home","item":"https:\/\/lindaotterstedt.com\/sv\/"},{"@type":"ListItem","position":2,"name":"Nyf\u00f6ddfotografering i Danderyd"}]},{"@type":"WebSite","@id":"https:\/\/lindaotterstedt.com\/sv\/#website","url":"https:\/\/lindaotterstedt.com\/sv\/","name":"Linda Otterstedt Photography","description":"Photography for generations to come","publisher":{"@id":"https:\/\/lindaotterstedt.com\/sv\/#organization"},"potentialAction":[{"@type":"SearchAction","target":{"@type":"EntryPoint","urlTemplate":"https:\/\/lindaotterstedt.com\/sv\/?s={search_term_string}"},"query-input":{"@type":"PropertyValueSpecification","valueRequired":true,"valueName":"search_term_string"}}],"inLanguage":"sv-SE"},{"@type":"Organization","@id":"https:\/\/lindaotterstedt.com\/sv\/#organization","name":"Linda Otterstedt Photography","alternateName":"LOP","url":"https:\/\/lindaotterstedt.com\/sv\/","logo":{"@type":"ImageObject","inLanguage":"sv-SE","@id":"https:\/\/lindaotterstedt.com\/sv\/#\/schema\/logo\/image\/","url":"https:\/\/lindaotterstedt.com\/wp-content\/uploads\/2023\/03\/1400_LOGO_Linda_Otterstedt_Standard_Logo_Transparent-copy.png","contentUrl":"https:\/\/lindaotterstedt.com\/wp-content\/uploads\/2023\/03\/1400_LOGO_Linda_Otterstedt_Standard_Logo_Transparent-copy.png","width":2684,"height":1400,"caption":"Linda Otterstedt Photography"},"image":{"@id":"https:\/\/lindaotterstedt.com\/sv\/#\/schema\/logo\/image\/"},"sameAs":["https:\/\/www.facebook.com\/lindaotterstedtphotography","https:\/\/www.instagram.com\/worldphotographer","https:\/\/www.instagram.com\/worldphotographer_weddings","https:\/\/www.linkedin.com\/in\/linda-otterstedt-1886235\/"]},{"@type":"Person","@id":"https:\/\/lindaotterstedt.com\/sv\/#\/schema\/person\/a8bc2e1a05abd2ffa46fddaa8cb4e2c3","name":"Linda Otterstedt"}]}},"_links":{"self":[{"href":"https:\/\/lindaotterstedt.com\/sv\/wp-json\/wp\/v2\/posts\/7289","targetHints":{"allow":["GET"]}}],"collection":[{"href":"https:\/\/lindaotterstedt.com\/sv\/wp-json\/wp\/v2\/posts"}],"about":[{"href":"https:\/\/lindaotterstedt.com\/sv\/wp-json\/wp\/v2\/types\/post"}],"author":[{"embeddable":true,"href":"https:\/\/lindaotterstedt.com\/sv\/wp-json\/wp\/v2\/users\/7"}],"replies":[{"embeddable":true,"href":"https:\/\/lindaotterstedt.com\/sv\/wp-json\/wp\/v2\/comments?post=7289"}],"version-history":[{"count":15,"href":"https:\/\/lindaotterstedt.com\/sv\/wp-json\/wp\/v2\/posts\/7289\/revisions"}],"predecessor-version":[{"id":7306,"href":"https:\/\/lindaotterstedt.com\/sv\/wp-json\/wp\/v2\/posts\/7289\/revisions\/7306"}],"wp:featuredmedia":[{"embeddable":true,"href":"https:\/\/lindaotterstedt.com\/sv\/wp-json\/wp\/v2\/media\/7245"}],"wp:attachment":[{"href":"https:\/\/lindaotterstedt.com\/sv\/wp-json\/wp\/v2\/media?parent=7289"}],"wp:term":[{"taxonomy":"category","embeddable":true,"href":"https:\/\/lindaotterstedt.com\/sv\/wp-json\/wp\/v2\/categories?post=7289"},{"taxonomy":"post_tag","embeddable":true,"href":"https:\/\/lindaotterstedt.com\/sv\/wp-json\/wp\/v2\/tags?post=7289"}],"curies":[{"name":"wp","href":"https:\/\/api.w.org\/{rel}","templated":true}]}}