{"id":7431,"date":"2024-03-27T22:35:00","date_gmt":"2024-03-27T21:35:00","guid":{"rendered":"https:\/\/lindaotterstedt.com\/weekend-i-vackra-are\/"},"modified":"2024-03-28T15:17:53","modified_gmt":"2024-03-28T14:17:53","slug":"weekend-i-vackra-are","status":"publish","type":"post","link":"https:\/\/lindaotterstedt.com\/sv\/weekend-i-vackra-are\/","title":{"rendered":"Weekend i vackra \u00c5re"},"content":{"rendered":"\n<p class=\"wp-block-paragraph\">Jag tror att jag precis har uppt\u00e4ckt <a href=\"https:\/\/aresweden.com\">\u00c5re<\/a>. En vacker by i norra Sverige eller egentligen inte norra Sverige. \u00c5re ligger n\u00e4stan exakt mitt i Sverige, halvv\u00e4gs till slutet av detta enorma, l\u00e5nga land. S\u00e5 f\u00f6rra helgen hade jag en helg i vackra \u00c5re med min syster och fyra andra v\u00e4nner.<\/p>\n\n<p class=\"wp-block-paragraph\">Dagen vi anl\u00e4nde b\u00f6rjade fantastiskt bra med en trevlig After Ski efter v\u00e5r l\u00e5nga t\u00e5gresa, vi h\u00e4mtade v\u00e5ra hyrda skidor p\u00e5 <a href=\"https:\/\/areskidsport.se\">\u00c5re Skidsport<\/a> (bra service), k\u00f6pte v\u00e5ra liftkort online via <a href=\"https:\/\/www.skistar.com\/sv\/\">SkiStar<\/a>, middag och tidig s\u00e4ngg\u00e5endet f\u00f6r att vakna tidigt dagen efter. Inte alltf\u00f6r tidigt, men vi var i backen omkring kl. 09.00. <\/p>\n\n<figure class=\"wp-block-image aligncenter size-large\"><img loading=\"lazy\" decoding=\"async\" width=\"1024\" height=\"681\" src=\"https:\/\/lindaotterstedt.com\/wp-content\/uploads\/2024\/03\/240323-Are-5382-1024x681.jpg\" alt=\"\" class=\"wp-image-7313\" srcset=\"https:\/\/lindaotterstedt.com\/wp-content\/uploads\/2024\/03\/240323-Are-5382-980x652.jpg 980w, https:\/\/lindaotterstedt.com\/wp-content\/uploads\/2024\/03\/240323-Are-5382-480x319.jpg 480w\" sizes=\"(min-width: 0px) and (max-width: 480px) 480px, (min-width: 481px) and (max-width: 980px) 980px, (min-width: 981px) 1024px, 100vw\" \/><figcaption class=\"wp-element-caption\">\u00c5reskutan<\/figcaption><\/figure>\n<h2 class=\"wp-block-heading\">Fantastiskt v\u00e4der<\/h2>\n\n<p class=\"wp-block-paragraph\">V\u00e4dret var fantastiskt och vi \u00e5kte upp till \u00c5reskutan med skotern och kollade in utsikten. Min syster var lite tveksam, men jag sa: &#8221;Vi \u00e5ker nu, medan v\u00e4dret \u00e4r fint. Jag kan s\u00e4ga att det var ett riktigt bra beslut med tanke p\u00e5 vad som h\u00e4nde n\u00e5gra timmar senare.<\/p>\n\n<figure class=\"wp-block-gallery has-nested-images columns-default is-cropped wp-block-gallery-1 is-layout-flex wp-block-gallery-is-layout-flex\">\n<figure class=\"wp-block-image size-large\"><img loading=\"lazy\" decoding=\"async\" width=\"681\" height=\"1024\" data-id=\"7325\" src=\"https:\/\/lindaotterstedt.com\/wp-content\/uploads\/2024\/03\/240323-Are-5392-681x1024.jpg\" alt=\"\" class=\"wp-image-7325\"\/><figcaption class=\"wp-element-caption\">Caf\u00e9 p\u00e5 \u00c5reskutan<\/figcaption><\/figure><\/figure>\n\n<figure class=\"wp-block-gallery has-nested-images columns-default is-cropped wp-block-gallery-2 is-layout-flex wp-block-gallery-is-layout-flex\">\n<figure class=\"wp-block-image size-large\"><img loading=\"lazy\" decoding=\"async\" width=\"1024\" height=\"681\" data-id=\"7315\" src=\"https:\/\/lindaotterstedt.com\/wp-content\/uploads\/2024\/03\/240323-Are-5383-1024x681.jpg\" alt=\"\" class=\"wp-image-7315\" srcset=\"https:\/\/lindaotterstedt.com\/wp-content\/uploads\/2024\/03\/240323-Are-5383-980x652.jpg 980w, https:\/\/lindaotterstedt.com\/wp-content\/uploads\/2024\/03\/240323-Are-5383-480x319.jpg 480w\" sizes=\"(min-width: 0px) and (max-width: 480px) 480px, (min-width: 481px) and (max-width: 980px) 980px, (min-width: 981px) 1024px, 100vw\" \/><\/figure>\n\n\n<figure class=\"wp-block-image size-large\"><img loading=\"lazy\" decoding=\"async\" width=\"681\" height=\"1024\" data-id=\"7329\" src=\"https:\/\/lindaotterstedt.com\/wp-content\/uploads\/2024\/03\/240323-Are-5399-681x1024.jpg\" alt=\"\" class=\"wp-image-7329\"\/><\/figure>\n\n\n<figure class=\"wp-block-image size-large\"><img loading=\"lazy\" decoding=\"async\" width=\"1024\" height=\"681\" data-id=\"7317\" src=\"https:\/\/lindaotterstedt.com\/wp-content\/uploads\/2024\/03\/240323-Are-5385-1024x681.jpg\" alt=\"&#xC5;reskutan\" class=\"wp-image-7317\" srcset=\"https:\/\/lindaotterstedt.com\/wp-content\/uploads\/2024\/03\/240323-Are-5385-980x652.jpg 980w, https:\/\/lindaotterstedt.com\/wp-content\/uploads\/2024\/03\/240323-Are-5385-480x319.jpg 480w\" sizes=\"(min-width: 0px) and (max-width: 480px) 480px, (min-width: 481px) and (max-width: 980px) 980px, (min-width: 981px) 1024px, 100vw\" \/><\/figure><\/figure>\n\n<h2 class=\"wp-block-heading\">Fr\u00e5n toppen till botten<\/h2>\n\n<p class=\"wp-block-paragraph\">Efter v\u00e5rt bes\u00f6k p\u00e5 toppen gick vi ner f\u00f6r att m\u00f6ta upp en av v\u00e5ra v\u00e4nner f\u00f6r att forts\u00e4tta \u00e4nnu l\u00e4ngre ner till VM 8-stolsliften. P\u00e5 v\u00e4gen ner stannade vi till vid en liten stuga som jag blev f\u00f6r\u00e4lskad i och tog ungef\u00e4r 30 bilder p\u00e5. S\u00e5 vackert med all sn\u00f6, solen, molnen och platsen. Min syster och v\u00e5r v\u00e4n v\u00e4ntade t\u00e5lmodigt p\u00e5 mig. Min syster \u00e4r en \u00e4ngel, hon v\u00e4ntar alltid p\u00e5 mig n\u00e4r jag vill ta bilder. <\/p>\n\n<figure class=\"wp-block-image size-large\"><img decoding=\"async\" src=\"https:\/\/lindaotterstedt.com\/wp-content\/uploads\/2024\/03\/240323-Are-5404-1024x681.jpg\" alt=\"Stuga i &#xC5;re\" class=\"wp-image-7333\"\/><\/figure>\n<figure class=\"wp-block-image aligncenter size-large\"><img loading=\"lazy\" decoding=\"async\" width=\"681\" height=\"1024\" src=\"https:\/\/lindaotterstedt.com\/wp-content\/uploads\/2024\/03\/240323-Are-5413-681x1024.jpg\" alt=\"\" class=\"wp-image-7337\"\/><\/figure>\n<figure class=\"wp-block-image size-large\"><img loading=\"lazy\" decoding=\"async\" width=\"1024\" height=\"681\" src=\"https:\/\/lindaotterstedt.com\/wp-content\/uploads\/2024\/03\/240323-Are-5417-1024x681.jpg\" alt=\"\" class=\"wp-image-7341\" srcset=\"https:\/\/lindaotterstedt.com\/wp-content\/uploads\/2024\/03\/240323-Are-5417-980x652.jpg 980w, https:\/\/lindaotterstedt.com\/wp-content\/uploads\/2024\/03\/240323-Are-5417-480x319.jpg 480w\" sizes=\"(min-width: 0px) and (max-width: 480px) 480px, (min-width: 481px) and (max-width: 980px) 980px, (min-width: 981px) 1024px, 100vw\" \/><\/figure>\n<figure class=\"wp-block-image aligncenter size-large\"><img loading=\"lazy\" decoding=\"async\" width=\"681\" height=\"1024\" src=\"https:\/\/lindaotterstedt.com\/wp-content\/uploads\/2024\/03\/240323-Are-5421-681x1024.jpg\" alt=\"&#xC5;re stuga\" class=\"wp-image-7343\"\/><\/figure>\n<h2 class=\"wp-block-heading\">Ytterligare en stuga i vackra \u00c5re<\/h2>\n\n<p class=\"wp-block-paragraph\">Ja, hur m\u00e5nga bilder kan man ta av ett objekt? Bara att byta \u00e4nglar och du f\u00e5r en massa olika bilder. <\/p>\n\n<p class=\"wp-block-paragraph\">H\u00e4r \u00e4r en annan stuga ocks\u00e5&#8230; \ud83d\ude42<\/p>\n\n<figure class=\"wp-block-image size-large\"><img loading=\"lazy\" decoding=\"async\" width=\"1024\" height=\"681\" src=\"https:\/\/lindaotterstedt.com\/wp-content\/uploads\/2024\/03\/240323-Are-5400-1024x681.jpg\" alt=\"&#xC5;re sn&#xF6;\" class=\"wp-image-7331\" srcset=\"https:\/\/lindaotterstedt.com\/wp-content\/uploads\/2024\/03\/240323-Are-5400-980x652.jpg 980w, https:\/\/lindaotterstedt.com\/wp-content\/uploads\/2024\/03\/240323-Are-5400-480x319.jpg 480w\" sizes=\"(min-width: 0px) and (max-width: 480px) 480px, (min-width: 481px) and (max-width: 980px) 980px, (min-width: 981px) 1024px, 100vw\" \/><figcaption class=\"wp-element-caption\">Sn\u00f6ig stuga<\/figcaption><\/figure>\n<h2 class=\"wp-block-heading\">Bruten arm<\/h2>\n\n<p class=\"wp-block-paragraph\">Till slut n\u00e5dde vi v\u00e5rt m\u00e5l, stolliften VM 8 med 8 sittplatser. Min syster t\u00e4nkte vara artig som hon alltid \u00e4r och erbj\u00f6d personerna bakom oss att f\u00f6lja med oss i v\u00e5r stol. Personalen tackade nej till hennes inbjudan och n\u00e4r hon gled \u00f6ver p\u00e5 det rullande bandet tappade hon balansen och f\u00f6ll p\u00e5 sin v\u00e4nstra handled&#8230; Det var ett faktum&#8230; handleden var bruten. OH NEJ!!! 13.30. Tack och hej d\u00e5 \u00c5re. <\/p>\n\n<p class=\"wp-block-paragraph\">Nej, inte direkt, men vi var tvungna att \u00e5ka till den lokala kliniken. Mycket professionella l\u00e4kare m\u00e5ste jag s\u00e4ga. De visste verkligen hur man hanterar en bruten arm p\u00e5 en skidort. Det var f\u00f6rmodligen det vanligaste de gjorde varje dag. Allt gick snabbt och utan kr\u00e5ngel. Efter 2 timmar var vi hemma igen. <\/p>\n\n<p class=\"wp-block-paragraph\">Helgen fortsatte med after ski, middagar och jag \u00e5kte skidor med v\u00e5ra v\u00e4nner och jag tr\u00e4ffade \u00e4ven min kusin i slopen en dag. Lyckliga jag!<\/p>\n\n<p class=\"wp-block-paragraph\"><\/p>\n\n<figure class=\"wp-block-image aligncenter size-large\"><img loading=\"lazy\" decoding=\"async\" width=\"681\" height=\"1024\" src=\"https:\/\/lindaotterstedt.com\/wp-content\/uploads\/2024\/03\/240323-Are-5372-681x1024.jpg\" alt=\"&#xC5;re gondolen\" class=\"wp-image-7309\"\/><\/figure>\n<h2 class=\"wp-block-heading\">Helgen i vackra \u00c5re tog slut<\/h2>\n\n<p class=\"wp-block-paragraph\">Sista dagen var vi tvungna att checka ut fr\u00e5n v\u00e5r lilla l\u00e4genhet p\u00e5 <a href=\"https:\/\/tottare.se\">Tott \u00c5re<\/a> kl. 10.00. Superl\u00e4ge f\u00f6r bra ski in och ski out och om du har starka skidben \u00e4r det inga problem att g\u00e5 fram och tillbaka fr\u00e5n byn. <\/p>\n\n<p class=\"wp-block-paragraph\">P\u00e5 s\u00f6ndagen gick vi bara runt i byn och kollade in de sm\u00e5 butikerna, vi provade kaffet p\u00e5 olika kaf\u00e9er och \u00e5t lite lunch ocks\u00e5. Vi bes\u00f6kte ocks\u00e5 v\u00e5ra v\u00e4nner som bodde p\u00e5 hotell <a href=\"https:\/\/aregranen.se\">Granen<\/a>. <\/p>\n\n<figure class=\"wp-block-gallery has-nested-images columns-default is-cropped wp-block-gallery-3 is-layout-flex wp-block-gallery-is-layout-flex\">\n<figure class=\"wp-block-image size-large\"><img loading=\"lazy\" decoding=\"async\" width=\"681\" height=\"1024\" data-id=\"7419\" src=\"https:\/\/lindaotterstedt.com\/wp-content\/uploads\/2024\/03\/240323-Are-5522-681x1024.jpg\" alt=\"\" class=\"wp-image-7419\"\/><\/figure>\n\n\n<figure class=\"wp-block-image size-large\"><img loading=\"lazy\" decoding=\"async\" width=\"1024\" height=\"681\" data-id=\"7417\" src=\"https:\/\/lindaotterstedt.com\/wp-content\/uploads\/2024\/03\/240323-Are-5519-1024x681.jpg\" alt=\"\" class=\"wp-image-7417\" srcset=\"https:\/\/lindaotterstedt.com\/wp-content\/uploads\/2024\/03\/240323-Are-5519-980x652.jpg 980w, https:\/\/lindaotterstedt.com\/wp-content\/uploads\/2024\/03\/240323-Are-5519-480x319.jpg 480w\" sizes=\"(min-width: 0px) and (max-width: 480px) 480px, (min-width: 481px) and (max-width: 980px) 980px, (min-width: 981px) 1024px, 100vw\" \/><\/figure>\n\n\n<figure class=\"wp-block-image size-large\"><img loading=\"lazy\" decoding=\"async\" width=\"681\" height=\"1024\" data-id=\"7415\" src=\"https:\/\/lindaotterstedt.com\/wp-content\/uploads\/2024\/03\/240323-Are-5517-681x1024.jpg\" alt=\"\" class=\"wp-image-7415\"\/><\/figure>\n\n\n<figure class=\"wp-block-image size-large\"><img loading=\"lazy\" decoding=\"async\" width=\"681\" height=\"1024\" data-id=\"7413\" src=\"https:\/\/lindaotterstedt.com\/wp-content\/uploads\/2024\/03\/240323-Are-5515-681x1024.jpg\" alt=\"\" class=\"wp-image-7413\"\/><\/figure>\n\n\n<figure class=\"wp-block-image size-large\"><img loading=\"lazy\" decoding=\"async\" width=\"681\" height=\"1024\" data-id=\"7411\" src=\"https:\/\/lindaotterstedt.com\/wp-content\/uploads\/2024\/03\/240323-Are-5514-681x1024.jpg\" alt=\"\" class=\"wp-image-7411\"\/><\/figure>\n\n\n<figure class=\"wp-block-image size-large\"><img loading=\"lazy\" decoding=\"async\" width=\"1024\" height=\"681\" data-id=\"7405\" src=\"https:\/\/lindaotterstedt.com\/wp-content\/uploads\/2024\/03\/240323-Are-5508-1024x681.jpg\" alt=\"\" class=\"wp-image-7405\" srcset=\"https:\/\/lindaotterstedt.com\/wp-content\/uploads\/2024\/03\/240323-Are-5508-980x652.jpg 980w, https:\/\/lindaotterstedt.com\/wp-content\/uploads\/2024\/03\/240323-Are-5508-480x319.jpg 480w\" sizes=\"(min-width: 0px) and (max-width: 480px) 480px, (min-width: 481px) and (max-width: 980px) 980px, (min-width: 981px) 1024px, 100vw\" \/><\/figure>\n\n\n<figure class=\"wp-block-image size-large\"><img loading=\"lazy\" decoding=\"async\" width=\"1024\" height=\"681\" data-id=\"7403\" src=\"https:\/\/lindaotterstedt.com\/wp-content\/uploads\/2024\/03\/240323-Are-5507-1024x681.jpg\" alt=\"\" class=\"wp-image-7403\" srcset=\"https:\/\/lindaotterstedt.com\/wp-content\/uploads\/2024\/03\/240323-Are-5507-980x652.jpg 980w, https:\/\/lindaotterstedt.com\/wp-content\/uploads\/2024\/03\/240323-Are-5507-480x319.jpg 480w\" sizes=\"(min-width: 0px) and (max-width: 480px) 480px, (min-width: 481px) and (max-width: 980px) 980px, (min-width: 981px) 1024px, 100vw\" \/><\/figure>\n\n\n<figure class=\"wp-block-image size-large\"><img loading=\"lazy\" decoding=\"async\" width=\"1024\" height=\"681\" data-id=\"7401\" src=\"https:\/\/lindaotterstedt.com\/wp-content\/uploads\/2024\/03\/240323-Are-5505-1024x681.jpg\" alt=\"\" class=\"wp-image-7401\" srcset=\"https:\/\/lindaotterstedt.com\/wp-content\/uploads\/2024\/03\/240323-Are-5505-980x652.jpg 980w, https:\/\/lindaotterstedt.com\/wp-content\/uploads\/2024\/03\/240323-Are-5505-480x319.jpg 480w\" sizes=\"(min-width: 0px) and (max-width: 480px) 480px, (min-width: 481px) and (max-width: 980px) 980px, (min-width: 981px) 1024px, 100vw\" \/><\/figure>\n\n\n<figure class=\"wp-block-image size-large\"><img loading=\"lazy\" decoding=\"async\" width=\"1024\" height=\"681\" data-id=\"7395\" src=\"https:\/\/lindaotterstedt.com\/wp-content\/uploads\/2024\/03\/240323-Are-5499-1024x681.jpg\" alt=\"Granen &#xC5;re\" class=\"wp-image-7395\" srcset=\"https:\/\/lindaotterstedt.com\/wp-content\/uploads\/2024\/03\/240323-Are-5499-980x652.jpg 980w, https:\/\/lindaotterstedt.com\/wp-content\/uploads\/2024\/03\/240323-Are-5499-480x319.jpg 480w\" sizes=\"(min-width: 0px) and (max-width: 480px) 480px, (min-width: 481px) and (max-width: 980px) 980px, (min-width: 981px) 1024px, 100vw\" \/><\/figure><\/figure>\n\n<p class=\"wp-block-paragraph\"><\/p>\n\n<p class=\"wp-block-paragraph\">Vilken trevlig och mysig plats. Bel\u00e4get halvv\u00e4gs upp till Tott \u00c5re. N\u00e4r vi \u00e5kte dit f\u00f6r att tr\u00e4ffa v\u00e5ra v\u00e4nner var jag bara tvungen att stanna till och ta n\u00e5gra bilder av <a href=\"https:\/\/aresweden.com\/are-bergbana\/\">\u00c5re Bergbana<\/a>. <\/p>\n\n<figure class=\"wp-block-image aligncenter size-large\"><img loading=\"lazy\" decoding=\"async\" width=\"681\" height=\"1024\" src=\"https:\/\/lindaotterstedt.com\/wp-content\/uploads\/2024\/03\/240323-Are-5482-681x1024.jpg\" alt=\"&#xC5;re Bergbana&#10;\" class=\"wp-image-7381\"\/><figcaption class=\"wp-element-caption\">\u00c5re bergbana<\/figcaption><\/figure>\n<p class=\"wp-block-paragraph\"><\/p>\n\n<figure class=\"wp-block-gallery has-nested-images columns-default is-cropped wp-block-gallery-4 is-layout-flex wp-block-gallery-is-layout-flex\">\n<figure class=\"wp-block-image size-large\"><img loading=\"lazy\" decoding=\"async\" width=\"681\" height=\"1024\" data-id=\"7373\" src=\"https:\/\/lindaotterstedt.com\/wp-content\/uploads\/2024\/03\/240323-Are-5466-681x1024.jpg\" alt=\"\" class=\"wp-image-7373\"\/><\/figure>\n\n\n<figure class=\"wp-block-image size-large\"><img loading=\"lazy\" decoding=\"async\" width=\"681\" height=\"1024\" data-id=\"7371\" src=\"https:\/\/lindaotterstedt.com\/wp-content\/uploads\/2024\/03\/240323-Are-5460-681x1024.jpg\" alt=\"\" class=\"wp-image-7371\"\/><\/figure>\n\n\n<figure class=\"wp-block-image size-large\"><img loading=\"lazy\" decoding=\"async\" width=\"681\" height=\"1024\" data-id=\"7383\" src=\"https:\/\/lindaotterstedt.com\/wp-content\/uploads\/2024\/03\/240323-Are-5484-681x1024.jpg\" alt=\"&#xC5;re bergbana&#10;\" class=\"wp-image-7383\"\/><\/figure><\/figure>\n\n<h2 class=\"wp-block-heading\">Fika p\u00e5 \u00c5re Kafferosteri<\/h2>\n\n<p class=\"wp-block-paragraph\">Kaffe och en sm\u00f6rg\u00e5s, s\u00e5 god och helt hemgjord. Mums! <\/p>\n\n<figure class=\"wp-block-image aligncenter size-large\"><img loading=\"lazy\" decoding=\"async\" width=\"681\" height=\"1024\" src=\"https:\/\/lindaotterstedt.com\/wp-content\/uploads\/2024\/03\/240323-Are-5437-681x1024.jpg\" alt=\"&#xC5;re kafferosteri&#10;\" class=\"wp-image-7351\"\/><\/figure>\n<figure class=\"wp-block-gallery has-nested-images columns-default is-cropped wp-block-gallery-5 is-layout-flex wp-block-gallery-is-layout-flex\">\n<figure class=\"wp-block-image size-large\"><img loading=\"lazy\" decoding=\"async\" width=\"1024\" height=\"681\" data-id=\"7357\" src=\"https:\/\/lindaotterstedt.com\/wp-content\/uploads\/2024\/03\/240323-Are-5447-1024x681.jpg\" alt=\"\" class=\"wp-image-7357\" srcset=\"https:\/\/lindaotterstedt.com\/wp-content\/uploads\/2024\/03\/240323-Are-5447-980x652.jpg 980w, https:\/\/lindaotterstedt.com\/wp-content\/uploads\/2024\/03\/240323-Are-5447-480x319.jpg 480w\" sizes=\"(min-width: 0px) and (max-width: 480px) 480px, (min-width: 481px) and (max-width: 980px) 980px, (min-width: 981px) 1024px, 100vw\" \/><\/figure>\n\n\n<figure class=\"wp-block-image size-large\"><img loading=\"lazy\" decoding=\"async\" width=\"1024\" height=\"681\" data-id=\"7355\" src=\"https:\/\/lindaotterstedt.com\/wp-content\/uploads\/2024\/03\/240323-Are-5446-1024x681.jpg\" alt=\"\" class=\"wp-image-7355\" srcset=\"https:\/\/lindaotterstedt.com\/wp-content\/uploads\/2024\/03\/240323-Are-5446-980x652.jpg 980w, https:\/\/lindaotterstedt.com\/wp-content\/uploads\/2024\/03\/240323-Are-5446-480x319.jpg 480w\" sizes=\"(min-width: 0px) and (max-width: 480px) 480px, (min-width: 481px) and (max-width: 980px) 980px, (min-width: 981px) 1024px, 100vw\" \/><\/figure>\n\n\n<figure class=\"wp-block-image size-large\"><img loading=\"lazy\" decoding=\"async\" width=\"1024\" height=\"681\" data-id=\"7353\" src=\"https:\/\/lindaotterstedt.com\/wp-content\/uploads\/2024\/03\/240323-Are-5438-1024x681.jpg\" alt=\"\" class=\"wp-image-7353\" srcset=\"https:\/\/lindaotterstedt.com\/wp-content\/uploads\/2024\/03\/240323-Are-5438-980x652.jpg 980w, https:\/\/lindaotterstedt.com\/wp-content\/uploads\/2024\/03\/240323-Are-5438-480x319.jpg 480w\" sizes=\"(min-width: 0px) and (max-width: 480px) 480px, (min-width: 481px) and (max-width: 980px) 980px, (min-width: 981px) 1024px, 100vw\" \/><\/figure>\n\n\n<figure class=\"wp-block-image size-large\"><img loading=\"lazy\" decoding=\"async\" width=\"1024\" height=\"681\" data-id=\"7359\" src=\"https:\/\/lindaotterstedt.com\/wp-content\/uploads\/2024\/03\/240323-Are-5448-1024x681.jpg\" alt=\"\" class=\"wp-image-7359\" srcset=\"https:\/\/lindaotterstedt.com\/wp-content\/uploads\/2024\/03\/240323-Are-5448-980x652.jpg 980w, https:\/\/lindaotterstedt.com\/wp-content\/uploads\/2024\/03\/240323-Are-5448-480x319.jpg 480w\" sizes=\"(min-width: 0px) and (max-width: 480px) 480px, (min-width: 481px) and (max-width: 980px) 980px, (min-width: 981px) 1024px, 100vw\" \/><\/figure><\/figure>\n\n<figure class=\"wp-block-image aligncenter size-large\"><img loading=\"lazy\" decoding=\"async\" width=\"681\" height=\"1024\" src=\"https:\/\/lindaotterstedt.com\/wp-content\/uploads\/2024\/03\/240323-Are-5452-681x1024.jpg\" alt=\"\" class=\"wp-image-7363\"\/><figcaption class=\"wp-element-caption\">\u00c5re Kafferosteri<\/figcaption><\/figure>\n<h2 class=\"wp-block-heading\">Sn\u00f6iga bilder fr\u00e5n min vackra helg i \u00c5re<\/h2>\n\n<p class=\"wp-block-paragraph\">Jag skulle \u00e5ka tillbaka vilken dag som helst och om du vill att jag ska fotografera ditt br\u00f6llop eller kanske ditt f\u00f6retag med dina kollegor, tveka inte att kontakta mig <a href=\"https:\/\/lindaotterstedt.com\/sv\/kontakt\/\">h\u00e4r<\/a>. Jag \u00e4lskar att \u00e5ka skidor och jag har varit skidguide i Alperna och att \u00e5ka skidor och fotografera p\u00e5 samma g\u00e5ng \u00e4r en dr\u00f6m f\u00f6r mig. \ud83d\ude42<\/p>\n\n<figure class=\"wp-block-image size-large\"><img loading=\"lazy\" decoding=\"async\" width=\"1024\" height=\"681\" src=\"https:\/\/lindaotterstedt.com\/wp-content\/uploads\/2024\/03\/240323-Are-5435-1024x681.jpg\" alt=\"&#xC5;re by\" class=\"wp-image-7349\" srcset=\"https:\/\/lindaotterstedt.com\/wp-content\/uploads\/2024\/03\/240323-Are-5435-980x652.jpg 980w, https:\/\/lindaotterstedt.com\/wp-content\/uploads\/2024\/03\/240323-Are-5435-480x319.jpg 480w\" sizes=\"(min-width: 0px) and (max-width: 480px) 480px, (min-width: 481px) and (max-width: 980px) 980px, (min-width: 981px) 1024px, 100vw\" \/><figcaption class=\"wp-element-caption\">\u00c5re huvudgata<\/figcaption><\/figure>\n<figure class=\"wp-block-gallery has-nested-images columns-default is-cropped wp-block-gallery-6 is-layout-flex wp-block-gallery-is-layout-flex\">\n<figure class=\"wp-block-image size-large\"><img loading=\"lazy\" decoding=\"async\" width=\"681\" height=\"1024\" data-id=\"7369\" src=\"https:\/\/lindaotterstedt.com\/wp-content\/uploads\/2024\/03\/240323-Are-5456-681x1024.jpg\" alt=\"\" class=\"wp-image-7369\"\/><\/figure>\n\n\n<figure class=\"wp-block-image size-large\"><img loading=\"lazy\" decoding=\"async\" width=\"681\" height=\"1024\" data-id=\"7367\" src=\"https:\/\/lindaotterstedt.com\/wp-content\/uploads\/2024\/03\/240323-Are-5455-681x1024.jpg\" alt=\"\" class=\"wp-image-7367\"\/><\/figure>\n\n\n<figure class=\"wp-block-image size-large\"><img loading=\"lazy\" decoding=\"async\" width=\"681\" height=\"1024\" data-id=\"7345\" src=\"https:\/\/lindaotterstedt.com\/wp-content\/uploads\/2024\/03\/240323-Are-5429-681x1024.jpg\" alt=\"\" class=\"wp-image-7345\"\/><\/figure>\n\n\n<figure class=\"wp-block-image size-large\"><img loading=\"lazy\" decoding=\"async\" width=\"1024\" height=\"681\" data-id=\"7365\" src=\"https:\/\/lindaotterstedt.com\/wp-content\/uploads\/2024\/03\/240323-Are-5453-1024x681.jpg\" alt=\"\" class=\"wp-image-7365\" srcset=\"https:\/\/lindaotterstedt.com\/wp-content\/uploads\/2024\/03\/240323-Are-5453-980x652.jpg 980w, https:\/\/lindaotterstedt.com\/wp-content\/uploads\/2024\/03\/240323-Are-5453-480x319.jpg 480w\" sizes=\"(min-width: 0px) and (max-width: 480px) 480px, (min-width: 481px) and (max-width: 980px) 980px, (min-width: 981px) 1024px, 100vw\" \/><figcaption class=\"wp-element-caption\">Glad p\u00e5sk<\/figcaption><\/figure><\/figure>\n\n<figure class=\"wp-block-image size-large\"><img loading=\"lazy\" decoding=\"async\" width=\"1024\" height=\"681\" src=\"https:\/\/lindaotterstedt.com\/wp-content\/uploads\/2024\/03\/240323-Are-5525-1024x681.jpg\" alt=\"&#xC5;re by\" class=\"wp-image-7421\" srcset=\"https:\/\/lindaotterstedt.com\/wp-content\/uploads\/2024\/03\/240323-Are-5525-980x652.jpg 980w, https:\/\/lindaotterstedt.com\/wp-content\/uploads\/2024\/03\/240323-Are-5525-480x319.jpg 480w\" sizes=\"(min-width: 0px) and (max-width: 480px) 480px, (min-width: 481px) and (max-width: 980px) 980px, (min-width: 981px) 1024px, 100vw\" \/><figcaption class=\"wp-element-caption\">Middag p\u00e5 restaurang<\/figcaption><\/figure>\n<p class=\"wp-block-paragraph\">Jag hoppas att du gillade mina bilder fr\u00e5n \u00c5re och att det kan inspirera dig att bes\u00f6ka \u00c5re en dag. Jag kommer definitivt att \u00e5ka tillbaka n\u00e4sta \u00e5r igen. <\/p>\n\n<p class=\"wp-block-paragraph\">Tack och hej!<\/p>\n\n<p class=\"wp-block-paragraph\"><\/p>\n\n<p class=\"wp-block-paragraph\">\/LINDA<\/p>\n","protected":false},"excerpt":{"rendered":"<p>Jag tror att jag precis har uppt\u00e4ckt \u00c5re. En vacker by i norra Sverige eller egentligen inte norra Sverige. \u00c5re ligger n\u00e4stan exakt mitt i Sverige, halvv\u00e4gs till slutet av detta enorma, l\u00e5nga land. S\u00e5 f\u00f6rra helgen hade jag en helg i vackra \u00c5re med min syster och fyra andra v\u00e4nner. Dagen vi anl\u00e4nde b\u00f6rjade [&hellip;]<\/p>\n","protected":false},"author":7,"featured_media":7334,"comment_status":"closed","ping_status":"open","sticky":false,"template":"","format":"standard","meta":{"_et_pb_use_builder":"","_et_pb_old_content":"","_et_gb_content_width":"","footnotes":""},"categories":[91],"tags":[],"class_list":["post-7431","post","type-post","status-publish","format-standard","has-post-thumbnail","hentry","category-mitt-liv"],"yoast_head":"<!-- This site is optimized with the Yoast SEO plugin v28.2 - https:\/\/yoast.com\/product\/yoast-seo-wordpress\/ -->\n<title>Weekend i vackra \u00c5re - Linda Otterstedt Photography<\/title>\n<meta name=\"robots\" content=\"index, follow, max-snippet:-1, max-image-preview:large, max-video-preview:-1\" \/>\n<link rel=\"canonical\" href=\"https:\/\/lindaotterstedt.com\/sv\/weekend-i-vackra-are\/\" \/>\n<meta property=\"og:locale\" content=\"sv_SE\" \/>\n<meta property=\"og:type\" content=\"article\" \/>\n<meta property=\"og:title\" content=\"Weekend i vackra \u00c5re - Linda Otterstedt Photography\" \/>\n<meta property=\"og:description\" content=\"Jag tror att jag precis har uppt\u00e4ckt \u00c5re. En vacker by i norra Sverige eller egentligen inte norra Sverige. \u00c5re ligger n\u00e4stan exakt mitt i Sverige, halvv\u00e4gs till slutet av detta enorma, l\u00e5nga land. S\u00e5 f\u00f6rra helgen hade jag en helg i vackra \u00c5re med min syster och fyra andra v\u00e4nner. Dagen vi anl\u00e4nde b\u00f6rjade [&hellip;]\" \/>\n<meta property=\"og:url\" content=\"https:\/\/lindaotterstedt.com\/sv\/weekend-i-vackra-are\/\" \/>\n<meta property=\"og:site_name\" content=\"Linda Otterstedt Photography\" \/>\n<meta property=\"article:publisher\" content=\"https:\/\/www.facebook.com\/lindaotterstedtphotography\" \/>\n<meta property=\"article:published_time\" content=\"2024-03-27T21:35:00+00:00\" \/>\n<meta property=\"article:modified_time\" content=\"2024-03-28T14:17:53+00:00\" \/>\n<meta property=\"og:image\" content=\"https:\/\/lindaotterstedt.com\/wp-content\/uploads\/2024\/03\/240323-Are-5404-e1711614088365.jpg\" \/>\n\t<meta property=\"og:image:width\" content=\"2000\" \/>\n\t<meta property=\"og:image:height\" content=\"1331\" \/>\n\t<meta property=\"og:image:type\" content=\"image\/jpeg\" \/>\n<meta name=\"author\" content=\"Linda Otterstedt\" \/>\n<meta name=\"twitter:card\" content=\"summary_large_image\" \/>\n<meta name=\"twitter:label1\" content=\"Skriven av\" \/>\n\t<meta name=\"twitter:data1\" content=\"Linda Otterstedt\" \/>\n\t<meta name=\"twitter:label2\" content=\"Ber\u00e4knad l\u00e4stid\" \/>\n\t<meta name=\"twitter:data2\" content=\"4 minuter\" \/>\n<script type=\"application\/ld+json\" class=\"yoast-schema-graph\">{\"@context\":\"https:\\\/\\\/schema.org\",\"@graph\":[{\"@type\":\"Article\",\"@id\":\"https:\\\/\\\/lindaotterstedt.com\\\/sv\\\/weekend-i-vackra-are\\\/#article\",\"isPartOf\":{\"@id\":\"https:\\\/\\\/lindaotterstedt.com\\\/sv\\\/weekend-i-vackra-are\\\/\"},\"author\":{\"name\":\"Linda Otterstedt\",\"@id\":\"https:\\\/\\\/lindaotterstedt.com\\\/sv\\\/#\\\/schema\\\/person\\\/a8bc2e1a05abd2ffa46fddaa8cb4e2c3\"},\"headline\":\"Weekend i vackra \u00c5re\",\"datePublished\":\"2024-03-27T21:35:00+00:00\",\"dateModified\":\"2024-03-28T14:17:53+00:00\",\"mainEntityOfPage\":{\"@id\":\"https:\\\/\\\/lindaotterstedt.com\\\/sv\\\/weekend-i-vackra-are\\\/\"},\"wordCount\":765,\"publisher\":{\"@id\":\"https:\\\/\\\/lindaotterstedt.com\\\/sv\\\/#organization\"},\"image\":{\"@id\":\"https:\\\/\\\/lindaotterstedt.com\\\/sv\\\/weekend-i-vackra-are\\\/#primaryimage\"},\"thumbnailUrl\":\"https:\\\/\\\/lindaotterstedt.com\\\/wp-content\\\/uploads\\\/2024\\\/03\\\/240323-Are-5404-e1711614088365.jpg\",\"articleSection\":[\"Mitt liv\"],\"inLanguage\":\"sv-SE\"},{\"@type\":\"WebPage\",\"@id\":\"https:\\\/\\\/lindaotterstedt.com\\\/sv\\\/weekend-i-vackra-are\\\/\",\"url\":\"https:\\\/\\\/lindaotterstedt.com\\\/sv\\\/weekend-i-vackra-are\\\/\",\"name\":\"Weekend i vackra \u00c5re - Linda Otterstedt Photography\",\"isPartOf\":{\"@id\":\"https:\\\/\\\/lindaotterstedt.com\\\/sv\\\/#website\"},\"primaryImageOfPage\":{\"@id\":\"https:\\\/\\\/lindaotterstedt.com\\\/sv\\\/weekend-i-vackra-are\\\/#primaryimage\"},\"image\":{\"@id\":\"https:\\\/\\\/lindaotterstedt.com\\\/sv\\\/weekend-i-vackra-are\\\/#primaryimage\"},\"thumbnailUrl\":\"https:\\\/\\\/lindaotterstedt.com\\\/wp-content\\\/uploads\\\/2024\\\/03\\\/240323-Are-5404-e1711614088365.jpg\",\"datePublished\":\"2024-03-27T21:35:00+00:00\",\"dateModified\":\"2024-03-28T14:17:53+00:00\",\"breadcrumb\":{\"@id\":\"https:\\\/\\\/lindaotterstedt.com\\\/sv\\\/weekend-i-vackra-are\\\/#breadcrumb\"},\"inLanguage\":\"sv-SE\",\"potentialAction\":[{\"@type\":\"ReadAction\",\"target\":[\"https:\\\/\\\/lindaotterstedt.com\\\/sv\\\/weekend-i-vackra-are\\\/\"]}]},{\"@type\":\"ImageObject\",\"inLanguage\":\"sv-SE\",\"@id\":\"https:\\\/\\\/lindaotterstedt.com\\\/sv\\\/weekend-i-vackra-are\\\/#primaryimage\",\"url\":\"https:\\\/\\\/lindaotterstedt.com\\\/wp-content\\\/uploads\\\/2024\\\/03\\\/240323-Are-5404-e1711614088365.jpg\",\"contentUrl\":\"https:\\\/\\\/lindaotterstedt.com\\\/wp-content\\\/uploads\\\/2024\\\/03\\\/240323-Are-5404-e1711614088365.jpg\",\"width\":2000,\"height\":1331,\"caption\":\"Cottage in \u00c5re\"},{\"@type\":\"BreadcrumbList\",\"@id\":\"https:\\\/\\\/lindaotterstedt.com\\\/sv\\\/weekend-i-vackra-are\\\/#breadcrumb\",\"itemListElement\":[{\"@type\":\"ListItem\",\"position\":1,\"name\":\"Home\",\"item\":\"https:\\\/\\\/lindaotterstedt.com\\\/sv\\\/\"},{\"@type\":\"ListItem\",\"position\":2,\"name\":\"Weekend i vackra \u00c5re\"}]},{\"@type\":\"WebSite\",\"@id\":\"https:\\\/\\\/lindaotterstedt.com\\\/sv\\\/#website\",\"url\":\"https:\\\/\\\/lindaotterstedt.com\\\/sv\\\/\",\"name\":\"Linda Otterstedt Photography\",\"description\":\"Photography for generations to come\",\"publisher\":{\"@id\":\"https:\\\/\\\/lindaotterstedt.com\\\/sv\\\/#organization\"},\"potentialAction\":[{\"@type\":\"SearchAction\",\"target\":{\"@type\":\"EntryPoint\",\"urlTemplate\":\"https:\\\/\\\/lindaotterstedt.com\\\/sv\\\/?s={search_term_string}\"},\"query-input\":{\"@type\":\"PropertyValueSpecification\",\"valueRequired\":true,\"valueName\":\"search_term_string\"}}],\"inLanguage\":\"sv-SE\"},{\"@type\":\"Organization\",\"@id\":\"https:\\\/\\\/lindaotterstedt.com\\\/sv\\\/#organization\",\"name\":\"Linda Otterstedt Photography\",\"alternateName\":\"LOP\",\"url\":\"https:\\\/\\\/lindaotterstedt.com\\\/sv\\\/\",\"logo\":{\"@type\":\"ImageObject\",\"inLanguage\":\"sv-SE\",\"@id\":\"https:\\\/\\\/lindaotterstedt.com\\\/sv\\\/#\\\/schema\\\/logo\\\/image\\\/\",\"url\":\"https:\\\/\\\/lindaotterstedt.com\\\/wp-content\\\/uploads\\\/2023\\\/03\\\/1400_LOGO_Linda_Otterstedt_Standard_Logo_Transparent-copy.png\",\"contentUrl\":\"https:\\\/\\\/lindaotterstedt.com\\\/wp-content\\\/uploads\\\/2023\\\/03\\\/1400_LOGO_Linda_Otterstedt_Standard_Logo_Transparent-copy.png\",\"width\":2684,\"height\":1400,\"caption\":\"Linda Otterstedt Photography\"},\"image\":{\"@id\":\"https:\\\/\\\/lindaotterstedt.com\\\/sv\\\/#\\\/schema\\\/logo\\\/image\\\/\"},\"sameAs\":[\"https:\\\/\\\/www.facebook.com\\\/lindaotterstedtphotography\",\"https:\\\/\\\/www.instagram.com\\\/worldphotographer\",\"https:\\\/\\\/www.instagram.com\\\/worldphotographer_weddings\",\"https:\\\/\\\/www.linkedin.com\\\/in\\\/linda-otterstedt-1886235\\\/\"]},{\"@type\":\"Person\",\"@id\":\"https:\\\/\\\/lindaotterstedt.com\\\/sv\\\/#\\\/schema\\\/person\\\/a8bc2e1a05abd2ffa46fddaa8cb4e2c3\",\"name\":\"Linda Otterstedt\"}]}<\/script>\n<!-- \/ Yoast SEO plugin. -->","yoast_head_json":{"title":"Weekend i vackra \u00c5re - Linda Otterstedt Photography","robots":{"index":"index","follow":"follow","max-snippet":"max-snippet:-1","max-image-preview":"max-image-preview:large","max-video-preview":"max-video-preview:-1"},"canonical":"https:\/\/lindaotterstedt.com\/sv\/weekend-i-vackra-are\/","og_locale":"sv_SE","og_type":"article","og_title":"Weekend i vackra \u00c5re - Linda Otterstedt Photography","og_description":"Jag tror att jag precis har uppt\u00e4ckt \u00c5re. En vacker by i norra Sverige eller egentligen inte norra Sverige. \u00c5re ligger n\u00e4stan exakt mitt i Sverige, halvv\u00e4gs till slutet av detta enorma, l\u00e5nga land. S\u00e5 f\u00f6rra helgen hade jag en helg i vackra \u00c5re med min syster och fyra andra v\u00e4nner. Dagen vi anl\u00e4nde b\u00f6rjade [&hellip;]","og_url":"https:\/\/lindaotterstedt.com\/sv\/weekend-i-vackra-are\/","og_site_name":"Linda Otterstedt Photography","article_publisher":"https:\/\/www.facebook.com\/lindaotterstedtphotography","article_published_time":"2024-03-27T21:35:00+00:00","article_modified_time":"2024-03-28T14:17:53+00:00","og_image":[{"width":2000,"height":1331,"url":"https:\/\/lindaotterstedt.com\/wp-content\/uploads\/2024\/03\/240323-Are-5404-e1711614088365.jpg","type":"image\/jpeg"}],"author":"Linda Otterstedt","twitter_card":"summary_large_image","twitter_misc":{"Skriven av":"Linda Otterstedt","Ber\u00e4knad l\u00e4stid":"4 minuter"},"schema":{"@context":"https:\/\/schema.org","@graph":[{"@type":"Article","@id":"https:\/\/lindaotterstedt.com\/sv\/weekend-i-vackra-are\/#article","isPartOf":{"@id":"https:\/\/lindaotterstedt.com\/sv\/weekend-i-vackra-are\/"},"author":{"name":"Linda Otterstedt","@id":"https:\/\/lindaotterstedt.com\/sv\/#\/schema\/person\/a8bc2e1a05abd2ffa46fddaa8cb4e2c3"},"headline":"Weekend i vackra \u00c5re","datePublished":"2024-03-27T21:35:00+00:00","dateModified":"2024-03-28T14:17:53+00:00","mainEntityOfPage":{"@id":"https:\/\/lindaotterstedt.com\/sv\/weekend-i-vackra-are\/"},"wordCount":765,"publisher":{"@id":"https:\/\/lindaotterstedt.com\/sv\/#organization"},"image":{"@id":"https:\/\/lindaotterstedt.com\/sv\/weekend-i-vackra-are\/#primaryimage"},"thumbnailUrl":"https:\/\/lindaotterstedt.com\/wp-content\/uploads\/2024\/03\/240323-Are-5404-e1711614088365.jpg","articleSection":["Mitt liv"],"inLanguage":"sv-SE"},{"@type":"WebPage","@id":"https:\/\/lindaotterstedt.com\/sv\/weekend-i-vackra-are\/","url":"https:\/\/lindaotterstedt.com\/sv\/weekend-i-vackra-are\/","name":"Weekend i vackra \u00c5re - Linda Otterstedt Photography","isPartOf":{"@id":"https:\/\/lindaotterstedt.com\/sv\/#website"},"primaryImageOfPage":{"@id":"https:\/\/lindaotterstedt.com\/sv\/weekend-i-vackra-are\/#primaryimage"},"image":{"@id":"https:\/\/lindaotterstedt.com\/sv\/weekend-i-vackra-are\/#primaryimage"},"thumbnailUrl":"https:\/\/lindaotterstedt.com\/wp-content\/uploads\/2024\/03\/240323-Are-5404-e1711614088365.jpg","datePublished":"2024-03-27T21:35:00+00:00","dateModified":"2024-03-28T14:17:53+00:00","breadcrumb":{"@id":"https:\/\/lindaotterstedt.com\/sv\/weekend-i-vackra-are\/#breadcrumb"},"inLanguage":"sv-SE","potentialAction":[{"@type":"ReadAction","target":["https:\/\/lindaotterstedt.com\/sv\/weekend-i-vackra-are\/"]}]},{"@type":"ImageObject","inLanguage":"sv-SE","@id":"https:\/\/lindaotterstedt.com\/sv\/weekend-i-vackra-are\/#primaryimage","url":"https:\/\/lindaotterstedt.com\/wp-content\/uploads\/2024\/03\/240323-Are-5404-e1711614088365.jpg","contentUrl":"https:\/\/lindaotterstedt.com\/wp-content\/uploads\/2024\/03\/240323-Are-5404-e1711614088365.jpg","width":2000,"height":1331,"caption":"Cottage in \u00c5re"},{"@type":"BreadcrumbList","@id":"https:\/\/lindaotterstedt.com\/sv\/weekend-i-vackra-are\/#breadcrumb","itemListElement":[{"@type":"ListItem","position":1,"name":"Home","item":"https:\/\/lindaotterstedt.com\/sv\/"},{"@type":"ListItem","position":2,"name":"Weekend i vackra \u00c5re"}]},{"@type":"WebSite","@id":"https:\/\/lindaotterstedt.com\/sv\/#website","url":"https:\/\/lindaotterstedt.com\/sv\/","name":"Linda Otterstedt Photography","description":"Photography for generations to come","publisher":{"@id":"https:\/\/lindaotterstedt.com\/sv\/#organization"},"potentialAction":[{"@type":"SearchAction","target":{"@type":"EntryPoint","urlTemplate":"https:\/\/lindaotterstedt.com\/sv\/?s={search_term_string}"},"query-input":{"@type":"PropertyValueSpecification","valueRequired":true,"valueName":"search_term_string"}}],"inLanguage":"sv-SE"},{"@type":"Organization","@id":"https:\/\/lindaotterstedt.com\/sv\/#organization","name":"Linda Otterstedt Photography","alternateName":"LOP","url":"https:\/\/lindaotterstedt.com\/sv\/","logo":{"@type":"ImageObject","inLanguage":"sv-SE","@id":"https:\/\/lindaotterstedt.com\/sv\/#\/schema\/logo\/image\/","url":"https:\/\/lindaotterstedt.com\/wp-content\/uploads\/2023\/03\/1400_LOGO_Linda_Otterstedt_Standard_Logo_Transparent-copy.png","contentUrl":"https:\/\/lindaotterstedt.com\/wp-content\/uploads\/2023\/03\/1400_LOGO_Linda_Otterstedt_Standard_Logo_Transparent-copy.png","width":2684,"height":1400,"caption":"Linda Otterstedt Photography"},"image":{"@id":"https:\/\/lindaotterstedt.com\/sv\/#\/schema\/logo\/image\/"},"sameAs":["https:\/\/www.facebook.com\/lindaotterstedtphotography","https:\/\/www.instagram.com\/worldphotographer","https:\/\/www.instagram.com\/worldphotographer_weddings","https:\/\/www.linkedin.com\/in\/linda-otterstedt-1886235\/"]},{"@type":"Person","@id":"https:\/\/lindaotterstedt.com\/sv\/#\/schema\/person\/a8bc2e1a05abd2ffa46fddaa8cb4e2c3","name":"Linda Otterstedt"}]}},"_links":{"self":[{"href":"https:\/\/lindaotterstedt.com\/sv\/wp-json\/wp\/v2\/posts\/7431","targetHints":{"allow":["GET"]}}],"collection":[{"href":"https:\/\/lindaotterstedt.com\/sv\/wp-json\/wp\/v2\/posts"}],"about":[{"href":"https:\/\/lindaotterstedt.com\/sv\/wp-json\/wp\/v2\/types\/post"}],"author":[{"embeddable":true,"href":"https:\/\/lindaotterstedt.com\/sv\/wp-json\/wp\/v2\/users\/7"}],"replies":[{"embeddable":true,"href":"https:\/\/lindaotterstedt.com\/sv\/wp-json\/wp\/v2\/comments?post=7431"}],"version-history":[{"count":8,"href":"https:\/\/lindaotterstedt.com\/sv\/wp-json\/wp\/v2\/posts\/7431\/revisions"}],"predecessor-version":[{"id":7442,"href":"https:\/\/lindaotterstedt.com\/sv\/wp-json\/wp\/v2\/posts\/7431\/revisions\/7442"}],"wp:featuredmedia":[{"embeddable":true,"href":"https:\/\/lindaotterstedt.com\/sv\/wp-json\/wp\/v2\/media\/7334"}],"wp:attachment":[{"href":"https:\/\/lindaotterstedt.com\/sv\/wp-json\/wp\/v2\/media?parent=7431"}],"wp:term":[{"taxonomy":"category","embeddable":true,"href":"https:\/\/lindaotterstedt.com\/sv\/wp-json\/wp\/v2\/categories?post=7431"},{"taxonomy":"post_tag","embeddable":true,"href":"https:\/\/lindaotterstedt.com\/sv\/wp-json\/wp\/v2\/tags?post=7431"}],"curies":[{"name":"wp","href":"https:\/\/api.w.org\/{rel}","templated":true}]}}