{"id":7763,"date":"2024-05-29T15:14:26","date_gmt":"2024-05-29T13:14:26","guid":{"rendered":"https:\/\/lindaotterstedt.com\/profilfotografering\/"},"modified":"2024-10-08T20:08:50","modified_gmt":"2024-10-08T18:08:50","slug":"profilfotografering","status":"publish","type":"post","link":"https:\/\/lindaotterstedt.com\/sv\/profilfotografering\/","title":{"rendered":"Profilfotografering"},"content":{"rendered":"\n<p class=\"wp-block-paragraph\">Vem vill INTE se bra ut p\u00e5 LinkedIn, Facebook, Instagram, TikTok, Tinder, p\u00e5 jobbet, p\u00e5 Teams, i din \u00e5rsredovisning eller kanske n\u00e5gon vill ha ett fint foto av dig i pressen. Jag erbjuder profilfotografering i min studio eller utomhus. Jag kan komma till ditt kontor, till en park eller var du vill f\u00f6r att g\u00f6ra en fotografering.<\/p>\n\n<figure class=\"wp-block-image size-large\"><img loading=\"lazy\" decoding=\"async\" width=\"1024\" height=\"681\" src=\"https:\/\/lindaotterstedt.com\/wp-content\/uploads\/2024\/05\/DSC_2335-1-1024x681.jpg\" alt=\"F&#xF6;retagsfotografering Danderyd\" class=\"wp-image-7813\" srcset=\"https:\/\/lindaotterstedt.com\/wp-content\/uploads\/2024\/05\/DSC_2335-1-980x652.jpg 980w, https:\/\/lindaotterstedt.com\/wp-content\/uploads\/2024\/05\/DSC_2335-1-480x319.jpg 480w\" sizes=\"(min-width: 0px) and (max-width: 480px) 480px, (min-width: 481px) and (max-width: 980px) 980px, (min-width: 981px) 1024px, 100vw\" \/><figcaption class=\"wp-element-caption\">Profilfoto hemma.<\/figcaption><\/figure>\n\n<p class=\"wp-block-paragraph\"><\/p>\n\n<figure class=\"wp-block-gallery has-nested-images columns-default is-cropped wp-block-gallery-1 is-layout-flex wp-block-gallery-is-layout-flex\">\n<figure class=\"wp-block-image size-large\"><img loading=\"lazy\" decoding=\"async\" width=\"681\" height=\"1024\" data-id=\"8286\" src=\"https:\/\/lindaotterstedt.com\/wp-content\/uploads\/2024\/10\/240821-VHA-Konsult-Farg-LU-9556-681x1024.jpg\" alt=\"F&#xF6;retagsfotografering\" class=\"wp-image-8286\" srcset=\"https:\/\/lindaotterstedt.com\/wp-content\/uploads\/2024\/10\/240821-VHA-Konsult-Farg-LU-9556-681x1024.jpg 681w, https:\/\/lindaotterstedt.com\/wp-content\/uploads\/2024\/10\/240821-VHA-Konsult-Farg-LU-9556-480x722.jpg 480w\" sizes=\"(min-width: 0px) and (max-width: 480px) 480px, (min-width: 481px) 681px, 100vw\" \/><\/figure>\n\n\n\n<figure class=\"wp-block-image size-large\"><img loading=\"lazy\" decoding=\"async\" width=\"681\" height=\"1024\" data-id=\"8284\" src=\"https:\/\/lindaotterstedt.com\/wp-content\/uploads\/2024\/10\/240821-VHA-Farg-LU-9512-681x1024.jpg\" alt=\"F&#xF6;retagsfotografering\" class=\"wp-image-8284\" srcset=\"https:\/\/lindaotterstedt.com\/wp-content\/uploads\/2024\/10\/240821-VHA-Farg-LU-9512-681x1024.jpg 681w, https:\/\/lindaotterstedt.com\/wp-content\/uploads\/2024\/10\/240821-VHA-Farg-LU-9512-480x722.jpg 480w\" sizes=\"(min-width: 0px) and (max-width: 480px) 480px, (min-width: 481px) 681px, 100vw\" \/><\/figure>\n\n\n\n<figure class=\"wp-block-image size-large\"><img loading=\"lazy\" decoding=\"async\" width=\"681\" height=\"1024\" data-id=\"8282\" src=\"https:\/\/lindaotterstedt.com\/wp-content\/uploads\/2024\/10\/240821-VHA-Farg-LU-9479-681x1024.jpg\" alt=\"Profilfotografering\" class=\"wp-image-8282\" srcset=\"https:\/\/lindaotterstedt.com\/wp-content\/uploads\/2024\/10\/240821-VHA-Farg-LU-9479-681x1024.jpg 681w, https:\/\/lindaotterstedt.com\/wp-content\/uploads\/2024\/10\/240821-VHA-Farg-LU-9479-480x722.jpg 480w\" sizes=\"(min-width: 0px) and (max-width: 480px) 480px, (min-width: 481px) 681px, 100vw\" \/><\/figure>\n\n\n\n<figure class=\"wp-block-image size-large\"><img loading=\"lazy\" decoding=\"async\" width=\"681\" height=\"1024\" data-id=\"8278\" src=\"https:\/\/lindaotterstedt.com\/wp-content\/uploads\/2024\/10\/240821-VHA-Farg-LU-9838-681x1024.jpg\" alt=\"Profilfotograf\" class=\"wp-image-8278\" srcset=\"https:\/\/lindaotterstedt.com\/wp-content\/uploads\/2024\/10\/240821-VHA-Farg-LU-9838-681x1024.jpg 681w, https:\/\/lindaotterstedt.com\/wp-content\/uploads\/2024\/10\/240821-VHA-Farg-LU-9838-480x722.jpg 480w\" sizes=\"(min-width: 0px) and (max-width: 480px) 480px, (min-width: 481px) 681px, 100vw\" \/><figcaption class=\"wp-element-caption\">Inredningsbilder f\u00f6r <a href=\"http:\/\/vhakonsult.se\">VHA Konsult<\/a> <a href=\"https:\/\/www.berghs.se\">Berghs SOC<\/a> lokaler.<\/figcaption><\/figure>\n<\/figure>\n\n<p class=\"wp-block-paragraph\"><\/p>\n\n<figure class=\"wp-block-gallery has-nested-images columns-default is-cropped wp-block-gallery-2 is-layout-flex wp-block-gallery-is-layout-flex\">\n<figure class=\"wp-block-image size-large\"><img loading=\"lazy\" decoding=\"async\" width=\"819\" height=\"1024\" data-id=\"7041\" src=\"https:\/\/lindaotterstedt.com\/wp-content\/uploads\/2024\/02\/profilfotografering-headshot-styrelse-foretagsfotografering-studiofotograf-1344-819x1024.jpg\" alt=\"F&#xF6;retagsfotograf Stockholm\" class=\"wp-image-7041\"\/><\/figure>\n\n\n\n<figure class=\"wp-block-image size-large\"><img loading=\"lazy\" decoding=\"async\" width=\"682\" height=\"1024\" data-id=\"7039\" src=\"https:\/\/lindaotterstedt.com\/wp-content\/uploads\/2024\/02\/profilfotografering-headshot-styrelse-foretagsfotografering-studiofotograf-1335-682x1024.jpg\" alt=\"Profilfotografering Stockholm\" class=\"wp-image-7039\"\/><\/figure>\n<\/figure>\n\n<p class=\"wp-block-paragraph\"><\/p>\n\n<figure class=\"wp-block-image size-large\"><img loading=\"lazy\" decoding=\"async\" width=\"819\" height=\"1024\" src=\"https:\/\/lindaotterstedt.com\/wp-content\/uploads\/2024\/04\/Caroline-LU--819x1024.jpg\" alt=\"Profilbilder Stockholm\" class=\"wp-image-7519\"\/><figcaption class=\"wp-element-caption\">Profilbild f\u00f6r en bok av en f\u00f6rfattare: <a href=\"https:\/\/syntes-samtal.se\">Syntes Samtal <\/a> <\/figcaption><\/figure>\n\n<h2 class=\"wp-block-heading\"><strong>Varf\u00f6r nya portr\u00e4tt eller foton f\u00f6r din webbplats?<\/strong><\/h2>\n\n<figure class=\"wp-block-gallery has-nested-images columns-default is-cropped wp-block-gallery-3 is-layout-flex wp-block-gallery-is-layout-flex\">\n<figure class=\"wp-block-image aligncenter size-large\"><img loading=\"lazy\" decoding=\"async\" width=\"819\" height=\"1024\" data-id=\"7774\" src=\"https:\/\/lindaotterstedt.com\/wp-content\/uploads\/2024\/05\/Katarina-Tisell-LU-Farg-3-819x1024.jpg\" alt=\"\" class=\"wp-image-7774\"\/><\/figure>\n\n\n\n<figure class=\"wp-block-image size-large\"><img loading=\"lazy\" decoding=\"async\" width=\"681\" height=\"1024\" data-id=\"7776\" src=\"https:\/\/lindaotterstedt.com\/wp-content\/uploads\/2024\/05\/Katarina-Tisell-LU-Farg-1694-681x1024.jpg\" alt=\"\" class=\"wp-image-7776\"\/><\/figure>\n<\/figure>\n\n<p class=\"wp-block-paragraph\"><\/p>\n\n<h2 class=\"wp-block-heading\"><strong>1. Uppdatera din professionella image:<\/strong><\/h2>\n\n<p class=\"wp-block-paragraph\">Ditt portr\u00e4tt \u00e4r ofta det f\u00f6rsta intrycket m\u00e4nniskor f\u00e5r av dig, s\u00e4rskilt i professionella sammanhang som LinkedIn eller p\u00e5 f\u00f6retagswebbplatser. Genom att uppdatera ditt portr\u00e4tt kan du presentera en mer aktuell och professionell bild av dig sj\u00e4lv.<\/p>\n\n<figure class=\"wp-block-gallery has-nested-images columns-default is-cropped wp-block-gallery-4 is-layout-flex wp-block-gallery-is-layout-flex\">\n<figure class=\"wp-block-image aligncenter size-large\"><img loading=\"lazy\" decoding=\"async\" width=\"681\" height=\"1024\" data-id=\"7743\" src=\"https:\/\/lindaotterstedt.com\/wp-content\/uploads\/2024\/05\/Michaela-and-Elizabeth-LR-6826-681x1024.jpg\" alt=\"\" class=\"wp-image-7743\"\/><\/figure>\n\n\n\n<figure class=\"wp-block-image size-large\"><img loading=\"lazy\" decoding=\"async\" width=\"681\" height=\"1024\" data-id=\"7745\" src=\"https:\/\/lindaotterstedt.com\/wp-content\/uploads\/2024\/05\/Michaela-and-Elizabeth-LR-6986-681x1024.jpg\" alt=\"\" class=\"wp-image-7745\"\/><figcaption class=\"wp-element-caption\">Profilfotografering i min studio<\/figcaption><\/figure>\n\n\n\n<figure class=\"wp-block-image size-large\"><img loading=\"lazy\" decoding=\"async\" width=\"681\" height=\"1024\" data-id=\"7747\" src=\"https:\/\/lindaotterstedt.com\/wp-content\/uploads\/2024\/05\/Michaela-and-Elizabeth-LR-6888-1-681x1024.jpg\" alt=\"\" class=\"wp-image-7747\"\/><\/figure>\n<\/figure>\n\n<p class=\"wp-block-paragraph\"><\/p>\n\n<h2 class=\"wp-block-heading\"><strong>2. Spegla f\u00f6r\u00e4ndringar i ditt utseende:<\/strong> <\/h2>\n\n<p class=\"wp-block-paragraph\">Om du har bytt frisyr, g\u00e5tt ner eller upp i vikt eller gjort andra betydande f\u00f6r\u00e4ndringar i ditt utseende sedan din senaste fotografering kan det vara bra att ta en ny f\u00f6r att s\u00e4kerst\u00e4lla att ditt foto korrekt \u00e5terspeglar ditt nuvarande utseende.<\/p>\n\n<figure class=\"wp-block-image aligncenter size-large\"><img loading=\"lazy\" decoding=\"async\" width=\"819\" height=\"1024\" src=\"https:\/\/lindaotterstedt.com\/wp-content\/uploads\/2024\/05\/Profilbild-Johanna-LR-LOP-2108-819x1024.jpg\" alt=\"\" class=\"wp-image-7749\" srcset=\"https:\/\/lindaotterstedt.com\/wp-content\/uploads\/2024\/05\/Profilbild-Johanna-LR-LOP-2108-819x1024.jpg 819w, https:\/\/lindaotterstedt.com\/wp-content\/uploads\/2024\/05\/Profilbild-Johanna-LR-LOP-2108-480x600.jpg 480w\" sizes=\"(min-width: 0px) and (max-width: 480px) 480px, (min-width: 481px) 819px, 100vw\" \/><figcaption class=\"wp-element-caption\">Profilfotografering p\u00e5 kontoret f\u00f6r <a href=\"https:\/\/www.danderydfamiljeradgivning.se\">Familjer\u00e5dgivning och Psykoterapi i Danderyd<\/a><\/figcaption><\/figure>\n\n<h2 class=\"wp-block-heading\"><strong>3. Visa din personlighet:<\/strong><\/h2>\n\n<p class=\"wp-block-paragraph\">Portr\u00e4ttbilder kan ocks\u00e5 vara ett tillf\u00e4lle att visa upp din personlighet och f\u00f6rmedla en k\u00e4nsla av vem du \u00e4r till potentiella kunder eller arbetsgivare. Genom att uppdatera ditt portr\u00e4tt kan du vara ditt b\u00e4sta jag och g\u00f6ra ett starkt intryck p\u00e5 den person du vill n\u00e5 ut till.<\/p>\n\n<figure class=\"wp-block-gallery has-nested-images columns-default is-cropped wp-block-gallery-5 is-layout-flex wp-block-gallery-is-layout-flex\">\n<figure class=\"wp-block-image aligncenter size-large\"><img loading=\"lazy\" decoding=\"async\" width=\"681\" height=\"1024\" data-id=\"7751\" src=\"https:\/\/lindaotterstedt.com\/wp-content\/uploads\/2024\/05\/DSC_2225-681x1024.jpg\" alt=\"\" class=\"wp-image-7751\"\/><figcaption class=\"wp-element-caption\">Anpassa dina foton f\u00f6r: <a href=\"https:\/\/www.homebynox.com\" target=\"_blank\" rel=\"noreferrer noopener\">HOME BY NOX<\/a><\/figcaption><\/figure>\n\n\n\n<figure class=\"wp-block-image size-large\"><img loading=\"lazy\" decoding=\"async\" width=\"681\" height=\"1024\" data-id=\"7752\" src=\"https:\/\/lindaotterstedt.com\/wp-content\/uploads\/2024\/05\/DSC_2460-2-681x1024.jpg\" alt=\"\" class=\"wp-image-7752\"\/><figcaption class=\"wp-element-caption\">Din huvudbild kommer ocks\u00e5 i BW.<\/figcaption><\/figure>\n<\/figure>\n\n<p class=\"wp-block-paragraph\"><\/p>\n\n<h2 class=\"wp-block-heading\"><strong>4. H\u00e5ll dig konkurrenskraftig:<\/strong><\/h2>\n\n<p class=\"wp-block-paragraph\">P\u00e5 dagens konkurrensutsatta arbetsmarknad kan en h\u00f6gkvalitativ och aktuell bild skilja dig fr\u00e5n andra kandidater och \u00f6ka dina chanser att bli uppm\u00e4rksammad av rekryterare eller anst\u00e4llande chefer.<\/p>\n\n<figure class=\"wp-block-image aligncenter size-large\"><img loading=\"lazy\" decoding=\"async\" width=\"681\" height=\"1024\" src=\"https:\/\/lindaotterstedt.com\/wp-content\/uploads\/2024\/05\/240614-Stroms-tandlakeri-Farg-HU-2-681x1024.jpg\" alt=\"Profilbild\" class=\"wp-image-8295\"\/><figcaption class=\"wp-element-caption\">Profilbild tagen i studion<\/figcaption><\/figure>\n\n<h2 class=\"wp-block-heading\"><strong>Hur ska du kl\u00e4 dig f\u00f6r din profilfotografering?<\/strong><\/h2>\n\n<p class=\"wp-block-paragraph\">Kl\u00e4derna du b\u00e4r p\u00e5 din fotografering kan ha stor inverkan p\u00e5 bildernas \u00f6vergripande utseende och k\u00e4nsla. <\/p>\n\n<ul class=\"wp-block-list\">\n<li><strong>H\u00e5ll det enkelt<\/strong><\/li>\n\n\n\n<li><strong>H\u00e5ll dig till neutrala f\u00e4rger<\/strong><\/li>\n\n\n\n<li><strong>Kl\u00e4 dig p\u00e5 l\u00e4mpligt s\u00e4tt f\u00f6r din bransch<\/strong><\/li>\n\n\n\n<li><strong>T\u00e4nk p\u00e5 halsringningen<\/strong><\/li>\n\n\n\n<li><strong>Var uppm\u00e4rksam p\u00e5 passformen<\/strong><\/li>\n<\/ul>\n\n<figure class=\"wp-block-image aligncenter size-large\"><img loading=\"lazy\" decoding=\"async\" width=\"819\" height=\"1024\" src=\"https:\/\/lindaotterstedt.com\/wp-content\/uploads\/2024\/05\/240429-Olga-Nagy-LU-7658-819x1024.jpg\" alt=\"\" class=\"wp-image-7756\" srcset=\"https:\/\/lindaotterstedt.com\/wp-content\/uploads\/2024\/05\/240429-Olga-Nagy-LU-7658-819x1024.jpg 819w, https:\/\/lindaotterstedt.com\/wp-content\/uploads\/2024\/05\/240429-Olga-Nagy-LU-7658-480x600.jpg 480w\" sizes=\"(min-width: 0px) and (max-width: 480px) 480px, (min-width: 481px) 819px, 100vw\" \/><figcaption class=\"wp-element-caption\">Profilbilder f\u00f6r press och \u00e5rsredovisningar<\/figcaption><\/figure>\n\n<h2 class=\"wp-block-heading\">K\u00e4nner du dig obekv\u00e4m framf\u00f6r kameran?<\/h2>\n\n<p class=\"wp-block-paragraph\">M\u00e5nga m\u00e4nniskor kommer till mig och det f\u00f6rsta de s\u00e4ger \u00e4r: &#8221;Jag tycker inte om att bli fotograferad och jag tycker det \u00e4r jobbigt att st\u00e5 framf\u00f6r kameran.&#8221; \u00c4r det n\u00e5got du k\u00e4nner igen? Jag har l\u00e5ng erfarenhet av att ta profilbilder och du kommer inte att k\u00e4nna dig obekv\u00e4m inf\u00f6r mig, det lovar jag. Jag \u00e4r h\u00e4r f\u00f6r att hj\u00e4lpa dig och f\u00f6r att f\u00e5 dig att k\u00e4nna dig lugn och avslappnad, det \u00e4r d\u00e4rf\u00f6r du v\u00e4ljer en professionell fotograf och inte en v\u00e4n eller din egen iPhone.  <\/p>\n\n<figure class=\"wp-block-image aligncenter size-large\"><img loading=\"lazy\" decoding=\"async\" width=\"819\" height=\"1024\" src=\"https:\/\/lindaotterstedt.com\/wp-content\/uploads\/2024\/05\/fotografstockholm-foretagsfoto-linkedin-profilfoto-profilfotograf-819x1024.jpg\" alt=\"\" class=\"wp-image-7758\" srcset=\"https:\/\/lindaotterstedt.com\/wp-content\/uploads\/2024\/05\/fotografstockholm-foretagsfoto-linkedin-profilfoto-profilfotograf-819x1024.jpg 819w, https:\/\/lindaotterstedt.com\/wp-content\/uploads\/2024\/05\/fotografstockholm-foretagsfoto-linkedin-profilfoto-profilfotograf-480x600.jpg 480w\" sizes=\"(min-width: 0px) and (max-width: 480px) 480px, (min-width: 481px) 819px, 100vw\" \/><figcaption class=\"wp-element-caption\">Portr\u00e4tt utomhus<\/figcaption><\/figure>\n\n<h2 class=\"wp-block-heading\">Hur bokar jag en fotografering?<\/h2>\n\n<p class=\"wp-block-paragraph\">Du kan skicka ett e-postmeddelande till mig: linda@lindaotterstedt.com eller <a href=\"https:\/\/lindaotterstedt.com\/sv\/kontakt\/\">klicka p\u00e5 den h\u00e4r l\u00e4nken<\/a> f\u00f6r att fylla i ett formul\u00e4r p\u00e5 min webbplats. V\u00e4lkommen! \/LINDA\n <\/p>\n\n<p class=\"wp-block-paragraph\"><\/p>\n\n<p class=\"wp-block-paragraph\"><\/p>\n","protected":false},"excerpt":{"rendered":"<p>Vem vill INTE se bra ut p\u00e5 LinkedIn, Facebook, Instagram, TikTok, Tinder, p\u00e5 jobbet, p\u00e5 Teams, i din \u00e5rsredovisning eller kanske n\u00e5gon vill ha ett fint foto av dig i pressen. Jag erbjuder profilfotografering i min studio eller utomhus. Jag kan komma till ditt kontor, till en park eller var du vill f\u00f6r att g\u00f6ra [&hellip;]<\/p>\n","protected":false},"author":7,"featured_media":8277,"comment_status":"closed","ping_status":"open","sticky":false,"template":"","format":"standard","meta":{"_et_pb_use_builder":"","_et_pb_old_content":"","_et_gb_content_width":"","footnotes":""},"categories":[88],"tags":[],"class_list":["post-7763","post","type-post","status-publish","format-standard","has-post-thumbnail","hentry","category-profil-bilder"],"yoast_head":"<!-- This site is optimized with the Yoast SEO plugin v28.2 - https:\/\/yoast.com\/product\/yoast-seo-wordpress\/ -->\n<title>Profilfotografering - Linda Otterstedt Photography<\/title>\n<meta name=\"robots\" content=\"index, follow, max-snippet:-1, max-image-preview:large, max-video-preview:-1\" \/>\n<link rel=\"canonical\" href=\"https:\/\/lindaotterstedt.com\/sv\/profilfotografering\/\" \/>\n<meta property=\"og:locale\" content=\"sv_SE\" \/>\n<meta property=\"og:type\" content=\"article\" \/>\n<meta property=\"og:title\" content=\"Profilfotografering - Linda Otterstedt Photography\" \/>\n<meta property=\"og:description\" content=\"Vem vill INTE se bra ut p\u00e5 LinkedIn, Facebook, Instagram, TikTok, Tinder, p\u00e5 jobbet, p\u00e5 Teams, i din \u00e5rsredovisning eller kanske n\u00e5gon vill ha ett fint foto av dig i pressen. Jag erbjuder profilfotografering i min studio eller utomhus. Jag kan komma till ditt kontor, till en park eller var du vill f\u00f6r att g\u00f6ra [&hellip;]\" \/>\n<meta property=\"og:url\" content=\"https:\/\/lindaotterstedt.com\/sv\/profilfotografering\/\" \/>\n<meta property=\"og:site_name\" content=\"Linda Otterstedt Photography\" \/>\n<meta property=\"article:publisher\" content=\"https:\/\/www.facebook.com\/lindaotterstedtphotography\" \/>\n<meta property=\"article:published_time\" content=\"2024-05-29T13:14:26+00:00\" \/>\n<meta property=\"article:modified_time\" content=\"2024-10-08T18:08:50+00:00\" \/>\n<meta property=\"og:image\" content=\"https:\/\/lindaotterstedt.com\/wp-content\/uploads\/2024\/10\/240821-VHA-Farg-LU-9796.jpg\" \/>\n\t<meta property=\"og:image:width\" content=\"1200\" \/>\n\t<meta property=\"og:image:height\" content=\"798\" \/>\n\t<meta property=\"og:image:type\" content=\"image\/jpeg\" \/>\n<meta name=\"author\" content=\"Linda Otterstedt\" \/>\n<meta name=\"twitter:card\" content=\"summary_large_image\" \/>\n<meta name=\"twitter:label1\" content=\"Skriven av\" \/>\n\t<meta name=\"twitter:data1\" content=\"Linda Otterstedt\" \/>\n\t<meta name=\"twitter:label2\" content=\"Ber\u00e4knad l\u00e4stid\" \/>\n\t<meta name=\"twitter:data2\" content=\"3 minuter\" \/>\n<script type=\"application\/ld+json\" class=\"yoast-schema-graph\">{\"@context\":\"https:\\\/\\\/schema.org\",\"@graph\":[{\"@type\":\"Article\",\"@id\":\"https:\\\/\\\/lindaotterstedt.com\\\/sv\\\/profilfotografering\\\/#article\",\"isPartOf\":{\"@id\":\"https:\\\/\\\/lindaotterstedt.com\\\/sv\\\/profilfotografering\\\/\"},\"author\":{\"name\":\"Linda Otterstedt\",\"@id\":\"https:\\\/\\\/lindaotterstedt.com\\\/sv\\\/#\\\/schema\\\/person\\\/a8bc2e1a05abd2ffa46fddaa8cb4e2c3\"},\"headline\":\"Profilfotografering\",\"datePublished\":\"2024-05-29T13:14:26+00:00\",\"dateModified\":\"2024-10-08T18:08:50+00:00\",\"mainEntityOfPage\":{\"@id\":\"https:\\\/\\\/lindaotterstedt.com\\\/sv\\\/profilfotografering\\\/\"},\"wordCount\":546,\"publisher\":{\"@id\":\"https:\\\/\\\/lindaotterstedt.com\\\/sv\\\/#organization\"},\"image\":{\"@id\":\"https:\\\/\\\/lindaotterstedt.com\\\/sv\\\/profilfotografering\\\/#primaryimage\"},\"thumbnailUrl\":\"https:\\\/\\\/lindaotterstedt.com\\\/wp-content\\\/uploads\\\/2024\\\/10\\\/240821-VHA-Farg-LU-9796.jpg\",\"articleSection\":[\"Profil bilder\"],\"inLanguage\":\"sv-SE\"},{\"@type\":\"WebPage\",\"@id\":\"https:\\\/\\\/lindaotterstedt.com\\\/sv\\\/profilfotografering\\\/\",\"url\":\"https:\\\/\\\/lindaotterstedt.com\\\/sv\\\/profilfotografering\\\/\",\"name\":\"Profilfotografering - Linda Otterstedt Photography\",\"isPartOf\":{\"@id\":\"https:\\\/\\\/lindaotterstedt.com\\\/sv\\\/#website\"},\"primaryImageOfPage\":{\"@id\":\"https:\\\/\\\/lindaotterstedt.com\\\/sv\\\/profilfotografering\\\/#primaryimage\"},\"image\":{\"@id\":\"https:\\\/\\\/lindaotterstedt.com\\\/sv\\\/profilfotografering\\\/#primaryimage\"},\"thumbnailUrl\":\"https:\\\/\\\/lindaotterstedt.com\\\/wp-content\\\/uploads\\\/2024\\\/10\\\/240821-VHA-Farg-LU-9796.jpg\",\"datePublished\":\"2024-05-29T13:14:26+00:00\",\"dateModified\":\"2024-10-08T18:08:50+00:00\",\"breadcrumb\":{\"@id\":\"https:\\\/\\\/lindaotterstedt.com\\\/sv\\\/profilfotografering\\\/#breadcrumb\"},\"inLanguage\":\"sv-SE\",\"potentialAction\":[{\"@type\":\"ReadAction\",\"target\":[\"https:\\\/\\\/lindaotterstedt.com\\\/sv\\\/profilfotografering\\\/\"]}]},{\"@type\":\"ImageObject\",\"inLanguage\":\"sv-SE\",\"@id\":\"https:\\\/\\\/lindaotterstedt.com\\\/sv\\\/profilfotografering\\\/#primaryimage\",\"url\":\"https:\\\/\\\/lindaotterstedt.com\\\/wp-content\\\/uploads\\\/2024\\\/10\\\/240821-VHA-Farg-LU-9796.jpg\",\"contentUrl\":\"https:\\\/\\\/lindaotterstedt.com\\\/wp-content\\\/uploads\\\/2024\\\/10\\\/240821-VHA-Farg-LU-9796.jpg\",\"width\":1200,\"height\":798,\"caption\":\"Profilfotograf\"},{\"@type\":\"BreadcrumbList\",\"@id\":\"https:\\\/\\\/lindaotterstedt.com\\\/sv\\\/profilfotografering\\\/#breadcrumb\",\"itemListElement\":[{\"@type\":\"ListItem\",\"position\":1,\"name\":\"Home\",\"item\":\"https:\\\/\\\/lindaotterstedt.com\\\/sv\\\/\"},{\"@type\":\"ListItem\",\"position\":2,\"name\":\"Profilfotografering\"}]},{\"@type\":\"WebSite\",\"@id\":\"https:\\\/\\\/lindaotterstedt.com\\\/sv\\\/#website\",\"url\":\"https:\\\/\\\/lindaotterstedt.com\\\/sv\\\/\",\"name\":\"Linda Otterstedt Photography\",\"description\":\"Photography for generations to come\",\"publisher\":{\"@id\":\"https:\\\/\\\/lindaotterstedt.com\\\/sv\\\/#organization\"},\"potentialAction\":[{\"@type\":\"SearchAction\",\"target\":{\"@type\":\"EntryPoint\",\"urlTemplate\":\"https:\\\/\\\/lindaotterstedt.com\\\/sv\\\/?s={search_term_string}\"},\"query-input\":{\"@type\":\"PropertyValueSpecification\",\"valueRequired\":true,\"valueName\":\"search_term_string\"}}],\"inLanguage\":\"sv-SE\"},{\"@type\":\"Organization\",\"@id\":\"https:\\\/\\\/lindaotterstedt.com\\\/sv\\\/#organization\",\"name\":\"Linda Otterstedt Photography\",\"alternateName\":\"LOP\",\"url\":\"https:\\\/\\\/lindaotterstedt.com\\\/sv\\\/\",\"logo\":{\"@type\":\"ImageObject\",\"inLanguage\":\"sv-SE\",\"@id\":\"https:\\\/\\\/lindaotterstedt.com\\\/sv\\\/#\\\/schema\\\/logo\\\/image\\\/\",\"url\":\"https:\\\/\\\/lindaotterstedt.com\\\/wp-content\\\/uploads\\\/2023\\\/03\\\/1400_LOGO_Linda_Otterstedt_Standard_Logo_Transparent-copy.png\",\"contentUrl\":\"https:\\\/\\\/lindaotterstedt.com\\\/wp-content\\\/uploads\\\/2023\\\/03\\\/1400_LOGO_Linda_Otterstedt_Standard_Logo_Transparent-copy.png\",\"width\":2684,\"height\":1400,\"caption\":\"Linda Otterstedt Photography\"},\"image\":{\"@id\":\"https:\\\/\\\/lindaotterstedt.com\\\/sv\\\/#\\\/schema\\\/logo\\\/image\\\/\"},\"sameAs\":[\"https:\\\/\\\/www.facebook.com\\\/lindaotterstedtphotography\",\"https:\\\/\\\/www.instagram.com\\\/worldphotographer\",\"https:\\\/\\\/www.instagram.com\\\/worldphotographer_weddings\",\"https:\\\/\\\/www.linkedin.com\\\/in\\\/linda-otterstedt-1886235\\\/\"]},{\"@type\":\"Person\",\"@id\":\"https:\\\/\\\/lindaotterstedt.com\\\/sv\\\/#\\\/schema\\\/person\\\/a8bc2e1a05abd2ffa46fddaa8cb4e2c3\",\"name\":\"Linda Otterstedt\"}]}<\/script>\n<!-- \/ Yoast SEO plugin. -->","yoast_head_json":{"title":"Profilfotografering - Linda Otterstedt Photography","robots":{"index":"index","follow":"follow","max-snippet":"max-snippet:-1","max-image-preview":"max-image-preview:large","max-video-preview":"max-video-preview:-1"},"canonical":"https:\/\/lindaotterstedt.com\/sv\/profilfotografering\/","og_locale":"sv_SE","og_type":"article","og_title":"Profilfotografering - Linda Otterstedt Photography","og_description":"Vem vill INTE se bra ut p\u00e5 LinkedIn, Facebook, Instagram, TikTok, Tinder, p\u00e5 jobbet, p\u00e5 Teams, i din \u00e5rsredovisning eller kanske n\u00e5gon vill ha ett fint foto av dig i pressen. Jag erbjuder profilfotografering i min studio eller utomhus. Jag kan komma till ditt kontor, till en park eller var du vill f\u00f6r att g\u00f6ra [&hellip;]","og_url":"https:\/\/lindaotterstedt.com\/sv\/profilfotografering\/","og_site_name":"Linda Otterstedt Photography","article_publisher":"https:\/\/www.facebook.com\/lindaotterstedtphotography","article_published_time":"2024-05-29T13:14:26+00:00","article_modified_time":"2024-10-08T18:08:50+00:00","og_image":[{"width":1200,"height":798,"url":"https:\/\/lindaotterstedt.com\/wp-content\/uploads\/2024\/10\/240821-VHA-Farg-LU-9796.jpg","type":"image\/jpeg"}],"author":"Linda Otterstedt","twitter_card":"summary_large_image","twitter_misc":{"Skriven av":"Linda Otterstedt","Ber\u00e4knad l\u00e4stid":"3 minuter"},"schema":{"@context":"https:\/\/schema.org","@graph":[{"@type":"Article","@id":"https:\/\/lindaotterstedt.com\/sv\/profilfotografering\/#article","isPartOf":{"@id":"https:\/\/lindaotterstedt.com\/sv\/profilfotografering\/"},"author":{"name":"Linda Otterstedt","@id":"https:\/\/lindaotterstedt.com\/sv\/#\/schema\/person\/a8bc2e1a05abd2ffa46fddaa8cb4e2c3"},"headline":"Profilfotografering","datePublished":"2024-05-29T13:14:26+00:00","dateModified":"2024-10-08T18:08:50+00:00","mainEntityOfPage":{"@id":"https:\/\/lindaotterstedt.com\/sv\/profilfotografering\/"},"wordCount":546,"publisher":{"@id":"https:\/\/lindaotterstedt.com\/sv\/#organization"},"image":{"@id":"https:\/\/lindaotterstedt.com\/sv\/profilfotografering\/#primaryimage"},"thumbnailUrl":"https:\/\/lindaotterstedt.com\/wp-content\/uploads\/2024\/10\/240821-VHA-Farg-LU-9796.jpg","articleSection":["Profil bilder"],"inLanguage":"sv-SE"},{"@type":"WebPage","@id":"https:\/\/lindaotterstedt.com\/sv\/profilfotografering\/","url":"https:\/\/lindaotterstedt.com\/sv\/profilfotografering\/","name":"Profilfotografering - Linda Otterstedt Photography","isPartOf":{"@id":"https:\/\/lindaotterstedt.com\/sv\/#website"},"primaryImageOfPage":{"@id":"https:\/\/lindaotterstedt.com\/sv\/profilfotografering\/#primaryimage"},"image":{"@id":"https:\/\/lindaotterstedt.com\/sv\/profilfotografering\/#primaryimage"},"thumbnailUrl":"https:\/\/lindaotterstedt.com\/wp-content\/uploads\/2024\/10\/240821-VHA-Farg-LU-9796.jpg","datePublished":"2024-05-29T13:14:26+00:00","dateModified":"2024-10-08T18:08:50+00:00","breadcrumb":{"@id":"https:\/\/lindaotterstedt.com\/sv\/profilfotografering\/#breadcrumb"},"inLanguage":"sv-SE","potentialAction":[{"@type":"ReadAction","target":["https:\/\/lindaotterstedt.com\/sv\/profilfotografering\/"]}]},{"@type":"ImageObject","inLanguage":"sv-SE","@id":"https:\/\/lindaotterstedt.com\/sv\/profilfotografering\/#primaryimage","url":"https:\/\/lindaotterstedt.com\/wp-content\/uploads\/2024\/10\/240821-VHA-Farg-LU-9796.jpg","contentUrl":"https:\/\/lindaotterstedt.com\/wp-content\/uploads\/2024\/10\/240821-VHA-Farg-LU-9796.jpg","width":1200,"height":798,"caption":"Profilfotograf"},{"@type":"BreadcrumbList","@id":"https:\/\/lindaotterstedt.com\/sv\/profilfotografering\/#breadcrumb","itemListElement":[{"@type":"ListItem","position":1,"name":"Home","item":"https:\/\/lindaotterstedt.com\/sv\/"},{"@type":"ListItem","position":2,"name":"Profilfotografering"}]},{"@type":"WebSite","@id":"https:\/\/lindaotterstedt.com\/sv\/#website","url":"https:\/\/lindaotterstedt.com\/sv\/","name":"Linda Otterstedt Photography","description":"Photography for generations to come","publisher":{"@id":"https:\/\/lindaotterstedt.com\/sv\/#organization"},"potentialAction":[{"@type":"SearchAction","target":{"@type":"EntryPoint","urlTemplate":"https:\/\/lindaotterstedt.com\/sv\/?s={search_term_string}"},"query-input":{"@type":"PropertyValueSpecification","valueRequired":true,"valueName":"search_term_string"}}],"inLanguage":"sv-SE"},{"@type":"Organization","@id":"https:\/\/lindaotterstedt.com\/sv\/#organization","name":"Linda Otterstedt Photography","alternateName":"LOP","url":"https:\/\/lindaotterstedt.com\/sv\/","logo":{"@type":"ImageObject","inLanguage":"sv-SE","@id":"https:\/\/lindaotterstedt.com\/sv\/#\/schema\/logo\/image\/","url":"https:\/\/lindaotterstedt.com\/wp-content\/uploads\/2023\/03\/1400_LOGO_Linda_Otterstedt_Standard_Logo_Transparent-copy.png","contentUrl":"https:\/\/lindaotterstedt.com\/wp-content\/uploads\/2023\/03\/1400_LOGO_Linda_Otterstedt_Standard_Logo_Transparent-copy.png","width":2684,"height":1400,"caption":"Linda Otterstedt Photography"},"image":{"@id":"https:\/\/lindaotterstedt.com\/sv\/#\/schema\/logo\/image\/"},"sameAs":["https:\/\/www.facebook.com\/lindaotterstedtphotography","https:\/\/www.instagram.com\/worldphotographer","https:\/\/www.instagram.com\/worldphotographer_weddings","https:\/\/www.linkedin.com\/in\/linda-otterstedt-1886235\/"]},{"@type":"Person","@id":"https:\/\/lindaotterstedt.com\/sv\/#\/schema\/person\/a8bc2e1a05abd2ffa46fddaa8cb4e2c3","name":"Linda Otterstedt"}]}},"_links":{"self":[{"href":"https:\/\/lindaotterstedt.com\/sv\/wp-json\/wp\/v2\/posts\/7763","targetHints":{"allow":["GET"]}}],"collection":[{"href":"https:\/\/lindaotterstedt.com\/sv\/wp-json\/wp\/v2\/posts"}],"about":[{"href":"https:\/\/lindaotterstedt.com\/sv\/wp-json\/wp\/v2\/types\/post"}],"author":[{"embeddable":true,"href":"https:\/\/lindaotterstedt.com\/sv\/wp-json\/wp\/v2\/users\/7"}],"replies":[{"embeddable":true,"href":"https:\/\/lindaotterstedt.com\/sv\/wp-json\/wp\/v2\/comments?post=7763"}],"version-history":[{"count":16,"href":"https:\/\/lindaotterstedt.com\/sv\/wp-json\/wp\/v2\/posts\/7763\/revisions"}],"predecessor-version":[{"id":8310,"href":"https:\/\/lindaotterstedt.com\/sv\/wp-json\/wp\/v2\/posts\/7763\/revisions\/8310"}],"wp:featuredmedia":[{"embeddable":true,"href":"https:\/\/lindaotterstedt.com\/sv\/wp-json\/wp\/v2\/media\/8277"}],"wp:attachment":[{"href":"https:\/\/lindaotterstedt.com\/sv\/wp-json\/wp\/v2\/media?parent=7763"}],"wp:term":[{"taxonomy":"category","embeddable":true,"href":"https:\/\/lindaotterstedt.com\/sv\/wp-json\/wp\/v2\/categories?post=7763"},{"taxonomy":"post_tag","embeddable":true,"href":"https:\/\/lindaotterstedt.com\/sv\/wp-json\/wp\/v2\/tags?post=7763"}],"curies":[{"name":"wp","href":"https:\/\/api.w.org\/{rel}","templated":true}]}}