{"id":8032,"date":"2024-08-07T18:57:55","date_gmt":"2024-08-07T16:57:55","guid":{"rendered":"https:\/\/lindaotterstedt.com\/hastfotografering-i-fjallbacka\/"},"modified":"2024-08-18T12:57:24","modified_gmt":"2024-08-18T10:57:24","slug":"hastfotografering-i-fjallbacka","status":"publish","type":"post","link":"https:\/\/lindaotterstedt.com\/sv\/hastfotografering-i-fjallbacka\/","title":{"rendered":"H\u00e4stfotografering i Fj\u00e4llbacka"},"content":{"rendered":"\n<p class=\"wp-block-paragraph\">N\u00e4r solen gick ner under horisonten och kastade ett vackert sken \u00f6ver det lugna vattnet red Lovina den fina h\u00e4sten Apache ut i havet. Detta var en del av en gemensam fotografering, som visade upp det vackra i den h\u00e4r h\u00e4stfotografering i Fj\u00e4llbacka, silversmycken och k\u00e4rleken mellan en flicka och denna h\u00e4st.<\/p>\n\n<figure class=\"wp-block-image size-large\"><img loading=\"lazy\" decoding=\"async\" width=\"1024\" height=\"681\" src=\"https:\/\/lindaotterstedt.com\/wp-content\/uploads\/2024\/08\/DSC_2363-Enhanced-NR-1-1024x681.jpg\" alt=\"\" class=\"wp-image-8005\" srcset=\"https:\/\/lindaotterstedt.com\/wp-content\/uploads\/2024\/08\/DSC_2363-Enhanced-NR-1-980x652.jpg 980w, https:\/\/lindaotterstedt.com\/wp-content\/uploads\/2024\/08\/DSC_2363-Enhanced-NR-1-480x319.jpg 480w\" sizes=\"(min-width: 0px) and (max-width: 480px) 480px, (min-width: 481px) and (max-width: 980px) 980px, (min-width: 981px) 1024px, 100vw\" \/><figcaption class=\"wp-element-caption\">Solnedg\u00e5ng med h\u00e4sten<\/figcaption><\/figure>\n\n<h4 class=\"wp-block-heading\">Ett roligt samarbete<\/h4>\n\n<p class=\"wp-block-paragraph\">Jag satt en s\u00f6ndag h\u00e4r i sommar och ville g\u00f6ra n\u00e5got kul. Det slutade med den h\u00e4r fotograferingen tillsammans med Lovina, en 16-\u00e5rig ryttare, Silversmyckena fr\u00e5n <strong><a href=\"https:\/\/www.silverfabrikengbg.se\">Silverfabriken<\/a> och Pia Orrgren<\/strong> tillf\u00f6rde ocks\u00e5 en gnistrande touch till fotograferingen. Varje smycke, omsorgsfullt tillverkat, kompletterade Lovinas naturliga sk\u00f6nhet och den rustika charmen i omgivningen.   <\/p>\n\n<figure class=\"wp-block-image size-large\"><img loading=\"lazy\" decoding=\"async\" width=\"1024\" height=\"681\" src=\"https:\/\/lindaotterstedt.com\/wp-content\/uploads\/2024\/08\/DSC_2179-1024x681.jpg\" alt=\"H&#xE4;stfotograf Stockholm\" class=\"wp-image-7981\" srcset=\"https:\/\/lindaotterstedt.com\/wp-content\/uploads\/2024\/08\/DSC_2179-980x652.jpg 980w, https:\/\/lindaotterstedt.com\/wp-content\/uploads\/2024\/08\/DSC_2179-480x319.jpg 480w\" sizes=\"(min-width: 0px) and (max-width: 480px) 480px, (min-width: 481px) and (max-width: 980px) 980px, (min-width: 981px) 1024px, 100vw\" \/><\/figure>\n\n<p class=\"wp-block-paragraph\">Vi hade f\u00f6rm\u00e5nen att f\u00e5 hj\u00e4lp av <strong><a href=\"https:\/\/www.facebook.com\/gardenkampersvik\/\">G\u00e5rden i K\u00e4mpersvik<\/a><\/strong>d\u00e4r Alexandra tillhandah\u00f6ll ett urval av kl\u00e4der som passade in i kustlandskapet. Kl\u00e4derna, med sina jordn\u00e4ra toner och fl\u00f6dande tyger, f\u00f6rst\u00e4rkte den atmosf\u00e4r som vi ville skapa. <\/p>\n\n<figure class=\"wp-block-image size-large\"><img loading=\"lazy\" decoding=\"async\" width=\"1024\" height=\"681\" src=\"https:\/\/lindaotterstedt.com\/wp-content\/uploads\/2024\/08\/DSC_1592-1024x681.jpg\" alt=\"Portr&#xE4;ttfotograf Djursholm\" class=\"wp-image-8007\" srcset=\"https:\/\/lindaotterstedt.com\/wp-content\/uploads\/2024\/08\/DSC_1592-980x652.jpg 980w, https:\/\/lindaotterstedt.com\/wp-content\/uploads\/2024\/08\/DSC_1592-480x319.jpg 480w\" sizes=\"(min-width: 0px) and (max-width: 480px) 480px, (min-width: 481px) and (max-width: 980px) 980px, (min-width: 981px) 1024px, 100vw\" \/><figcaption class=\"wp-element-caption\">Svartvit h\u00e4stbild<\/figcaption><\/figure>\n\n<h4 class=\"wp-block-heading\">H\u00e4r b\u00f6rjar vi med v\u00e5r h\u00e4stfotografering i Fj\u00e4llbacka<\/h4>\n\n<p class=\"wp-block-paragraph\">V\u00e5rt \u00e4ventyr b\u00f6rjade p\u00e5 G\u00e5rden i K\u00e4mpersvik. Lovina kom fr\u00e5n Trollh\u00e4ttan och Apache kom med Gunnel &#8211; hennes \u00e4gare. Vi tog en serie bilder mitt i den frodiga gr\u00f6nskan, med Lovinas silverf\u00e4rgade accessoarer som skimrade i den tidiga kv\u00e4llssolen. Synergin mellan Lovinas sj\u00e4lvs\u00e4kra upptr\u00e4dande och Apaches mjuka styrka var p\u00e5taglig och gjorde varje bild till ett bevis p\u00e5 deras band.<\/p>\n\n<figure class=\"wp-block-gallery has-nested-images columns-default is-cropped wp-block-gallery-1 is-layout-flex wp-block-gallery-is-layout-flex\">\n<figure class=\"wp-block-image size-large\"><img loading=\"lazy\" decoding=\"async\" width=\"1024\" height=\"681\" data-id=\"8001\" src=\"https:\/\/lindaotterstedt.com\/wp-content\/uploads\/2024\/08\/DSC_2475-1024x681.jpg\" alt=\"Smyckesfotograf\" class=\"wp-image-8001\" srcset=\"https:\/\/lindaotterstedt.com\/wp-content\/uploads\/2024\/08\/DSC_2475-980x652.jpg 980w, https:\/\/lindaotterstedt.com\/wp-content\/uploads\/2024\/08\/DSC_2475-480x319.jpg 480w\" sizes=\"(min-width: 0px) and (max-width: 480px) 480px, (min-width: 481px) and (max-width: 980px) 980px, (min-width: 981px) 1024px, 100vw\" \/><figcaption class=\"wp-element-caption\">Ringar p\u00e5 fingrarna<\/figcaption><\/figure>\n\n\n\n<figure class=\"wp-block-image size-large\"><img loading=\"lazy\" decoding=\"async\" width=\"681\" height=\"1024\" data-id=\"7999\" src=\"https:\/\/lindaotterstedt.com\/wp-content\/uploads\/2024\/08\/DSC_2442-681x1024.jpg\" alt=\"Fotograf f&#xF6;r smycken\" class=\"wp-image-7999\"\/><figcaption class=\"wp-element-caption\">Halsband<\/figcaption><\/figure>\n\n\n\n<figure class=\"wp-block-image size-large\"><img loading=\"lazy\" decoding=\"async\" width=\"1024\" height=\"681\" data-id=\"7995\" src=\"https:\/\/lindaotterstedt.com\/wp-content\/uploads\/2024\/08\/DSC_2428-1024x681.jpg\" alt=\"Silverkedja\" class=\"wp-image-7995\" srcset=\"https:\/\/lindaotterstedt.com\/wp-content\/uploads\/2024\/08\/DSC_2428-980x652.jpg 980w, https:\/\/lindaotterstedt.com\/wp-content\/uploads\/2024\/08\/DSC_2428-480x319.jpg 480w\" sizes=\"(min-width: 0px) and (max-width: 480px) 480px, (min-width: 481px) and (max-width: 980px) 980px, (min-width: 981px) 1024px, 100vw\" \/><figcaption class=\"wp-element-caption\">Fotkedja<\/figcaption><\/figure>\n\n\n\n<figure class=\"wp-block-image size-large\"><img loading=\"lazy\" decoding=\"async\" width=\"1024\" height=\"681\" data-id=\"7997\" src=\"https:\/\/lindaotterstedt.com\/wp-content\/uploads\/2024\/08\/DSC_2432-1024x681.jpg\" alt=\"Smyckesfotografering\" class=\"wp-image-7997\" srcset=\"https:\/\/lindaotterstedt.com\/wp-content\/uploads\/2024\/08\/DSC_2432-980x652.jpg 980w, https:\/\/lindaotterstedt.com\/wp-content\/uploads\/2024\/08\/DSC_2432-480x319.jpg 480w\" sizes=\"(min-width: 0px) and (max-width: 480px) 480px, (min-width: 481px) and (max-width: 980px) 980px, (min-width: 981px) 1024px, 100vw\" \/><figcaption class=\"wp-element-caption\">Vackra ringar<\/figcaption><\/figure>\n<\/figure>\n\n<p class=\"wp-block-paragraph\"><\/p>\n\n<p class=\"wp-block-paragraph\">Vi provade olika outfits runt G\u00e5rden med Lovina. En kl\u00e4nning med blommor tillsammans med s\u00f6ta smycken och sedan en 70-tals look med jeans och en stor blus och lite tyngre smycken tillsammans.  <\/p>\n\n<p class=\"wp-block-paragraph\"><\/p>\n\n<div class=\"wp-block-columns is-layout-flex wp-container-core-columns-is-layout-8f761849 wp-block-columns-is-layout-flex\">\n<div class=\"wp-block-column is-layout-flow wp-block-column-is-layout-flow\" style=\"flex-basis:100%\">\n<figure class=\"wp-block-gallery has-nested-images columns-default is-cropped wp-block-gallery-2 is-layout-flex wp-block-gallery-is-layout-flex\">\n<figure class=\"wp-block-image size-large\"><img loading=\"lazy\" decoding=\"async\" width=\"681\" height=\"1024\" data-id=\"8027\" src=\"https:\/\/lindaotterstedt.com\/wp-content\/uploads\/2024\/08\/DSC_1994-681x1024.jpg\" alt=\"\" class=\"wp-image-8027\"\/><\/figure>\n\n\n\n<figure class=\"wp-block-image size-large\"><img loading=\"lazy\" decoding=\"async\" width=\"819\" height=\"1024\" data-id=\"8052\" src=\"https:\/\/lindaotterstedt.com\/wp-content\/uploads\/2024\/08\/DSC_1729_2-819x1024.jpg\" alt=\"\" class=\"wp-image-8052\"\/><\/figure>\n\n\n\n<figure class=\"wp-block-image size-large is-style-default\"><img loading=\"lazy\" decoding=\"async\" width=\"681\" height=\"1024\" data-id=\"8021\" src=\"https:\/\/lindaotterstedt.com\/wp-content\/uploads\/2024\/08\/DSC_1890-681x1024.jpg\" alt=\"\" class=\"wp-image-8021\"\/><\/figure>\n\n\n\n<figure class=\"wp-block-image size-large\"><img loading=\"lazy\" decoding=\"async\" width=\"1024\" height=\"681\" data-id=\"8011\" src=\"https:\/\/lindaotterstedt.com\/wp-content\/uploads\/2024\/08\/DSC_1645-1024x681.jpg\" alt=\"H&#xE4;stfotograf Danderyd\" class=\"wp-image-8011\" srcset=\"https:\/\/lindaotterstedt.com\/wp-content\/uploads\/2024\/08\/DSC_1645-980x652.jpg 980w, https:\/\/lindaotterstedt.com\/wp-content\/uploads\/2024\/08\/DSC_1645-480x319.jpg 480w\" sizes=\"(min-width: 0px) and (max-width: 480px) 480px, (min-width: 481px) and (max-width: 980px) 980px, (min-width: 981px) 1024px, 100vw\" \/><figcaption class=\"wp-element-caption\">H\u00e4rliga Lovina och h\u00e4sten Pacha<\/figcaption><\/figure>\n<\/figure>\n<\/div>\n<\/div>\n\n<p class=\"wp-block-paragraph\"><\/p>\n\n<h4 class=\"wp-block-heading\">I solnedg\u00e5ngen<\/h4>\n\n<p class=\"wp-block-paragraph\">N\u00e4r kv\u00e4llen led mot sitt slut flyttade vi till stranden, ivriga att f\u00e5nga solnedg\u00e5ngens magi. V\u00e4dret var perfekt och himlen m\u00e5lad i orange, rosa och gula nyanser. Lovina ledde Apache till vattenbrynet och de mjuka v\u00e5gorna slog mot deras f\u00f6tter. Scenen var hisnande: Lovina, prydd med sina silversmycken, h\u00e5ret fritt svallande, och Apache som stod stilla bredvid henne.   <\/p>\n\n<figure class=\"wp-block-image size-large\"><img loading=\"lazy\" decoding=\"async\" width=\"1024\" height=\"681\" src=\"https:\/\/lindaotterstedt.com\/wp-content\/uploads\/2024\/08\/DSC_2100-1024x681.jpg\" alt=\"H&#xE4;stfotograf T&#xE4;by\" class=\"wp-image-7975\" srcset=\"https:\/\/lindaotterstedt.com\/wp-content\/uploads\/2024\/08\/DSC_2100-980x652.jpg 980w, https:\/\/lindaotterstedt.com\/wp-content\/uploads\/2024\/08\/DSC_2100-480x319.jpg 480w\" sizes=\"(min-width: 0px) and (max-width: 480px) 480px, (min-width: 481px) and (max-width: 980px) 980px, (min-width: 981px) 1024px, 100vw\" \/><\/figure>\n\n<p class=\"wp-block-paragraph\">Solnedg\u00e5ngen gav en magisk bakgrund, det bleknande ljuset reflekterades av vattnet och lyste upp Lovina och Apache i ett varmt, gyllene sken. Varje \u00f6gonblick var perfekt, fr\u00e5n v\u00e5gornas mjuka ljud till den lugna blicken i Apaches \u00f6gon.  <\/p>\n\n<figure class=\"wp-block-image size-large\"><img decoding=\"async\" src=\"https:\/\/lindaotterstedt.com\/wp-content\/uploads\/2024\/07\/Lovina-2216-1024x681.jpg\" alt=\"H&#xE4;stfotograf Stockholm\" class=\"wp-image-7966\"\/><figcaption class=\"wp-element-caption\">En flicka rider p\u00e5 sin h\u00e4st i solnedg\u00e5ngen<\/figcaption><\/figure>\n\n<h4 class=\"wp-block-heading\">En minnesv\u00e4rd upplevelse<\/h4>\n\n<p class=\"wp-block-paragraph\">Det h\u00e4r projektet var mer \u00e4n bara en fotografering; det var en samling av v\u00e4nskap, kreativitet och naturens sk\u00f6nhet. Att arbeta med Lovina, Pacha och de gener\u00f6sa bidragsgivarna fr\u00e5n Silverfabriken och Pia Orrgren, G\u00e5rden i <a href=\"https:\/\/www.instagram.com\/gardenkampersvik\/\">K\u00e4mpersvik<\/a>, och Gunnel, Apaches \u00e4gare, var en of\u00f6rgl\u00f6mlig upplevelse. Skratten, de delade \u00f6gonblicken av v\u00f6rdnad och den kollektiva anstr\u00e4ngningen gjorde detta projekt verkligen speciellt. Jag tror att vi kommer att upprepa den h\u00e4r kv\u00e4llen n\u00e4sta \u00e5r igen. Om du vill ta liknande bilder, tveka inte att skicka ett meddelande till mig fr\u00e5n min <a href=\"https:\/\/lindaotterstedt.com\/sv\/kontakt\/\">KONTAKT-sida<\/a>. Denna h\u00e4stfotografering i Fj\u00e4llbacka g\u00e5r inte bara att g\u00f6ra i Fj\u00e4llbacka. Du kan g\u00f6ra det var som helst.      <\/p>\n\n<figure class=\"wp-block-image size-large\"><img loading=\"lazy\" decoding=\"async\" width=\"1024\" height=\"681\" src=\"https:\/\/lindaotterstedt.com\/wp-content\/uploads\/2024\/08\/DSC_2179-1024x681.jpg\" alt=\"H&#xE4;stfotograf Stockholm\" class=\"wp-image-7981\" srcset=\"https:\/\/lindaotterstedt.com\/wp-content\/uploads\/2024\/08\/DSC_2179-980x652.jpg 980w, https:\/\/lindaotterstedt.com\/wp-content\/uploads\/2024\/08\/DSC_2179-480x319.jpg 480w\" sizes=\"(min-width: 0px) and (max-width: 480px) 480px, (min-width: 481px) and (max-width: 980px) 980px, (min-width: 981px) 1024px, 100vw\" \/><\/figure>\n\n<p class=\"wp-block-paragraph\">N\u00e4r vi tittade igenom bilderna ins\u00e5g vi att vi inte bara hade tagit vackra bilder utan ocks\u00e5 en anda av samarbete och gl\u00e4djen i att arbeta tillsammans. Varje bild ber\u00e4ttade en historia om en flicka, hennes h\u00e4st och magin i en solnedg\u00e5ng vid havet. <\/p>\n\n<figure class=\"wp-block-gallery has-nested-images columns-default is-cropped wp-block-gallery-3 is-layout-flex wp-block-gallery-is-layout-flex\">\n<figure class=\"wp-block-image size-large\"><img loading=\"lazy\" decoding=\"async\" width=\"1024\" height=\"681\" data-id=\"7987\" src=\"https:\/\/lindaotterstedt.com\/wp-content\/uploads\/2024\/08\/DSC_2330-1024x681.jpg\" alt=\"H&#xE4;stfotograf Djursholm\" class=\"wp-image-7987\" srcset=\"https:\/\/lindaotterstedt.com\/wp-content\/uploads\/2024\/08\/DSC_2330-980x652.jpg 980w, https:\/\/lindaotterstedt.com\/wp-content\/uploads\/2024\/08\/DSC_2330-480x319.jpg 480w\" sizes=\"(min-width: 0px) and (max-width: 480px) 480px, (min-width: 481px) and (max-width: 980px) 980px, (min-width: 981px) 1024px, 100vw\" \/><\/figure>\n\n\n\n<figure class=\"wp-block-image size-large\"><img loading=\"lazy\" decoding=\"async\" width=\"1024\" height=\"681\" data-id=\"7991\" src=\"https:\/\/lindaotterstedt.com\/wp-content\/uploads\/2024\/08\/DSC_2371-1024x681.jpg\" alt=\"H&#xE4;stfotograf Danderyd\" class=\"wp-image-7991\" srcset=\"https:\/\/lindaotterstedt.com\/wp-content\/uploads\/2024\/08\/DSC_2371-980x652.jpg 980w, https:\/\/lindaotterstedt.com\/wp-content\/uploads\/2024\/08\/DSC_2371-480x319.jpg 480w\" sizes=\"(min-width: 0px) and (max-width: 480px) 480px, (min-width: 481px) and (max-width: 980px) 980px, (min-width: 981px) 1024px, 100vw\" \/><\/figure>\n\n\n\n<figure class=\"wp-block-image size-large\"><img loading=\"lazy\" decoding=\"async\" width=\"819\" height=\"1024\" data-id=\"7979\" src=\"https:\/\/lindaotterstedt.com\/wp-content\/uploads\/2024\/08\/DSC_2150-819x1024.jpg\" alt=\"H&#xE4;stfotografering Stockholm\" class=\"wp-image-7979\"\/><\/figure>\n\n\n\n<figure class=\"wp-block-image size-large\"><img loading=\"lazy\" decoding=\"async\" width=\"1024\" height=\"681\" data-id=\"7985\" src=\"https:\/\/lindaotterstedt.com\/wp-content\/uploads\/2024\/08\/DSC_2277-1024x681.jpg\" alt=\"H&#xE4;stfotografering Djursholm\" class=\"wp-image-7985\" srcset=\"https:\/\/lindaotterstedt.com\/wp-content\/uploads\/2024\/08\/DSC_2277-980x652.jpg 980w, https:\/\/lindaotterstedt.com\/wp-content\/uploads\/2024\/08\/DSC_2277-480x319.jpg 480w\" sizes=\"(min-width: 0px) and (max-width: 480px) 480px, (min-width: 481px) and (max-width: 980px) 980px, (min-width: 981px) 1024px, 100vw\" \/><figcaption class=\"wp-element-caption\">Solnedg\u00e5ng vid stranden<\/figcaption><\/figure>\n<\/figure>\n\n<p class=\"wp-block-paragraph\"><\/p>\n\n<h4 class=\"wp-block-heading\">Tankar nu p\u00e5 slutet<\/h4>\n\n<p class=\"wp-block-paragraph\">Vi \u00e4r otroligt tacksamma mot alla som har varit involverade i detta projekt. Lovinas elegans, Apaches h\u00e4rliga n\u00e4rvaro, de uts\u00f6kta smyckena och de fantastiska kl\u00e4derna skapade tillsammans n\u00e5got helt magiskt. Denna upplevelse p\u00e5minde oss om den sk\u00f6nhet som kan finnas i enkla \u00f6gonblick och kraften i att arbeta tillsammans mot en gemensam vision.<\/p>\n\n<figure class=\"wp-block-image size-large\"><img loading=\"lazy\" decoding=\"async\" width=\"1024\" height=\"681\" src=\"https:\/\/lindaotterstedt.com\/wp-content\/uploads\/2024\/08\/DSC_1599-1024x681.jpg\" alt=\"\" class=\"wp-image-8009\" srcset=\"https:\/\/lindaotterstedt.com\/wp-content\/uploads\/2024\/08\/DSC_1599-980x652.jpg 980w, https:\/\/lindaotterstedt.com\/wp-content\/uploads\/2024\/08\/DSC_1599-480x319.jpg 480w\" sizes=\"(min-width: 0px) and (max-width: 480px) 480px, (min-width: 481px) and (max-width: 980px) 980px, (min-width: 981px) 1024px, 100vw\" \/><\/figure>\n\n<p class=\"wp-block-paragraph\">H\u00e5ll \u00f6gonen \u00f6ppna f\u00f6r fler bilder och stunder bakom kulisserna fr\u00e5n denna of\u00f6rgl\u00f6mliga kv\u00e4ll. Fram till dess, njut av sommarens solnedg\u00e5ngar och kom ih\u00e5g att finna gl\u00e4dje i varje \u00f6gonblick. Gl\u00f6m inte att bes\u00f6ka mitt Instagram-konto ocks\u00e5: <a href=\"https:\/\/www.instagram.com\/worldphotographer\/\">@worldphotographer<\/a>  <\/p>\n\n<figure class=\"wp-block-image aligncenter size-large\"><img loading=\"lazy\" decoding=\"async\" width=\"681\" height=\"1024\" src=\"https:\/\/lindaotterstedt.com\/wp-content\/uploads\/2024\/08\/DSC_2016-681x1024.jpg\" alt=\"\" class=\"wp-image-8029\"\/><figcaption class=\"wp-element-caption\">En tjej p\u00e5 sin h\u00e4st<\/figcaption><\/figure>\n\n<p class=\"wp-block-paragraph\"><\/p>\n\n<hr class=\"wp-block-separator has-alpha-channel-opacity\"\/>\n\n<p class=\"wp-block-paragraph\">Om du inspireras av <a href=\"https:\/\/www.instagram.com\/_lovinawolrath\/\">Lovinas ber\u00e4ttelse<\/a>, om du vill bes\u00f6ka <a href=\"https:\/\/www.instagram.com\/gardenkampersvik\/\">G\u00e5rden i K\u00e4mpersvik<\/a> eller \u00e4r intresserad av de vackra smyckena fr\u00e5n <a href=\"https:\/\/www.instagram.com\/silverfabrikengbg\/\">Silverfabriken<\/a> och Pia Orrgren, se till att f\u00f6lja dem p\u00e5 instagram ocks\u00e5. <\/p>\n\n<p class=\"wp-block-paragraph\"><\/p>\n\n<p class=\"wp-block-paragraph\">Jag \u00e5terkommer igen och dela g\u00e4rna l\u00e4nken med andra som du vet \u00e4lskar h\u00e4star!<\/p>\n\n<p class=\"wp-block-paragraph\"><\/p>\n\n<p class=\"wp-block-paragraph\">\/LINDA<\/p>\n\n<p class=\"wp-block-paragraph\"><\/p>\n","protected":false},"excerpt":{"rendered":"<p>N\u00e4r solen gick ner under horisonten och kastade ett vackert sken \u00f6ver det lugna vattnet red Lovina den fina h\u00e4sten Apache ut i havet. Detta var en del av en gemensam fotografering, som visade upp det vackra i den h\u00e4r h\u00e4stfotografering i Fj\u00e4llbacka, silversmycken och k\u00e4rleken mellan en flicka och denna h\u00e4st. Ett roligt samarbete [&hellip;]<\/p>\n","protected":false},"author":7,"featured_media":7967,"comment_status":"closed","ping_status":"open","sticky":false,"template":"","format":"standard","meta":{"_et_pb_use_builder":"","_et_pb_old_content":"","_et_gb_content_width":"","footnotes":""},"categories":[107],"tags":[],"class_list":["post-8032","post","type-post","status-publish","format-standard","has-post-thumbnail","hentry","category-familjefotografering-sv"],"yoast_head":"<!-- This site is optimized with the Yoast SEO plugin v28.2 - https:\/\/yoast.com\/product\/yoast-seo-wordpress\/ -->\n<title>H\u00e4stfotografering i Fj\u00e4llbacka - Linda Otterstedt Photography<\/title>\n<meta name=\"robots\" content=\"index, follow, max-snippet:-1, max-image-preview:large, max-video-preview:-1\" \/>\n<link rel=\"canonical\" href=\"https:\/\/lindaotterstedt.com\/sv\/hastfotografering-i-fjallbacka\/\" \/>\n<meta property=\"og:locale\" content=\"sv_SE\" \/>\n<meta property=\"og:type\" content=\"article\" \/>\n<meta property=\"og:title\" content=\"H\u00e4stfotografering i Fj\u00e4llbacka - Linda Otterstedt Photography\" \/>\n<meta property=\"og:description\" content=\"N\u00e4r solen gick ner under horisonten och kastade ett vackert sken \u00f6ver det lugna vattnet red Lovina den fina h\u00e4sten Apache ut i havet. Detta var en del av en gemensam fotografering, som visade upp det vackra i den h\u00e4r h\u00e4stfotografering i Fj\u00e4llbacka, silversmycken och k\u00e4rleken mellan en flicka och denna h\u00e4st. Ett roligt samarbete [&hellip;]\" \/>\n<meta property=\"og:url\" content=\"https:\/\/lindaotterstedt.com\/sv\/hastfotografering-i-fjallbacka\/\" \/>\n<meta property=\"og:site_name\" content=\"Linda Otterstedt Photography\" \/>\n<meta property=\"article:publisher\" content=\"https:\/\/www.facebook.com\/lindaotterstedtphotography\" \/>\n<meta property=\"article:published_time\" content=\"2024-08-07T16:57:55+00:00\" \/>\n<meta property=\"article:modified_time\" content=\"2024-08-18T10:57:24+00:00\" \/>\n<meta property=\"og:image\" content=\"https:\/\/lindaotterstedt.com\/wp-content\/uploads\/2024\/07\/Lovina-2216-e1723059095727.jpg\" \/>\n\t<meta property=\"og:image:width\" content=\"2000\" \/>\n\t<meta property=\"og:image:height\" content=\"1331\" \/>\n\t<meta property=\"og:image:type\" content=\"image\/jpeg\" \/>\n<meta name=\"author\" content=\"Linda Otterstedt\" \/>\n<meta name=\"twitter:card\" content=\"summary_large_image\" \/>\n<meta name=\"twitter:label1\" content=\"Skriven av\" \/>\n\t<meta name=\"twitter:data1\" content=\"Linda Otterstedt\" \/>\n\t<meta name=\"twitter:label2\" content=\"Ber\u00e4knad l\u00e4stid\" \/>\n\t<meta name=\"twitter:data2\" content=\"4 minuter\" \/>\n<script type=\"application\/ld+json\" class=\"yoast-schema-graph\">{\"@context\":\"https:\\\/\\\/schema.org\",\"@graph\":[{\"@type\":\"Article\",\"@id\":\"https:\\\/\\\/lindaotterstedt.com\\\/sv\\\/hastfotografering-i-fjallbacka\\\/#article\",\"isPartOf\":{\"@id\":\"https:\\\/\\\/lindaotterstedt.com\\\/sv\\\/hastfotografering-i-fjallbacka\\\/\"},\"author\":{\"name\":\"Linda Otterstedt\",\"@id\":\"https:\\\/\\\/lindaotterstedt.com\\\/sv\\\/#\\\/schema\\\/person\\\/a8bc2e1a05abd2ffa46fddaa8cb4e2c3\"},\"headline\":\"H\u00e4stfotografering i Fj\u00e4llbacka\",\"datePublished\":\"2024-08-07T16:57:55+00:00\",\"dateModified\":\"2024-08-18T10:57:24+00:00\",\"mainEntityOfPage\":{\"@id\":\"https:\\\/\\\/lindaotterstedt.com\\\/sv\\\/hastfotografering-i-fjallbacka\\\/\"},\"wordCount\":803,\"publisher\":{\"@id\":\"https:\\\/\\\/lindaotterstedt.com\\\/sv\\\/#organization\"},\"image\":{\"@id\":\"https:\\\/\\\/lindaotterstedt.com\\\/sv\\\/hastfotografering-i-fjallbacka\\\/#primaryimage\"},\"thumbnailUrl\":\"https:\\\/\\\/lindaotterstedt.com\\\/wp-content\\\/uploads\\\/2024\\\/07\\\/Lovina-2216-e1723059095727.jpg\",\"articleSection\":[\"Familjefotografering\"],\"inLanguage\":\"sv-SE\"},{\"@type\":\"WebPage\",\"@id\":\"https:\\\/\\\/lindaotterstedt.com\\\/sv\\\/hastfotografering-i-fjallbacka\\\/\",\"url\":\"https:\\\/\\\/lindaotterstedt.com\\\/sv\\\/hastfotografering-i-fjallbacka\\\/\",\"name\":\"H\u00e4stfotografering i Fj\u00e4llbacka - Linda Otterstedt Photography\",\"isPartOf\":{\"@id\":\"https:\\\/\\\/lindaotterstedt.com\\\/sv\\\/#website\"},\"primaryImageOfPage\":{\"@id\":\"https:\\\/\\\/lindaotterstedt.com\\\/sv\\\/hastfotografering-i-fjallbacka\\\/#primaryimage\"},\"image\":{\"@id\":\"https:\\\/\\\/lindaotterstedt.com\\\/sv\\\/hastfotografering-i-fjallbacka\\\/#primaryimage\"},\"thumbnailUrl\":\"https:\\\/\\\/lindaotterstedt.com\\\/wp-content\\\/uploads\\\/2024\\\/07\\\/Lovina-2216-e1723059095727.jpg\",\"datePublished\":\"2024-08-07T16:57:55+00:00\",\"dateModified\":\"2024-08-18T10:57:24+00:00\",\"breadcrumb\":{\"@id\":\"https:\\\/\\\/lindaotterstedt.com\\\/sv\\\/hastfotografering-i-fjallbacka\\\/#breadcrumb\"},\"inLanguage\":\"sv-SE\",\"potentialAction\":[{\"@type\":\"ReadAction\",\"target\":[\"https:\\\/\\\/lindaotterstedt.com\\\/sv\\\/hastfotografering-i-fjallbacka\\\/\"]}]},{\"@type\":\"ImageObject\",\"inLanguage\":\"sv-SE\",\"@id\":\"https:\\\/\\\/lindaotterstedt.com\\\/sv\\\/hastfotografering-i-fjallbacka\\\/#primaryimage\",\"url\":\"https:\\\/\\\/lindaotterstedt.com\\\/wp-content\\\/uploads\\\/2024\\\/07\\\/Lovina-2216-e1723059095727.jpg\",\"contentUrl\":\"https:\\\/\\\/lindaotterstedt.com\\\/wp-content\\\/uploads\\\/2024\\\/07\\\/Lovina-2216-e1723059095727.jpg\",\"width\":2000,\"height\":1331,\"caption\":\"H\u00e4stfotograf\"},{\"@type\":\"BreadcrumbList\",\"@id\":\"https:\\\/\\\/lindaotterstedt.com\\\/sv\\\/hastfotografering-i-fjallbacka\\\/#breadcrumb\",\"itemListElement\":[{\"@type\":\"ListItem\",\"position\":1,\"name\":\"Home\",\"item\":\"https:\\\/\\\/lindaotterstedt.com\\\/sv\\\/\"},{\"@type\":\"ListItem\",\"position\":2,\"name\":\"H\u00e4stfotografering i Fj\u00e4llbacka\"}]},{\"@type\":\"WebSite\",\"@id\":\"https:\\\/\\\/lindaotterstedt.com\\\/sv\\\/#website\",\"url\":\"https:\\\/\\\/lindaotterstedt.com\\\/sv\\\/\",\"name\":\"Linda Otterstedt Photography\",\"description\":\"Photography for generations to come\",\"publisher\":{\"@id\":\"https:\\\/\\\/lindaotterstedt.com\\\/sv\\\/#organization\"},\"potentialAction\":[{\"@type\":\"SearchAction\",\"target\":{\"@type\":\"EntryPoint\",\"urlTemplate\":\"https:\\\/\\\/lindaotterstedt.com\\\/sv\\\/?s={search_term_string}\"},\"query-input\":{\"@type\":\"PropertyValueSpecification\",\"valueRequired\":true,\"valueName\":\"search_term_string\"}}],\"inLanguage\":\"sv-SE\"},{\"@type\":\"Organization\",\"@id\":\"https:\\\/\\\/lindaotterstedt.com\\\/sv\\\/#organization\",\"name\":\"Linda Otterstedt Photography\",\"alternateName\":\"LOP\",\"url\":\"https:\\\/\\\/lindaotterstedt.com\\\/sv\\\/\",\"logo\":{\"@type\":\"ImageObject\",\"inLanguage\":\"sv-SE\",\"@id\":\"https:\\\/\\\/lindaotterstedt.com\\\/sv\\\/#\\\/schema\\\/logo\\\/image\\\/\",\"url\":\"https:\\\/\\\/lindaotterstedt.com\\\/wp-content\\\/uploads\\\/2023\\\/03\\\/1400_LOGO_Linda_Otterstedt_Standard_Logo_Transparent-copy.png\",\"contentUrl\":\"https:\\\/\\\/lindaotterstedt.com\\\/wp-content\\\/uploads\\\/2023\\\/03\\\/1400_LOGO_Linda_Otterstedt_Standard_Logo_Transparent-copy.png\",\"width\":2684,\"height\":1400,\"caption\":\"Linda Otterstedt Photography\"},\"image\":{\"@id\":\"https:\\\/\\\/lindaotterstedt.com\\\/sv\\\/#\\\/schema\\\/logo\\\/image\\\/\"},\"sameAs\":[\"https:\\\/\\\/www.facebook.com\\\/lindaotterstedtphotography\",\"https:\\\/\\\/www.instagram.com\\\/worldphotographer\",\"https:\\\/\\\/www.instagram.com\\\/worldphotographer_weddings\",\"https:\\\/\\\/www.linkedin.com\\\/in\\\/linda-otterstedt-1886235\\\/\"]},{\"@type\":\"Person\",\"@id\":\"https:\\\/\\\/lindaotterstedt.com\\\/sv\\\/#\\\/schema\\\/person\\\/a8bc2e1a05abd2ffa46fddaa8cb4e2c3\",\"name\":\"Linda Otterstedt\"}]}<\/script>\n<!-- \/ Yoast SEO plugin. -->","yoast_head_json":{"title":"H\u00e4stfotografering i Fj\u00e4llbacka - Linda Otterstedt Photography","robots":{"index":"index","follow":"follow","max-snippet":"max-snippet:-1","max-image-preview":"max-image-preview:large","max-video-preview":"max-video-preview:-1"},"canonical":"https:\/\/lindaotterstedt.com\/sv\/hastfotografering-i-fjallbacka\/","og_locale":"sv_SE","og_type":"article","og_title":"H\u00e4stfotografering i Fj\u00e4llbacka - Linda Otterstedt Photography","og_description":"N\u00e4r solen gick ner under horisonten och kastade ett vackert sken \u00f6ver det lugna vattnet red Lovina den fina h\u00e4sten Apache ut i havet. Detta var en del av en gemensam fotografering, som visade upp det vackra i den h\u00e4r h\u00e4stfotografering i Fj\u00e4llbacka, silversmycken och k\u00e4rleken mellan en flicka och denna h\u00e4st. Ett roligt samarbete [&hellip;]","og_url":"https:\/\/lindaotterstedt.com\/sv\/hastfotografering-i-fjallbacka\/","og_site_name":"Linda Otterstedt Photography","article_publisher":"https:\/\/www.facebook.com\/lindaotterstedtphotography","article_published_time":"2024-08-07T16:57:55+00:00","article_modified_time":"2024-08-18T10:57:24+00:00","og_image":[{"width":2000,"height":1331,"url":"https:\/\/lindaotterstedt.com\/wp-content\/uploads\/2024\/07\/Lovina-2216-e1723059095727.jpg","type":"image\/jpeg"}],"author":"Linda Otterstedt","twitter_card":"summary_large_image","twitter_misc":{"Skriven av":"Linda Otterstedt","Ber\u00e4knad l\u00e4stid":"4 minuter"},"schema":{"@context":"https:\/\/schema.org","@graph":[{"@type":"Article","@id":"https:\/\/lindaotterstedt.com\/sv\/hastfotografering-i-fjallbacka\/#article","isPartOf":{"@id":"https:\/\/lindaotterstedt.com\/sv\/hastfotografering-i-fjallbacka\/"},"author":{"name":"Linda Otterstedt","@id":"https:\/\/lindaotterstedt.com\/sv\/#\/schema\/person\/a8bc2e1a05abd2ffa46fddaa8cb4e2c3"},"headline":"H\u00e4stfotografering i Fj\u00e4llbacka","datePublished":"2024-08-07T16:57:55+00:00","dateModified":"2024-08-18T10:57:24+00:00","mainEntityOfPage":{"@id":"https:\/\/lindaotterstedt.com\/sv\/hastfotografering-i-fjallbacka\/"},"wordCount":803,"publisher":{"@id":"https:\/\/lindaotterstedt.com\/sv\/#organization"},"image":{"@id":"https:\/\/lindaotterstedt.com\/sv\/hastfotografering-i-fjallbacka\/#primaryimage"},"thumbnailUrl":"https:\/\/lindaotterstedt.com\/wp-content\/uploads\/2024\/07\/Lovina-2216-e1723059095727.jpg","articleSection":["Familjefotografering"],"inLanguage":"sv-SE"},{"@type":"WebPage","@id":"https:\/\/lindaotterstedt.com\/sv\/hastfotografering-i-fjallbacka\/","url":"https:\/\/lindaotterstedt.com\/sv\/hastfotografering-i-fjallbacka\/","name":"H\u00e4stfotografering i Fj\u00e4llbacka - Linda Otterstedt Photography","isPartOf":{"@id":"https:\/\/lindaotterstedt.com\/sv\/#website"},"primaryImageOfPage":{"@id":"https:\/\/lindaotterstedt.com\/sv\/hastfotografering-i-fjallbacka\/#primaryimage"},"image":{"@id":"https:\/\/lindaotterstedt.com\/sv\/hastfotografering-i-fjallbacka\/#primaryimage"},"thumbnailUrl":"https:\/\/lindaotterstedt.com\/wp-content\/uploads\/2024\/07\/Lovina-2216-e1723059095727.jpg","datePublished":"2024-08-07T16:57:55+00:00","dateModified":"2024-08-18T10:57:24+00:00","breadcrumb":{"@id":"https:\/\/lindaotterstedt.com\/sv\/hastfotografering-i-fjallbacka\/#breadcrumb"},"inLanguage":"sv-SE","potentialAction":[{"@type":"ReadAction","target":["https:\/\/lindaotterstedt.com\/sv\/hastfotografering-i-fjallbacka\/"]}]},{"@type":"ImageObject","inLanguage":"sv-SE","@id":"https:\/\/lindaotterstedt.com\/sv\/hastfotografering-i-fjallbacka\/#primaryimage","url":"https:\/\/lindaotterstedt.com\/wp-content\/uploads\/2024\/07\/Lovina-2216-e1723059095727.jpg","contentUrl":"https:\/\/lindaotterstedt.com\/wp-content\/uploads\/2024\/07\/Lovina-2216-e1723059095727.jpg","width":2000,"height":1331,"caption":"H\u00e4stfotograf"},{"@type":"BreadcrumbList","@id":"https:\/\/lindaotterstedt.com\/sv\/hastfotografering-i-fjallbacka\/#breadcrumb","itemListElement":[{"@type":"ListItem","position":1,"name":"Home","item":"https:\/\/lindaotterstedt.com\/sv\/"},{"@type":"ListItem","position":2,"name":"H\u00e4stfotografering i Fj\u00e4llbacka"}]},{"@type":"WebSite","@id":"https:\/\/lindaotterstedt.com\/sv\/#website","url":"https:\/\/lindaotterstedt.com\/sv\/","name":"Linda Otterstedt Photography","description":"Photography for generations to come","publisher":{"@id":"https:\/\/lindaotterstedt.com\/sv\/#organization"},"potentialAction":[{"@type":"SearchAction","target":{"@type":"EntryPoint","urlTemplate":"https:\/\/lindaotterstedt.com\/sv\/?s={search_term_string}"},"query-input":{"@type":"PropertyValueSpecification","valueRequired":true,"valueName":"search_term_string"}}],"inLanguage":"sv-SE"},{"@type":"Organization","@id":"https:\/\/lindaotterstedt.com\/sv\/#organization","name":"Linda Otterstedt Photography","alternateName":"LOP","url":"https:\/\/lindaotterstedt.com\/sv\/","logo":{"@type":"ImageObject","inLanguage":"sv-SE","@id":"https:\/\/lindaotterstedt.com\/sv\/#\/schema\/logo\/image\/","url":"https:\/\/lindaotterstedt.com\/wp-content\/uploads\/2023\/03\/1400_LOGO_Linda_Otterstedt_Standard_Logo_Transparent-copy.png","contentUrl":"https:\/\/lindaotterstedt.com\/wp-content\/uploads\/2023\/03\/1400_LOGO_Linda_Otterstedt_Standard_Logo_Transparent-copy.png","width":2684,"height":1400,"caption":"Linda Otterstedt Photography"},"image":{"@id":"https:\/\/lindaotterstedt.com\/sv\/#\/schema\/logo\/image\/"},"sameAs":["https:\/\/www.facebook.com\/lindaotterstedtphotography","https:\/\/www.instagram.com\/worldphotographer","https:\/\/www.instagram.com\/worldphotographer_weddings","https:\/\/www.linkedin.com\/in\/linda-otterstedt-1886235\/"]},{"@type":"Person","@id":"https:\/\/lindaotterstedt.com\/sv\/#\/schema\/person\/a8bc2e1a05abd2ffa46fddaa8cb4e2c3","name":"Linda Otterstedt"}]}},"_links":{"self":[{"href":"https:\/\/lindaotterstedt.com\/sv\/wp-json\/wp\/v2\/posts\/8032","targetHints":{"allow":["GET"]}}],"collection":[{"href":"https:\/\/lindaotterstedt.com\/sv\/wp-json\/wp\/v2\/posts"}],"about":[{"href":"https:\/\/lindaotterstedt.com\/sv\/wp-json\/wp\/v2\/types\/post"}],"author":[{"embeddable":true,"href":"https:\/\/lindaotterstedt.com\/sv\/wp-json\/wp\/v2\/users\/7"}],"replies":[{"embeddable":true,"href":"https:\/\/lindaotterstedt.com\/sv\/wp-json\/wp\/v2\/comments?post=8032"}],"version-history":[{"count":21,"href":"https:\/\/lindaotterstedt.com\/sv\/wp-json\/wp\/v2\/posts\/8032\/revisions"}],"predecessor-version":[{"id":8073,"href":"https:\/\/lindaotterstedt.com\/sv\/wp-json\/wp\/v2\/posts\/8032\/revisions\/8073"}],"wp:featuredmedia":[{"embeddable":true,"href":"https:\/\/lindaotterstedt.com\/sv\/wp-json\/wp\/v2\/media\/7967"}],"wp:attachment":[{"href":"https:\/\/lindaotterstedt.com\/sv\/wp-json\/wp\/v2\/media?parent=8032"}],"wp:term":[{"taxonomy":"category","embeddable":true,"href":"https:\/\/lindaotterstedt.com\/sv\/wp-json\/wp\/v2\/categories?post=8032"},{"taxonomy":"post_tag","embeddable":true,"href":"https:\/\/lindaotterstedt.com\/sv\/wp-json\/wp\/v2\/tags?post=8032"}],"curies":[{"name":"wp","href":"https:\/\/api.w.org\/{rel}","templated":true}]}}