{"id":8987,"date":"2025-06-26T12:48:18","date_gmt":"2025-06-26T10:48:18","guid":{"rendered":"https:\/\/lindaotterstedt.com\/en-familjefotografering-fran-usa-till-ulriksdal\/"},"modified":"2025-06-26T12:58:40","modified_gmt":"2025-06-26T10:58:40","slug":"en-familjefotografering-fran-usa-till-ulriksdal","status":"publish","type":"post","link":"https:\/\/lindaotterstedt.com\/sv\/en-familjefotografering-fran-usa-till-ulriksdal\/","title":{"rendered":"En familjefotografering &#8211; fr\u00e5n USA till Ulriksdal"},"content":{"rendered":"\n<p class=\"wp-block-paragraph\">N\u00e4r m\u00e4nniskor flyger \u00f6ver hela v\u00e4rlden bara f\u00f6r att f\u00e5 en fotosession med dig &#8230; ja, det var n\u00e4stan vad som h\u00e4nde. \ud83d\ude09<\/p>\n\n<figure class=\"wp-block-image size-large\"><img loading=\"lazy\" decoding=\"async\" width=\"1024\" height=\"682\" src=\"https:\/\/lindaotterstedt.com\/wp-content\/uploads\/2025\/06\/Sweden-June-2025-Linda-Otterstedt-Photography-9772-1024x682.jpg\" alt=\"\" class=\"wp-image-8959\" srcset=\"https:\/\/lindaotterstedt.com\/wp-content\/uploads\/2025\/06\/Sweden-June-2025-Linda-Otterstedt-Photography-9772-980x653.jpg 980w, https:\/\/lindaotterstedt.com\/wp-content\/uploads\/2025\/06\/Sweden-June-2025-Linda-Otterstedt-Photography-9772-480x320.jpg 480w\" sizes=\"(min-width: 0px) and (max-width: 480px) 480px, (min-width: 481px) and (max-width: 980px) 980px, (min-width: 981px) 1024px, 100vw\" \/><\/figure>\n\n<p class=\"wp-block-paragraph\"><\/p>\n\n<h2 class=\"wp-block-heading\">Fotografering i det vackra ljuset i Ulriksdals slottspark<\/h2>\n\n<p class=\"wp-block-paragraph\">F\u00f6r n\u00e5gra veckor sedan hade jag n\u00f6jet att f\u00e5 fotografera en familj fr\u00e5n USA i de vackra omgivningarna i <strong>Ulriksdals slottspark<\/strong> &#8211; en av mina favoritplatser f\u00f6r h\u00e4rligt ljus, blommor och lite kunglig magi. Och \u00e4ven om de tekniskt sett inte kom <em>bara<\/em> f\u00f6r fotograferingen, s\u00e5 vill jag g\u00e4rna tro att det var en viktig del av planen. \ud83d\ude04 <\/p>\n\n<figure class=\"wp-block-gallery has-nested-images columns-default is-cropped wp-block-gallery-1 is-layout-flex wp-block-gallery-is-layout-flex\">\n<figure class=\"wp-block-image size-large\"><img loading=\"lazy\" decoding=\"async\" width=\"1024\" height=\"681\" data-id=\"8961\" src=\"https:\/\/lindaotterstedt.com\/wp-content\/uploads\/2025\/06\/Sweden-June-2025-Linda-Otterstedt-Photography-6565-1024x681.jpg\" alt=\"\" class=\"wp-image-8961\" srcset=\"https:\/\/lindaotterstedt.com\/wp-content\/uploads\/2025\/06\/Sweden-June-2025-Linda-Otterstedt-Photography-6565-980x652.jpg 980w, https:\/\/lindaotterstedt.com\/wp-content\/uploads\/2025\/06\/Sweden-June-2025-Linda-Otterstedt-Photography-6565-480x319.jpg 480w\" sizes=\"(min-width: 0px) and (max-width: 480px) 480px, (min-width: 481px) and (max-width: 980px) 980px, (min-width: 981px) 1024px, 100vw\" \/><\/figure>\n\n\n\n<figure class=\"wp-block-image size-large\"><img loading=\"lazy\" decoding=\"async\" width=\"1024\" height=\"681\" data-id=\"8963\" src=\"https:\/\/lindaotterstedt.com\/wp-content\/uploads\/2025\/06\/Sweden-June-2025-Linda-Otterstedt-Photography-6571-1024x681.jpg\" alt=\"\" class=\"wp-image-8963\" srcset=\"https:\/\/lindaotterstedt.com\/wp-content\/uploads\/2025\/06\/Sweden-June-2025-Linda-Otterstedt-Photography-6571-980x652.jpg 980w, https:\/\/lindaotterstedt.com\/wp-content\/uploads\/2025\/06\/Sweden-June-2025-Linda-Otterstedt-Photography-6571-480x319.jpg 480w\" sizes=\"(min-width: 0px) and (max-width: 480px) 480px, (min-width: 481px) and (max-width: 980px) 980px, (min-width: 981px) 1024px, 100vw\" \/><\/figure>\n\n\n\n<figure class=\"wp-block-image size-large\"><img loading=\"lazy\" decoding=\"async\" width=\"1024\" height=\"681\" data-id=\"8965\" src=\"https:\/\/lindaotterstedt.com\/wp-content\/uploads\/2025\/06\/Sweden-June-2025-Linda-Otterstedt-Photography-6572-1024x681.jpg\" alt=\"\" class=\"wp-image-8965\" srcset=\"https:\/\/lindaotterstedt.com\/wp-content\/uploads\/2025\/06\/Sweden-June-2025-Linda-Otterstedt-Photography-6572-980x652.jpg 980w, https:\/\/lindaotterstedt.com\/wp-content\/uploads\/2025\/06\/Sweden-June-2025-Linda-Otterstedt-Photography-6572-480x319.jpg 480w\" sizes=\"(min-width: 0px) and (max-width: 480px) 480px, (min-width: 481px) and (max-width: 980px) 980px, (min-width: 981px) 1024px, 100vw\" \/><\/figure>\n\n\n\n<figure class=\"wp-block-image size-large\"><img loading=\"lazy\" decoding=\"async\" width=\"681\" height=\"1024\" data-id=\"8966\" src=\"https:\/\/lindaotterstedt.com\/wp-content\/uploads\/2025\/06\/Sweden-June-2025-Linda-Otterstedt-Photography-6585-681x1024.jpg\" alt=\"\" class=\"wp-image-8966\"\/><figcaption class=\"wp-element-caption\">Jag vill flyga pappa!<\/figcaption><\/figure>\n<\/figure>\n\n<p class=\"wp-block-paragraph\"><\/p>\n\n<h2 class=\"wp-block-heading\">Au pair i en svensk familj<\/h2>\n\n<p class=\"wp-block-paragraph\">S\u00e5 hur g\u00e5r d\u00e5 den verkliga historien? Mamman som kontaktade mig, som hittade mig p\u00e5 <a href=\"http:\/\/google.com\">Google<\/a>, hade varit au pair i en svensk familj f\u00f6r \u00f6ver 20 \u00e5r sedan. I somras tog hon med sig sin man och deras lille pojke tillbaka till Sverige f\u00f6r f\u00f6rsta g\u00e5ngen &#8211; en tv\u00e5veckorsresa fylld av minnen, fika och en hj\u00e4rtlig \u00e5terf\u00f6rening med hennes tidigare v\u00e4rdfamilj. S\u00e5 roligt! Jag har ju sj\u00e4lv varit au pair i Geneve s\u00e5 jag f\u00f6rst\u00e5r hennes gl\u00e4dje att vara tillbaka i Sverige igen.  <\/p>\n\n<figure class=\"wp-block-image size-large\"><img loading=\"lazy\" decoding=\"async\" width=\"1024\" height=\"681\" src=\"https:\/\/lindaotterstedt.com\/wp-content\/uploads\/2025\/06\/Sweden-June-2025-Linda-Otterstedt-Photography-6612-1024x681.jpg\" alt=\"\" class=\"wp-image-8968\" srcset=\"https:\/\/lindaotterstedt.com\/wp-content\/uploads\/2025\/06\/Sweden-June-2025-Linda-Otterstedt-Photography-6612-980x652.jpg 980w, https:\/\/lindaotterstedt.com\/wp-content\/uploads\/2025\/06\/Sweden-June-2025-Linda-Otterstedt-Photography-6612-480x319.jpg 480w\" sizes=\"(min-width: 0px) and (max-width: 480px) 480px, (min-width: 481px) and (max-width: 980px) 980px, (min-width: 981px) 1024px, 100vw\" \/><\/figure>\n\n<p class=\"wp-block-paragraph\">Och mitt i allt detta? En familjefotografering. F\u00f6r dem \u00e4r det en tradition.<br\/>Hon ber\u00e4ttade f\u00f6r mig: &#8221;Vi g\u00f6r det h\u00e4r minst tv\u00e5 g\u00e5nger om \u00e5ret hemma &#8211; det \u00e4r bara n\u00e5got vi \u00e4lskar att g\u00f6ra som familj.&#8221;  <\/p>\n\n<figure class=\"wp-block-gallery has-nested-images columns-default is-cropped wp-block-gallery-2 is-layout-flex wp-block-gallery-is-layout-flex\">\n<figure class=\"wp-block-image size-large\"><img loading=\"lazy\" decoding=\"async\" width=\"1024\" height=\"681\" data-id=\"8970\" src=\"https:\/\/lindaotterstedt.com\/wp-content\/uploads\/2025\/06\/Sweden-June-2025-Linda-Otterstedt-Photography-6665-1024x681.jpg\" alt=\"\" class=\"wp-image-8970\" srcset=\"https:\/\/lindaotterstedt.com\/wp-content\/uploads\/2025\/06\/Sweden-June-2025-Linda-Otterstedt-Photography-6665-980x652.jpg 980w, https:\/\/lindaotterstedt.com\/wp-content\/uploads\/2025\/06\/Sweden-June-2025-Linda-Otterstedt-Photography-6665-480x319.jpg 480w\" sizes=\"(min-width: 0px) and (max-width: 480px) 480px, (min-width: 481px) and (max-width: 980px) 980px, (min-width: 981px) 1024px, 100vw\" \/><\/figure>\n\n\n\n<figure class=\"wp-block-image size-large\"><img loading=\"lazy\" decoding=\"async\" width=\"681\" height=\"1024\" data-id=\"8972\" src=\"https:\/\/lindaotterstedt.com\/wp-content\/uploads\/2025\/06\/Sweden-June-2025-Linda-Otterstedt-Photography-6679-681x1024.jpg\" alt=\"\" class=\"wp-image-8972\"\/><\/figure>\n\n\n\n<figure class=\"wp-block-image size-large\"><img loading=\"lazy\" decoding=\"async\" width=\"681\" height=\"1024\" data-id=\"8974\" src=\"https:\/\/lindaotterstedt.com\/wp-content\/uploads\/2025\/06\/Sweden-June-2025-Linda-Otterstedt-Photography-6698-681x1024.jpg\" alt=\"\" class=\"wp-image-8974\"\/><\/figure>\n<\/figure>\n\n<p class=\"wp-block-paragraph\">Jag <em>\u00e4lskade<\/em> att h\u00f6ra det. Familjefoton, som tas regelbundet, inte bara som ett m\u00e5ste f\u00f6r julkort eller en syssla en g\u00e5ng per decennium. Utan n\u00e5got avsiktligt. Ett s\u00e4tt att frysa ett \u00f6gonblick som redan h\u00e5ller p\u00e5 att glida in i minnet: de fina leendena, n\u00e4r barnen \u00e4r sm\u00e5, barnens knasigheter och hur de alla passar perfekt in i en ram &#8211; f\u00f6r tillf\u00e4llet.   <\/p>\n\n<figure class=\"wp-block-image size-large\"><img loading=\"lazy\" decoding=\"async\" width=\"1024\" height=\"681\" src=\"https:\/\/lindaotterstedt.com\/wp-content\/uploads\/2025\/06\/Sweden-June-2025-Linda-Otterstedt-Photography-6790-1024x681.jpg\" alt=\"\" class=\"wp-image-8976\" srcset=\"https:\/\/lindaotterstedt.com\/wp-content\/uploads\/2025\/06\/Sweden-June-2025-Linda-Otterstedt-Photography-6790-980x652.jpg 980w, https:\/\/lindaotterstedt.com\/wp-content\/uploads\/2025\/06\/Sweden-June-2025-Linda-Otterstedt-Photography-6790-480x319.jpg 480w\" sizes=\"(min-width: 0px) and (max-width: 480px) 480px, (min-width: 481px) and (max-width: 980px) 980px, (min-width: 981px) 1024px, 100vw\" \/><figcaption class=\"wp-element-caption\">L\u00e5t oss lukta p\u00e5 blommorna.<\/figcaption><\/figure>\n\n<h2 class=\"wp-block-heading\">Du \u00e5ngrar aldrig ett foto som du tog.<\/h2>\n\n<p class=\"wp-block-paragraph\">N\u00e4r vi vandrade runt i Ulriksdal, letade efter det fina ljuset, fick familjekramar, n\u00e5gra t\u00e5rar och roliga viskningar, slog det mig \u00e5terigen hur speciellt det h\u00e4r jobbet \u00e4r. De h\u00e4r bilderna kommer inte bara att finnas p\u00e5 en h\u00e5rddisk. De kommer att skrivas ut, h\u00e4ngas upp, ges bort till mor- och farf\u00f6r\u00e4ldrar, och f\u00f6rhoppningsvis \u00e4ven beundras om 20 \u00e5r n\u00e4r den h\u00e4r lilla pojken kanske tar med sig sin familj tillbaka till Sverige f\u00f6r ett litet \u00e4ventyr.  <\/p>\n\n<figure class=\"wp-block-gallery has-nested-images columns-default is-cropped wp-block-gallery-3 is-layout-flex wp-block-gallery-is-layout-flex\">\n<figure class=\"wp-block-image size-large\"><img loading=\"lazy\" decoding=\"async\" width=\"681\" height=\"1024\" data-id=\"8984\" src=\"https:\/\/lindaotterstedt.com\/wp-content\/uploads\/2025\/06\/Sweden-June-2025-Linda-Otterstedt-Photography-6865-681x1024.jpg\" alt=\"\" class=\"wp-image-8984\"\/><\/figure>\n\n\n\n<figure class=\"wp-block-image size-large\"><img loading=\"lazy\" decoding=\"async\" width=\"1024\" height=\"681\" data-id=\"8980\" src=\"https:\/\/lindaotterstedt.com\/wp-content\/uploads\/2025\/06\/Sweden-June-2025-Linda-Otterstedt-Photography-6855-1024x681.jpg\" alt=\"\" class=\"wp-image-8980\" srcset=\"https:\/\/lindaotterstedt.com\/wp-content\/uploads\/2025\/06\/Sweden-June-2025-Linda-Otterstedt-Photography-6855-980x652.jpg 980w, https:\/\/lindaotterstedt.com\/wp-content\/uploads\/2025\/06\/Sweden-June-2025-Linda-Otterstedt-Photography-6855-480x319.jpg 480w\" sizes=\"(min-width: 0px) and (max-width: 480px) 480px, (min-width: 481px) and (max-width: 980px) 980px, (min-width: 981px) 1024px, 100vw\" \/><\/figure>\n\n\n\n<figure class=\"wp-block-image size-large\"><img loading=\"lazy\" decoding=\"async\" width=\"1024\" height=\"681\" data-id=\"8982\" src=\"https:\/\/lindaotterstedt.com\/wp-content\/uploads\/2025\/06\/Sweden-June-2025-Linda-Otterstedt-Photography-6842-1024x681.jpg\" alt=\"\" class=\"wp-image-8982\" srcset=\"https:\/\/lindaotterstedt.com\/wp-content\/uploads\/2025\/06\/Sweden-June-2025-Linda-Otterstedt-Photography-6842-980x652.jpg 980w, https:\/\/lindaotterstedt.com\/wp-content\/uploads\/2025\/06\/Sweden-June-2025-Linda-Otterstedt-Photography-6842-480x319.jpg 480w\" sizes=\"(min-width: 0px) and (max-width: 480px) 480px, (min-width: 481px) and (max-width: 980px) 980px, (min-width: 981px) 1024px, 100vw\" \/><\/figure>\n\n\n\n<figure class=\"wp-block-image size-large\"><img loading=\"lazy\" decoding=\"async\" width=\"681\" height=\"1024\" data-id=\"8978\" src=\"https:\/\/lindaotterstedt.com\/wp-content\/uploads\/2025\/06\/Sweden-June-2025-Linda-Otterstedt-Photography-6880-681x1024.jpg\" alt=\"\" class=\"wp-image-8978\"\/><\/figure>\n<figcaption class=\"blocks-gallery-caption wp-element-caption\">P\u00e5 baksidan av slottet<\/figcaption><\/figure>\n\n<p class=\"wp-block-paragraph\">\ud83d\udcf8\ud83d\udc9b<\/p>\n\n<p class=\"wp-block-paragraph\">S\u00e5 nej &#8211; de kom inte <em>bara<\/em> f\u00f6r fotosessionen. Men jag \u00e4r v\u00e4ldigt glad att vi fick g\u00f6ra det till en del av deras historia. <\/p>\n\n<h2 class=\"wp-block-heading\">Nu \u00e4r det din tur<\/h2>\n\n<p class=\"wp-block-paragraph\">Klicka vidare till <a href=\"https:\/\/lindaotterstedt.com\/sv\/kontakt\/\">kontakt<\/a> f\u00f6r att boka din fotografering med mig eller bara st\u00e4lla fr\u00e5gor om andra typer av fotografering. Jag ser s\u00e5 mycket fram emot att h\u00f6ra av dig! <\/p>\n\n<p class=\"wp-block-paragraph\"><\/p>\n\n<p class=\"wp-block-paragraph\">\/LINDA<\/p>\n\n<p class=\"wp-block-paragraph\"><\/p>\n\n<p class=\"wp-block-paragraph\"><\/p>\n\n<p class=\"wp-block-paragraph\"><\/p>\n","protected":false},"excerpt":{"rendered":"<p>N\u00e4r m\u00e4nniskor flyger \u00f6ver hela v\u00e4rlden bara f\u00f6r att f\u00e5 en fotosession med dig &#8230; ja, det var n\u00e4stan vad som h\u00e4nde. \ud83d\ude09 Fotografering i det vackra ljuset i Ulriksdals slottspark F\u00f6r n\u00e5gra veckor sedan hade jag n\u00f6jet att f\u00e5 fotografera en familj fr\u00e5n USA i de vackra omgivningarna i Ulriksdals slottspark &#8211; en av [&hellip;]<\/p>\n","protected":false},"author":7,"featured_media":8960,"comment_status":"closed","ping_status":"open","sticky":false,"template":"","format":"standard","meta":{"_et_pb_use_builder":"","_et_pb_old_content":"","_et_gb_content_width":"","footnotes":""},"categories":[107],"tags":[],"class_list":["post-8987","post","type-post","status-publish","format-standard","has-post-thumbnail","hentry","category-familjefotografering-sv"],"yoast_head":"<!-- This site is optimized with the Yoast SEO plugin v28.2 - https:\/\/yoast.com\/product\/yoast-seo-wordpress\/ -->\n<title>En familjefotografering - fr\u00e5n USA till Ulriksdal - Linda Otterstedt Photography<\/title>\n<meta name=\"robots\" content=\"index, follow, max-snippet:-1, max-image-preview:large, max-video-preview:-1\" \/>\n<link rel=\"canonical\" href=\"https:\/\/lindaotterstedt.com\/sv\/en-familjefotografering-fran-usa-till-ulriksdal\/\" \/>\n<meta property=\"og:locale\" content=\"sv_SE\" \/>\n<meta property=\"og:type\" content=\"article\" \/>\n<meta property=\"og:title\" content=\"En familjefotografering - fr\u00e5n USA till Ulriksdal - Linda Otterstedt Photography\" \/>\n<meta property=\"og:description\" content=\"N\u00e4r m\u00e4nniskor flyger \u00f6ver hela v\u00e4rlden bara f\u00f6r att f\u00e5 en fotosession med dig &#8230; ja, det var n\u00e4stan vad som h\u00e4nde. \ud83d\ude09 Fotografering i det vackra ljuset i Ulriksdals slottspark F\u00f6r n\u00e5gra veckor sedan hade jag n\u00f6jet att f\u00e5 fotografera en familj fr\u00e5n USA i de vackra omgivningarna i Ulriksdals slottspark &#8211; en av [&hellip;]\" \/>\n<meta property=\"og:url\" content=\"https:\/\/lindaotterstedt.com\/sv\/en-familjefotografering-fran-usa-till-ulriksdal\/\" \/>\n<meta property=\"og:site_name\" content=\"Linda Otterstedt Photography\" \/>\n<meta property=\"article:publisher\" content=\"https:\/\/www.facebook.com\/lindaotterstedtphotography\" \/>\n<meta property=\"article:published_time\" content=\"2025-06-26T10:48:18+00:00\" \/>\n<meta property=\"article:modified_time\" content=\"2025-06-26T10:58:40+00:00\" \/>\n<meta property=\"og:image\" content=\"https:\/\/lindaotterstedt.com\/wp-content\/uploads\/2025\/06\/Sweden-June-2025-Linda-Otterstedt-Photography-9772-scaled.jpg\" \/>\n\t<meta property=\"og:image:width\" content=\"2560\" \/>\n\t<meta property=\"og:image:height\" content=\"1706\" \/>\n\t<meta property=\"og:image:type\" content=\"image\/jpeg\" \/>\n<meta name=\"author\" content=\"Linda Otterstedt\" \/>\n<meta name=\"twitter:card\" content=\"summary_large_image\" \/>\n<meta name=\"twitter:label1\" content=\"Skriven av\" \/>\n\t<meta name=\"twitter:data1\" content=\"Linda Otterstedt\" \/>\n\t<meta name=\"twitter:label2\" content=\"Ber\u00e4knad l\u00e4stid\" \/>\n\t<meta name=\"twitter:data2\" content=\"3 minuter\" \/>\n<script type=\"application\/ld+json\" class=\"yoast-schema-graph\">{\"@context\":\"https:\\\/\\\/schema.org\",\"@graph\":[{\"@type\":\"Article\",\"@id\":\"https:\\\/\\\/lindaotterstedt.com\\\/sv\\\/en-familjefotografering-fran-usa-till-ulriksdal\\\/#article\",\"isPartOf\":{\"@id\":\"https:\\\/\\\/lindaotterstedt.com\\\/sv\\\/en-familjefotografering-fran-usa-till-ulriksdal\\\/\"},\"author\":{\"name\":\"Linda Otterstedt\",\"@id\":\"https:\\\/\\\/lindaotterstedt.com\\\/sv\\\/#\\\/schema\\\/person\\\/a8bc2e1a05abd2ffa46fddaa8cb4e2c3\"},\"headline\":\"En familjefotografering &#8211; fr\u00e5n USA till Ulriksdal\",\"datePublished\":\"2025-06-26T10:48:18+00:00\",\"dateModified\":\"2025-06-26T10:58:40+00:00\",\"mainEntityOfPage\":{\"@id\":\"https:\\\/\\\/lindaotterstedt.com\\\/sv\\\/en-familjefotografering-fran-usa-till-ulriksdal\\\/\"},\"wordCount\":509,\"publisher\":{\"@id\":\"https:\\\/\\\/lindaotterstedt.com\\\/sv\\\/#organization\"},\"image\":{\"@id\":\"https:\\\/\\\/lindaotterstedt.com\\\/sv\\\/en-familjefotografering-fran-usa-till-ulriksdal\\\/#primaryimage\"},\"thumbnailUrl\":\"https:\\\/\\\/lindaotterstedt.com\\\/wp-content\\\/uploads\\\/2025\\\/06\\\/Sweden-June-2025-Linda-Otterstedt-Photography-9772-scaled.jpg\",\"articleSection\":[\"Familjefotografering\"],\"inLanguage\":\"sv-SE\"},{\"@type\":\"WebPage\",\"@id\":\"https:\\\/\\\/lindaotterstedt.com\\\/sv\\\/en-familjefotografering-fran-usa-till-ulriksdal\\\/\",\"url\":\"https:\\\/\\\/lindaotterstedt.com\\\/sv\\\/en-familjefotografering-fran-usa-till-ulriksdal\\\/\",\"name\":\"En familjefotografering - fr\u00e5n USA till Ulriksdal - Linda Otterstedt Photography\",\"isPartOf\":{\"@id\":\"https:\\\/\\\/lindaotterstedt.com\\\/sv\\\/#website\"},\"primaryImageOfPage\":{\"@id\":\"https:\\\/\\\/lindaotterstedt.com\\\/sv\\\/en-familjefotografering-fran-usa-till-ulriksdal\\\/#primaryimage\"},\"image\":{\"@id\":\"https:\\\/\\\/lindaotterstedt.com\\\/sv\\\/en-familjefotografering-fran-usa-till-ulriksdal\\\/#primaryimage\"},\"thumbnailUrl\":\"https:\\\/\\\/lindaotterstedt.com\\\/wp-content\\\/uploads\\\/2025\\\/06\\\/Sweden-June-2025-Linda-Otterstedt-Photography-9772-scaled.jpg\",\"datePublished\":\"2025-06-26T10:48:18+00:00\",\"dateModified\":\"2025-06-26T10:58:40+00:00\",\"breadcrumb\":{\"@id\":\"https:\\\/\\\/lindaotterstedt.com\\\/sv\\\/en-familjefotografering-fran-usa-till-ulriksdal\\\/#breadcrumb\"},\"inLanguage\":\"sv-SE\",\"potentialAction\":[{\"@type\":\"ReadAction\",\"target\":[\"https:\\\/\\\/lindaotterstedt.com\\\/sv\\\/en-familjefotografering-fran-usa-till-ulriksdal\\\/\"]}]},{\"@type\":\"ImageObject\",\"inLanguage\":\"sv-SE\",\"@id\":\"https:\\\/\\\/lindaotterstedt.com\\\/sv\\\/en-familjefotografering-fran-usa-till-ulriksdal\\\/#primaryimage\",\"url\":\"https:\\\/\\\/lindaotterstedt.com\\\/wp-content\\\/uploads\\\/2025\\\/06\\\/Sweden-June-2025-Linda-Otterstedt-Photography-9772-scaled.jpg\",\"contentUrl\":\"https:\\\/\\\/lindaotterstedt.com\\\/wp-content\\\/uploads\\\/2025\\\/06\\\/Sweden-June-2025-Linda-Otterstedt-Photography-9772-scaled.jpg\",\"width\":2560,\"height\":1706,\"caption\":\"Familjefotografering i Ulriksdals slottspark\"},{\"@type\":\"BreadcrumbList\",\"@id\":\"https:\\\/\\\/lindaotterstedt.com\\\/sv\\\/en-familjefotografering-fran-usa-till-ulriksdal\\\/#breadcrumb\",\"itemListElement\":[{\"@type\":\"ListItem\",\"position\":1,\"name\":\"Home\",\"item\":\"https:\\\/\\\/lindaotterstedt.com\\\/sv\\\/\"},{\"@type\":\"ListItem\",\"position\":2,\"name\":\"En familjefotografering &#8211; fr\u00e5n USA till Ulriksdal\"}]},{\"@type\":\"WebSite\",\"@id\":\"https:\\\/\\\/lindaotterstedt.com\\\/sv\\\/#website\",\"url\":\"https:\\\/\\\/lindaotterstedt.com\\\/sv\\\/\",\"name\":\"Linda Otterstedt Photography\",\"description\":\"Photography for generations to come\",\"publisher\":{\"@id\":\"https:\\\/\\\/lindaotterstedt.com\\\/sv\\\/#organization\"},\"potentialAction\":[{\"@type\":\"SearchAction\",\"target\":{\"@type\":\"EntryPoint\",\"urlTemplate\":\"https:\\\/\\\/lindaotterstedt.com\\\/sv\\\/?s={search_term_string}\"},\"query-input\":{\"@type\":\"PropertyValueSpecification\",\"valueRequired\":true,\"valueName\":\"search_term_string\"}}],\"inLanguage\":\"sv-SE\"},{\"@type\":\"Organization\",\"@id\":\"https:\\\/\\\/lindaotterstedt.com\\\/sv\\\/#organization\",\"name\":\"Linda Otterstedt Photography\",\"alternateName\":\"LOP\",\"url\":\"https:\\\/\\\/lindaotterstedt.com\\\/sv\\\/\",\"logo\":{\"@type\":\"ImageObject\",\"inLanguage\":\"sv-SE\",\"@id\":\"https:\\\/\\\/lindaotterstedt.com\\\/sv\\\/#\\\/schema\\\/logo\\\/image\\\/\",\"url\":\"https:\\\/\\\/lindaotterstedt.com\\\/wp-content\\\/uploads\\\/2023\\\/03\\\/1400_LOGO_Linda_Otterstedt_Standard_Logo_Transparent-copy.png\",\"contentUrl\":\"https:\\\/\\\/lindaotterstedt.com\\\/wp-content\\\/uploads\\\/2023\\\/03\\\/1400_LOGO_Linda_Otterstedt_Standard_Logo_Transparent-copy.png\",\"width\":2684,\"height\":1400,\"caption\":\"Linda Otterstedt Photography\"},\"image\":{\"@id\":\"https:\\\/\\\/lindaotterstedt.com\\\/sv\\\/#\\\/schema\\\/logo\\\/image\\\/\"},\"sameAs\":[\"https:\\\/\\\/www.facebook.com\\\/lindaotterstedtphotography\",\"https:\\\/\\\/www.instagram.com\\\/worldphotographer\",\"https:\\\/\\\/www.instagram.com\\\/worldphotographer_weddings\",\"https:\\\/\\\/www.linkedin.com\\\/in\\\/linda-otterstedt-1886235\\\/\"]},{\"@type\":\"Person\",\"@id\":\"https:\\\/\\\/lindaotterstedt.com\\\/sv\\\/#\\\/schema\\\/person\\\/a8bc2e1a05abd2ffa46fddaa8cb4e2c3\",\"name\":\"Linda Otterstedt\"}]}<\/script>\n<!-- \/ Yoast SEO plugin. -->","yoast_head_json":{"title":"En familjefotografering - fr\u00e5n USA till Ulriksdal - Linda Otterstedt Photography","robots":{"index":"index","follow":"follow","max-snippet":"max-snippet:-1","max-image-preview":"max-image-preview:large","max-video-preview":"max-video-preview:-1"},"canonical":"https:\/\/lindaotterstedt.com\/sv\/en-familjefotografering-fran-usa-till-ulriksdal\/","og_locale":"sv_SE","og_type":"article","og_title":"En familjefotografering - fr\u00e5n USA till Ulriksdal - Linda Otterstedt Photography","og_description":"N\u00e4r m\u00e4nniskor flyger \u00f6ver hela v\u00e4rlden bara f\u00f6r att f\u00e5 en fotosession med dig &#8230; ja, det var n\u00e4stan vad som h\u00e4nde. \ud83d\ude09 Fotografering i det vackra ljuset i Ulriksdals slottspark F\u00f6r n\u00e5gra veckor sedan hade jag n\u00f6jet att f\u00e5 fotografera en familj fr\u00e5n USA i de vackra omgivningarna i Ulriksdals slottspark &#8211; en av [&hellip;]","og_url":"https:\/\/lindaotterstedt.com\/sv\/en-familjefotografering-fran-usa-till-ulriksdal\/","og_site_name":"Linda Otterstedt Photography","article_publisher":"https:\/\/www.facebook.com\/lindaotterstedtphotography","article_published_time":"2025-06-26T10:48:18+00:00","article_modified_time":"2025-06-26T10:58:40+00:00","og_image":[{"width":2560,"height":1706,"url":"https:\/\/lindaotterstedt.com\/wp-content\/uploads\/2025\/06\/Sweden-June-2025-Linda-Otterstedt-Photography-9772-scaled.jpg","type":"image\/jpeg"}],"author":"Linda Otterstedt","twitter_card":"summary_large_image","twitter_misc":{"Skriven av":"Linda Otterstedt","Ber\u00e4knad l\u00e4stid":"3 minuter"},"schema":{"@context":"https:\/\/schema.org","@graph":[{"@type":"Article","@id":"https:\/\/lindaotterstedt.com\/sv\/en-familjefotografering-fran-usa-till-ulriksdal\/#article","isPartOf":{"@id":"https:\/\/lindaotterstedt.com\/sv\/en-familjefotografering-fran-usa-till-ulriksdal\/"},"author":{"name":"Linda Otterstedt","@id":"https:\/\/lindaotterstedt.com\/sv\/#\/schema\/person\/a8bc2e1a05abd2ffa46fddaa8cb4e2c3"},"headline":"En familjefotografering &#8211; fr\u00e5n USA till Ulriksdal","datePublished":"2025-06-26T10:48:18+00:00","dateModified":"2025-06-26T10:58:40+00:00","mainEntityOfPage":{"@id":"https:\/\/lindaotterstedt.com\/sv\/en-familjefotografering-fran-usa-till-ulriksdal\/"},"wordCount":509,"publisher":{"@id":"https:\/\/lindaotterstedt.com\/sv\/#organization"},"image":{"@id":"https:\/\/lindaotterstedt.com\/sv\/en-familjefotografering-fran-usa-till-ulriksdal\/#primaryimage"},"thumbnailUrl":"https:\/\/lindaotterstedt.com\/wp-content\/uploads\/2025\/06\/Sweden-June-2025-Linda-Otterstedt-Photography-9772-scaled.jpg","articleSection":["Familjefotografering"],"inLanguage":"sv-SE"},{"@type":"WebPage","@id":"https:\/\/lindaotterstedt.com\/sv\/en-familjefotografering-fran-usa-till-ulriksdal\/","url":"https:\/\/lindaotterstedt.com\/sv\/en-familjefotografering-fran-usa-till-ulriksdal\/","name":"En familjefotografering - fr\u00e5n USA till Ulriksdal - Linda Otterstedt Photography","isPartOf":{"@id":"https:\/\/lindaotterstedt.com\/sv\/#website"},"primaryImageOfPage":{"@id":"https:\/\/lindaotterstedt.com\/sv\/en-familjefotografering-fran-usa-till-ulriksdal\/#primaryimage"},"image":{"@id":"https:\/\/lindaotterstedt.com\/sv\/en-familjefotografering-fran-usa-till-ulriksdal\/#primaryimage"},"thumbnailUrl":"https:\/\/lindaotterstedt.com\/wp-content\/uploads\/2025\/06\/Sweden-June-2025-Linda-Otterstedt-Photography-9772-scaled.jpg","datePublished":"2025-06-26T10:48:18+00:00","dateModified":"2025-06-26T10:58:40+00:00","breadcrumb":{"@id":"https:\/\/lindaotterstedt.com\/sv\/en-familjefotografering-fran-usa-till-ulriksdal\/#breadcrumb"},"inLanguage":"sv-SE","potentialAction":[{"@type":"ReadAction","target":["https:\/\/lindaotterstedt.com\/sv\/en-familjefotografering-fran-usa-till-ulriksdal\/"]}]},{"@type":"ImageObject","inLanguage":"sv-SE","@id":"https:\/\/lindaotterstedt.com\/sv\/en-familjefotografering-fran-usa-till-ulriksdal\/#primaryimage","url":"https:\/\/lindaotterstedt.com\/wp-content\/uploads\/2025\/06\/Sweden-June-2025-Linda-Otterstedt-Photography-9772-scaled.jpg","contentUrl":"https:\/\/lindaotterstedt.com\/wp-content\/uploads\/2025\/06\/Sweden-June-2025-Linda-Otterstedt-Photography-9772-scaled.jpg","width":2560,"height":1706,"caption":"Familjefotografering i Ulriksdals slottspark"},{"@type":"BreadcrumbList","@id":"https:\/\/lindaotterstedt.com\/sv\/en-familjefotografering-fran-usa-till-ulriksdal\/#breadcrumb","itemListElement":[{"@type":"ListItem","position":1,"name":"Home","item":"https:\/\/lindaotterstedt.com\/sv\/"},{"@type":"ListItem","position":2,"name":"En familjefotografering &#8211; fr\u00e5n USA till Ulriksdal"}]},{"@type":"WebSite","@id":"https:\/\/lindaotterstedt.com\/sv\/#website","url":"https:\/\/lindaotterstedt.com\/sv\/","name":"Linda Otterstedt Photography","description":"Photography for generations to come","publisher":{"@id":"https:\/\/lindaotterstedt.com\/sv\/#organization"},"potentialAction":[{"@type":"SearchAction","target":{"@type":"EntryPoint","urlTemplate":"https:\/\/lindaotterstedt.com\/sv\/?s={search_term_string}"},"query-input":{"@type":"PropertyValueSpecification","valueRequired":true,"valueName":"search_term_string"}}],"inLanguage":"sv-SE"},{"@type":"Organization","@id":"https:\/\/lindaotterstedt.com\/sv\/#organization","name":"Linda Otterstedt Photography","alternateName":"LOP","url":"https:\/\/lindaotterstedt.com\/sv\/","logo":{"@type":"ImageObject","inLanguage":"sv-SE","@id":"https:\/\/lindaotterstedt.com\/sv\/#\/schema\/logo\/image\/","url":"https:\/\/lindaotterstedt.com\/wp-content\/uploads\/2023\/03\/1400_LOGO_Linda_Otterstedt_Standard_Logo_Transparent-copy.png","contentUrl":"https:\/\/lindaotterstedt.com\/wp-content\/uploads\/2023\/03\/1400_LOGO_Linda_Otterstedt_Standard_Logo_Transparent-copy.png","width":2684,"height":1400,"caption":"Linda Otterstedt Photography"},"image":{"@id":"https:\/\/lindaotterstedt.com\/sv\/#\/schema\/logo\/image\/"},"sameAs":["https:\/\/www.facebook.com\/lindaotterstedtphotography","https:\/\/www.instagram.com\/worldphotographer","https:\/\/www.instagram.com\/worldphotographer_weddings","https:\/\/www.linkedin.com\/in\/linda-otterstedt-1886235\/"]},{"@type":"Person","@id":"https:\/\/lindaotterstedt.com\/sv\/#\/schema\/person\/a8bc2e1a05abd2ffa46fddaa8cb4e2c3","name":"Linda Otterstedt"}]}},"_links":{"self":[{"href":"https:\/\/lindaotterstedt.com\/sv\/wp-json\/wp\/v2\/posts\/8987","targetHints":{"allow":["GET"]}}],"collection":[{"href":"https:\/\/lindaotterstedt.com\/sv\/wp-json\/wp\/v2\/posts"}],"about":[{"href":"https:\/\/lindaotterstedt.com\/sv\/wp-json\/wp\/v2\/types\/post"}],"author":[{"embeddable":true,"href":"https:\/\/lindaotterstedt.com\/sv\/wp-json\/wp\/v2\/users\/7"}],"replies":[{"embeddable":true,"href":"https:\/\/lindaotterstedt.com\/sv\/wp-json\/wp\/v2\/comments?post=8987"}],"version-history":[{"count":3,"href":"https:\/\/lindaotterstedt.com\/sv\/wp-json\/wp\/v2\/posts\/8987\/revisions"}],"predecessor-version":[{"id":8990,"href":"https:\/\/lindaotterstedt.com\/sv\/wp-json\/wp\/v2\/posts\/8987\/revisions\/8990"}],"wp:featuredmedia":[{"embeddable":true,"href":"https:\/\/lindaotterstedt.com\/sv\/wp-json\/wp\/v2\/media\/8960"}],"wp:attachment":[{"href":"https:\/\/lindaotterstedt.com\/sv\/wp-json\/wp\/v2\/media?parent=8987"}],"wp:term":[{"taxonomy":"category","embeddable":true,"href":"https:\/\/lindaotterstedt.com\/sv\/wp-json\/wp\/v2\/categories?post=8987"},{"taxonomy":"post_tag","embeddable":true,"href":"https:\/\/lindaotterstedt.com\/sv\/wp-json\/wp\/v2\/tags?post=8987"}],"curies":[{"name":"wp","href":"https:\/\/api.w.org\/{rel}","templated":true}]}}