{"id":9091,"date":"2025-08-03T22:24:08","date_gmt":"2025-08-03T20:24:08","guid":{"rendered":"https:\/\/lindaotterstedt.com\/hon-sa-ja-i-fjallbacka\/"},"modified":"2025-08-18T16:53:51","modified_gmt":"2025-08-18T14:53:51","slug":"hon-sa-ja-i-fjallbacka","status":"publish","type":"post","link":"https:\/\/lindaotterstedt.com\/sv\/hon-sa-ja-i-fjallbacka\/","title":{"rendered":"Hon sa ja i Fj\u00e4llbacka"},"content":{"rendered":"\n<p class=\"wp-block-paragraph\">Ibland k\u00e4nns verkliga k\u00e4rlekshistorier som om de vore tagna direkt ur en film &#8211; och den h\u00e4r var ren magi. Sa hon ja i Fj\u00e4llbacka eller inte? <\/p>\n\n<p class=\"wp-block-paragraph\"><\/p>\n\n<figure class=\"wp-block-image size-large\"><img loading=\"lazy\" decoding=\"async\" width=\"819\" height=\"1024\" src=\"https:\/\/lindaotterstedt.com\/wp-content\/uploads\/2025\/08\/Engagement-Linda-Otterstedt-Photography-0570-2-819x1024.jpg\" alt=\"\" class=\"wp-image-9009\" srcset=\"https:\/\/lindaotterstedt.com\/wp-content\/uploads\/2025\/08\/Engagement-Linda-Otterstedt-Photography-0570-2-819x1024.jpg 819w, https:\/\/lindaotterstedt.com\/wp-content\/uploads\/2025\/08\/Engagement-Linda-Otterstedt-Photography-0570-2-480x600.jpg 480w\" sizes=\"(min-width: 0px) and (max-width: 480px) 480px, (min-width: 481px) 819px, 100vw\" \/><\/figure>\n\n<p class=\"wp-block-paragraph\"><\/p>\n\n<h2 class=\"wp-block-heading\">Hemligt frieri<\/h2>\n\n<p class=\"wp-block-paragraph\">Tidigare i sommar hade jag \u00e4ran att fotografera en f\u00f6rlovning som \u00e4gde rum mitt i hj\u00e4rtat av den svenska v\u00e4stkusten &#8211; i den vackra kustbyn Fj\u00e4llbacka, min egen hemort. Om du n\u00e5gonsin har varit d\u00e4r vet du att det \u00e4r en plats d\u00e4r tiden tycks ha stannat upp. Med sina r\u00f6da sj\u00f6bodar, salta luft och stilla vatten som speglar den skandinaviska himlen. Men inget stilla vatten den h\u00e4r dagen!   <\/p>\n\n<p class=\"wp-block-paragraph\"><\/p>\n\n<figure class=\"wp-block-gallery has-nested-images columns-default is-cropped wp-block-gallery-1 is-layout-flex wp-block-gallery-is-layout-flex\">\n<figure class=\"wp-block-image size-large\"><img loading=\"lazy\" decoding=\"async\" width=\"1024\" height=\"682\" data-id=\"9014\" src=\"https:\/\/lindaotterstedt.com\/wp-content\/uploads\/2025\/08\/Engagement-Linda-Otterstedt-Photography-0199-1024x682.jpg\" alt=\"\" class=\"wp-image-9014\" srcset=\"https:\/\/lindaotterstedt.com\/wp-content\/uploads\/2025\/08\/Engagement-Linda-Otterstedt-Photography-0199-1024x682.jpg 1024w, https:\/\/lindaotterstedt.com\/wp-content\/uploads\/2025\/08\/Engagement-Linda-Otterstedt-Photography-0199-980x653.jpg 980w, https:\/\/lindaotterstedt.com\/wp-content\/uploads\/2025\/08\/Engagement-Linda-Otterstedt-Photography-0199-480x320.jpg 480w\" sizes=\"(min-width: 0px) and (max-width: 480px) 480px, (min-width: 481px) and (max-width: 980px) 980px, (min-width: 981px) 1024px, 100vw\" \/><\/figure>\n\n\n\n<figure class=\"wp-block-image size-large\"><img loading=\"lazy\" decoding=\"async\" width=\"1024\" height=\"682\" data-id=\"9016\" src=\"https:\/\/lindaotterstedt.com\/wp-content\/uploads\/2025\/08\/Engagement-Linda-Otterstedt-Photography-0202-1024x682.jpg\" alt=\"\" class=\"wp-image-9016\" srcset=\"https:\/\/lindaotterstedt.com\/wp-content\/uploads\/2025\/08\/Engagement-Linda-Otterstedt-Photography-0202-1024x682.jpg 1024w, https:\/\/lindaotterstedt.com\/wp-content\/uploads\/2025\/08\/Engagement-Linda-Otterstedt-Photography-0202-980x653.jpg 980w, https:\/\/lindaotterstedt.com\/wp-content\/uploads\/2025\/08\/Engagement-Linda-Otterstedt-Photography-0202-480x320.jpg 480w\" sizes=\"(min-width: 0px) and (max-width: 480px) 480px, (min-width: 481px) and (max-width: 980px) 980px, (min-width: 981px) 1024px, 100vw\" \/><\/figure>\n\n\n\n<figure class=\"wp-block-image size-large\"><img loading=\"lazy\" decoding=\"async\" width=\"1024\" height=\"682\" data-id=\"9018\" src=\"https:\/\/lindaotterstedt.com\/wp-content\/uploads\/2025\/08\/Engagement-Linda-Otterstedt-Photography-0228-1024x682.jpg\" alt=\"\" class=\"wp-image-9018\" srcset=\"https:\/\/lindaotterstedt.com\/wp-content\/uploads\/2025\/08\/Engagement-Linda-Otterstedt-Photography-0228-1024x682.jpg 1024w, https:\/\/lindaotterstedt.com\/wp-content\/uploads\/2025\/08\/Engagement-Linda-Otterstedt-Photography-0228-980x653.jpg 980w, https:\/\/lindaotterstedt.com\/wp-content\/uploads\/2025\/08\/Engagement-Linda-Otterstedt-Photography-0228-480x320.jpg 480w\" sizes=\"(min-width: 0px) and (max-width: 480px) 480px, (min-width: 481px) and (max-width: 980px) 980px, (min-width: 981px) 1024px, 100vw\" \/><\/figure>\n\n\n\n<figure class=\"wp-block-image size-large\"><img loading=\"lazy\" decoding=\"async\" width=\"682\" height=\"1024\" data-id=\"9020\" src=\"https:\/\/lindaotterstedt.com\/wp-content\/uploads\/2025\/08\/Engagement-Linda-Otterstedt-Photography-0242-682x1024.jpg\" alt=\"\" class=\"wp-image-9020\" srcset=\"https:\/\/lindaotterstedt.com\/wp-content\/uploads\/2025\/08\/Engagement-Linda-Otterstedt-Photography-0242-682x1024.jpg 682w, https:\/\/lindaotterstedt.com\/wp-content\/uploads\/2025\/08\/Engagement-Linda-Otterstedt-Photography-0242-480x721.jpg 480w\" sizes=\"(min-width: 0px) and (max-width: 480px) 480px, (min-width: 481px) 682px, 100vw\" \/><\/figure>\n\n\n\n<figure class=\"wp-block-image size-large\"><img loading=\"lazy\" decoding=\"async\" width=\"1024\" height=\"682\" data-id=\"9022\" src=\"https:\/\/lindaotterstedt.com\/wp-content\/uploads\/2025\/08\/Engagement-Linda-Otterstedt-Photography-0268-1024x682.jpg\" alt=\"\" class=\"wp-image-9022\" srcset=\"https:\/\/lindaotterstedt.com\/wp-content\/uploads\/2025\/08\/Engagement-Linda-Otterstedt-Photography-0268-1024x682.jpg 1024w, https:\/\/lindaotterstedt.com\/wp-content\/uploads\/2025\/08\/Engagement-Linda-Otterstedt-Photography-0268-980x653.jpg 980w, https:\/\/lindaotterstedt.com\/wp-content\/uploads\/2025\/08\/Engagement-Linda-Otterstedt-Photography-0268-480x320.jpg 480w\" sizes=\"(min-width: 0px) and (max-width: 480px) 480px, (min-width: 481px) and (max-width: 980px) 980px, (min-width: 981px) 1024px, 100vw\" \/><\/figure>\n<\/figure>\n\n<p class=\"wp-block-paragraph\"><\/p>\n\n<h2 class=\"wp-block-heading\">Skulle den h\u00e4r resan f\u00f6r\u00e4ndra allt?<\/h2>\n\n<p class=\"wp-block-paragraph\">Han \u00e4r h\u00e4lften svensk, h\u00e4lften amerikan och v\u00e4xte upp och tillbringade sina somrar p\u00e5 just den h\u00e4r platsen. Hon \u00e4r fr\u00e5n USA och det h\u00e4r var andra g\u00e5ngen hon bes\u00f6kte Fj\u00e4llbacka. Vad hon inte visste var att den h\u00e4r resan skulle f\u00f6r\u00e4ndra allt.  <\/p>\n\n<p class=\"wp-block-paragraph\"><\/p>\n\n<figure class=\"wp-block-gallery has-nested-images columns-default is-cropped wp-block-gallery-2 is-layout-flex wp-block-gallery-is-layout-flex\">\n<figure class=\"wp-block-image size-large\"><img loading=\"lazy\" decoding=\"async\" width=\"1024\" height=\"681\" data-id=\"9058\" src=\"https:\/\/lindaotterstedt.com\/wp-content\/uploads\/2025\/08\/Engagement-Linda-Otterstedt-Photography-6994-1024x681.jpg\" alt=\"\" class=\"wp-image-9058\" srcset=\"https:\/\/lindaotterstedt.com\/wp-content\/uploads\/2025\/08\/Engagement-Linda-Otterstedt-Photography-6994-1024x681.jpg 1024w, https:\/\/lindaotterstedt.com\/wp-content\/uploads\/2025\/08\/Engagement-Linda-Otterstedt-Photography-6994-980x652.jpg 980w, https:\/\/lindaotterstedt.com\/wp-content\/uploads\/2025\/08\/Engagement-Linda-Otterstedt-Photography-6994-480x319.jpg 480w\" sizes=\"(min-width: 0px) and (max-width: 480px) 480px, (min-width: 481px) and (max-width: 980px) 980px, (min-width: 981px) 1024px, 100vw\" \/><\/figure>\n\n\n\n<figure class=\"wp-block-image size-large\"><img loading=\"lazy\" decoding=\"async\" width=\"681\" height=\"1024\" data-id=\"9060\" src=\"https:\/\/lindaotterstedt.com\/wp-content\/uploads\/2025\/08\/Engagement-Linda-Otterstedt-Photography-7026-681x1024.jpg\" alt=\"\" class=\"wp-image-9060\" srcset=\"https:\/\/lindaotterstedt.com\/wp-content\/uploads\/2025\/08\/Engagement-Linda-Otterstedt-Photography-7026-681x1024.jpg 681w, https:\/\/lindaotterstedt.com\/wp-content\/uploads\/2025\/08\/Engagement-Linda-Otterstedt-Photography-7026-480x722.jpg 480w\" sizes=\"(min-width: 0px) and (max-width: 480px) 480px, (min-width: 481px) 681px, 100vw\" \/><\/figure>\n\n\n\n<figure class=\"wp-block-image size-large\"><img loading=\"lazy\" decoding=\"async\" width=\"681\" height=\"1024\" data-id=\"9054\" src=\"https:\/\/lindaotterstedt.com\/wp-content\/uploads\/2025\/08\/Engagement-Linda-Otterstedt-Photography-6974-681x1024.jpg\" alt=\"\" class=\"wp-image-9054\" srcset=\"https:\/\/lindaotterstedt.com\/wp-content\/uploads\/2025\/08\/Engagement-Linda-Otterstedt-Photography-6974-681x1024.jpg 681w, https:\/\/lindaotterstedt.com\/wp-content\/uploads\/2025\/08\/Engagement-Linda-Otterstedt-Photography-6974-480x722.jpg 480w\" sizes=\"(min-width: 0px) and (max-width: 480px) 480px, (min-width: 481px) 681px, 100vw\" \/><figcaption class=\"wp-element-caption\">Hon sa JA!<\/figcaption><\/figure>\n<\/figure>\n\n<p class=\"wp-block-paragraph\"><\/p>\n\n<h2 class=\"wp-block-heading\">Vill du gifta dig med mig?<\/h2>\n\n<p class=\"wp-block-paragraph\">Han hade planerat att ta med henne ut p\u00e5 havet i en b\u00e5t och fria p\u00e5 vattnet, men som tur var visade det sig vara <em>en av de bl\u00e5sigaste dagarna p\u00e5 hela sommaren<\/em>. V\u00e5gorna var vilda och vinden tj\u00f6t, s\u00e5 den ursprungliga planen fick skrotas. Ist\u00e4llet friade han p\u00e5 bryggan precis utanf\u00f6r familjens nya charmiga b\u00e5thus och \u00e4rligt talat kunde det inte ha varit mer perfekt.  <\/p>\n\n<p class=\"wp-block-paragraph\"><\/p>\n\n<figure class=\"wp-block-image size-large\"><img loading=\"lazy\" decoding=\"async\" width=\"1024\" height=\"682\" src=\"https:\/\/lindaotterstedt.com\/wp-content\/uploads\/2025\/08\/Engagement-Linda-Otterstedt-Photography-6962-1024x682.jpg\" alt=\"\" class=\"wp-image-9050\" srcset=\"https:\/\/lindaotterstedt.com\/wp-content\/uploads\/2025\/08\/Engagement-Linda-Otterstedt-Photography-6962-1024x682.jpg 1024w, https:\/\/lindaotterstedt.com\/wp-content\/uploads\/2025\/08\/Engagement-Linda-Otterstedt-Photography-6962-980x653.jpg 980w, https:\/\/lindaotterstedt.com\/wp-content\/uploads\/2025\/08\/Engagement-Linda-Otterstedt-Photography-6962-480x320.jpg 480w\" sizes=\"(min-width: 0px) and (max-width: 480px) 480px, (min-width: 481px) and (max-width: 980px) 980px, (min-width: 981px) 1024px, 100vw\" \/><\/figure>\n\n<p class=\"wp-block-paragraph\"><\/p>\n\n<h2 class=\"wp-block-heading\">Hon sa JA!<\/h2>\n\n<p class=\"wp-block-paragraph\">Med hj\u00e4rtan, blommor och ljudet av det brusande havet omkring sig gick han ner p\u00e5 kn\u00e4 och friade.<\/p>\n\n<p class=\"wp-block-paragraph\">Men h\u00e4r kommer det som gjorde det hela \u00e4nnu mer of\u00f6rgl\u00f6mligt: inte bara var n\u00e4stan hela hans familj d\u00e4r f\u00f6r att bevittna \u00f6gonblicket, utan \u00e4ven <em>hennes<\/em> mamma. Hon fl\u00f6gs i hemlighet in fr\u00e5n USA av hans f\u00f6r\u00e4ldrar som en del av \u00f6verraskningen. Hon hade absolut ingen aning om det. Hennes reaktion n\u00e4r hon s\u00e5g sin mamma, bara n\u00e5gra \u00f6gonblick efter att ha sagt ja, var fylld av gl\u00e4djet\u00e5rar, kramar och mycket skratt. Se hur hennes mamma g\u00f6mmer sig med sin telefon och pratar p\u00e5 FaceTime med pappan.    <\/p>\n\n<p class=\"wp-block-paragraph\"><\/p>\n\n<figure class=\"wp-block-gallery has-nested-images columns-default is-cropped wp-block-gallery-3 is-layout-flex wp-block-gallery-is-layout-flex\">\n<figure class=\"wp-block-image size-large\"><img loading=\"lazy\" decoding=\"async\" width=\"681\" height=\"1024\" data-id=\"9042\" src=\"https:\/\/lindaotterstedt.com\/wp-content\/uploads\/2025\/08\/Engagement-Linda-Otterstedt-Photography-6912-681x1024.jpg\" alt=\"\" class=\"wp-image-9042\" srcset=\"https:\/\/lindaotterstedt.com\/wp-content\/uploads\/2025\/08\/Engagement-Linda-Otterstedt-Photography-6912-681x1024.jpg 681w, https:\/\/lindaotterstedt.com\/wp-content\/uploads\/2025\/08\/Engagement-Linda-Otterstedt-Photography-6912-480x722.jpg 480w\" sizes=\"(min-width: 0px) and (max-width: 480px) 480px, (min-width: 481px) 681px, 100vw\" \/><\/figure>\n\n\n\n<figure class=\"wp-block-image size-large\"><img loading=\"lazy\" decoding=\"async\" width=\"681\" height=\"1024\" data-id=\"9056\" src=\"https:\/\/lindaotterstedt.com\/wp-content\/uploads\/2025\/08\/Engagement-Linda-Otterstedt-Photography-6978-681x1024.jpg\" alt=\"\" class=\"wp-image-9056\" srcset=\"https:\/\/lindaotterstedt.com\/wp-content\/uploads\/2025\/08\/Engagement-Linda-Otterstedt-Photography-6978-681x1024.jpg 681w, https:\/\/lindaotterstedt.com\/wp-content\/uploads\/2025\/08\/Engagement-Linda-Otterstedt-Photography-6978-480x722.jpg 480w\" sizes=\"(min-width: 0px) and (max-width: 480px) 480px, (min-width: 481px) 681px, 100vw\" \/><\/figure>\n\n\n\n<figure class=\"wp-block-image size-large\"><img loading=\"lazy\" decoding=\"async\" width=\"819\" height=\"1024\" data-id=\"9026\" src=\"https:\/\/lindaotterstedt.com\/wp-content\/uploads\/2025\/08\/Engagement-Linda-Otterstedt-Photography-0397-819x1024.jpg\" alt=\"\" class=\"wp-image-9026\" srcset=\"https:\/\/lindaotterstedt.com\/wp-content\/uploads\/2025\/08\/Engagement-Linda-Otterstedt-Photography-0397-819x1024.jpg 819w, https:\/\/lindaotterstedt.com\/wp-content\/uploads\/2025\/08\/Engagement-Linda-Otterstedt-Photography-0397-480x600.jpg 480w\" sizes=\"(min-width: 0px) and (max-width: 480px) 480px, (min-width: 481px) 819px, 100vw\" \/><\/figure>\n<\/figure>\n\n<p class=\"wp-block-paragraph\"><\/p>\n\n<h2 class=\"wp-block-heading\">En kort fotosession med det nyf\u00f6rlovade paret<\/h2>\n\n<p class=\"wp-block-paragraph\">Efter frieriet poppade de champagne och vi hade en liten fotosession bland b\u00e5tar och sj\u00f6bodar, vindpinade men str\u00e5lande. <\/p>\n\n<p class=\"wp-block-paragraph\"><\/p>\n\n<figure class=\"wp-block-gallery has-nested-images columns-default is-cropped wp-block-gallery-4 is-layout-flex wp-block-gallery-is-layout-flex\">\n<figure class=\"wp-block-image size-large\"><img loading=\"lazy\" decoding=\"async\" width=\"681\" height=\"1024\" data-id=\"9070\" src=\"https:\/\/lindaotterstedt.com\/wp-content\/uploads\/2025\/08\/Engagement-Linda-Otterstedt-Photography-7270-2-681x1024.jpg\" alt=\"\" class=\"wp-image-9070\" srcset=\"https:\/\/lindaotterstedt.com\/wp-content\/uploads\/2025\/08\/Engagement-Linda-Otterstedt-Photography-7270-2-681x1024.jpg 681w, https:\/\/lindaotterstedt.com\/wp-content\/uploads\/2025\/08\/Engagement-Linda-Otterstedt-Photography-7270-2-480x722.jpg 480w\" sizes=\"(min-width: 0px) and (max-width: 480px) 480px, (min-width: 481px) 681px, 100vw\" \/><\/figure>\n\n\n\n<figure class=\"wp-block-image size-large\"><img loading=\"lazy\" decoding=\"async\" width=\"1024\" height=\"682\" data-id=\"9038\" src=\"https:\/\/lindaotterstedt.com\/wp-content\/uploads\/2025\/08\/Engagement-Linda-Otterstedt-Photography-0575-1024x682.jpg\" alt=\"\" class=\"wp-image-9038\" srcset=\"https:\/\/lindaotterstedt.com\/wp-content\/uploads\/2025\/08\/Engagement-Linda-Otterstedt-Photography-0575-1024x682.jpg 1024w, https:\/\/lindaotterstedt.com\/wp-content\/uploads\/2025\/08\/Engagement-Linda-Otterstedt-Photography-0575-980x653.jpg 980w, https:\/\/lindaotterstedt.com\/wp-content\/uploads\/2025\/08\/Engagement-Linda-Otterstedt-Photography-0575-480x320.jpg 480w\" sizes=\"(min-width: 0px) and (max-width: 480px) 480px, (min-width: 481px) and (max-width: 980px) 980px, (min-width: 981px) 1024px, 100vw\" \/><\/figure>\n\n\n\n<figure class=\"wp-block-image size-large\"><img loading=\"lazy\" decoding=\"async\" width=\"819\" height=\"1024\" data-id=\"9034\" src=\"https:\/\/lindaotterstedt.com\/wp-content\/uploads\/2025\/08\/Engagement-Linda-Otterstedt-Photography-0570-2-1-819x1024.jpg\" alt=\"\" class=\"wp-image-9034\" srcset=\"https:\/\/lindaotterstedt.com\/wp-content\/uploads\/2025\/08\/Engagement-Linda-Otterstedt-Photography-0570-2-1-819x1024.jpg 819w, https:\/\/lindaotterstedt.com\/wp-content\/uploads\/2025\/08\/Engagement-Linda-Otterstedt-Photography-0570-2-1-480x600.jpg 480w\" sizes=\"(min-width: 0px) and (max-width: 480px) 480px, (min-width: 481px) 819px, 100vw\" \/><\/figure>\n<\/figure>\n\n<p class=\"wp-block-paragraph\"><\/p>\n\n<h2 class=\"wp-block-heading\">B\u00e4sta catering i byn<\/h2>\n\n<p class=\"wp-block-paragraph\">N\u00e4r jag hade \u00e5kt fortsatte firandet med en middag med catering fr\u00e5n <a href=\"https:\/\/www.brygganfjallbacka.se\">Bryggan<\/a> &#8211; ett av Fj\u00e4llbackas b\u00e4sta st\u00e4llen f\u00f6r lokala skaldjur och kustcharm. Det var intimt, k\u00e4nslosamt och fullt av k\u00e4rlek. Och att fotografera s\u00e5dana h\u00e4r \u00f6gonblick &#8211; p\u00e5 platser som \u00e4r s\u00e5 betydelsefulla som denna &#8211; \u00e4r anledningen till att jag \u00e4lskar det jag g\u00f6r.  <\/p>\n\n<p class=\"wp-block-paragraph\"><\/p>\n\n<figure class=\"wp-block-gallery has-nested-images columns-default is-cropped wp-block-gallery-5 is-layout-flex wp-block-gallery-is-layout-flex\">\n<figure class=\"wp-block-image size-large\"><img loading=\"lazy\" decoding=\"async\" width=\"1024\" height=\"681\" data-id=\"9062\" src=\"https:\/\/lindaotterstedt.com\/wp-content\/uploads\/2025\/08\/Engagement-Linda-Otterstedt-Photography-7108-1024x681.jpg\" alt=\"\" class=\"wp-image-9062\" srcset=\"https:\/\/lindaotterstedt.com\/wp-content\/uploads\/2025\/08\/Engagement-Linda-Otterstedt-Photography-7108-1024x681.jpg 1024w, https:\/\/lindaotterstedt.com\/wp-content\/uploads\/2025\/08\/Engagement-Linda-Otterstedt-Photography-7108-980x652.jpg 980w, https:\/\/lindaotterstedt.com\/wp-content\/uploads\/2025\/08\/Engagement-Linda-Otterstedt-Photography-7108-480x319.jpg 480w\" sizes=\"(min-width: 0px) and (max-width: 480px) 480px, (min-width: 481px) and (max-width: 980px) 980px, (min-width: 981px) 1024px, 100vw\" \/><\/figure>\n\n\n\n<figure class=\"wp-block-image size-large\"><img loading=\"lazy\" decoding=\"async\" width=\"1024\" height=\"681\" data-id=\"9076\" src=\"https:\/\/lindaotterstedt.com\/wp-content\/uploads\/2025\/08\/Engagement-Linda-Otterstedt-Photography-7314-1024x681.jpg\" alt=\"\" class=\"wp-image-9076\" srcset=\"https:\/\/lindaotterstedt.com\/wp-content\/uploads\/2025\/08\/Engagement-Linda-Otterstedt-Photography-7314-1024x681.jpg 1024w, https:\/\/lindaotterstedt.com\/wp-content\/uploads\/2025\/08\/Engagement-Linda-Otterstedt-Photography-7314-980x652.jpg 980w, https:\/\/lindaotterstedt.com\/wp-content\/uploads\/2025\/08\/Engagement-Linda-Otterstedt-Photography-7314-480x319.jpg 480w\" sizes=\"(min-width: 0px) and (max-width: 480px) 480px, (min-width: 481px) and (max-width: 980px) 980px, (min-width: 981px) 1024px, 100vw\" \/><\/figure>\n\n\n\n<figure class=\"wp-block-image size-large\"><img loading=\"lazy\" decoding=\"async\" width=\"681\" height=\"1024\" data-id=\"9066\" src=\"https:\/\/lindaotterstedt.com\/wp-content\/uploads\/2025\/08\/Engagement-Linda-Otterstedt-Photography-7149-681x1024.jpg\" alt=\"\" class=\"wp-image-9066\" srcset=\"https:\/\/lindaotterstedt.com\/wp-content\/uploads\/2025\/08\/Engagement-Linda-Otterstedt-Photography-7149-681x1024.jpg 681w, https:\/\/lindaotterstedt.com\/wp-content\/uploads\/2025\/08\/Engagement-Linda-Otterstedt-Photography-7149-480x722.jpg 480w\" sizes=\"(min-width: 0px) and (max-width: 480px) 480px, (min-width: 481px) 681px, 100vw\" \/><\/figure>\n\n\n\n<figure class=\"wp-block-image size-large\"><img loading=\"lazy\" decoding=\"async\" width=\"1024\" height=\"681\" data-id=\"9068\" src=\"https:\/\/lindaotterstedt.com\/wp-content\/uploads\/2025\/08\/Engagement-Linda-Otterstedt-Photography-7180-1024x681.jpg\" alt=\"\" class=\"wp-image-9068\" srcset=\"https:\/\/lindaotterstedt.com\/wp-content\/uploads\/2025\/08\/Engagement-Linda-Otterstedt-Photography-7180-1024x681.jpg 1024w, https:\/\/lindaotterstedt.com\/wp-content\/uploads\/2025\/08\/Engagement-Linda-Otterstedt-Photography-7180-980x652.jpg 980w, https:\/\/lindaotterstedt.com\/wp-content\/uploads\/2025\/08\/Engagement-Linda-Otterstedt-Photography-7180-480x319.jpg 480w\" sizes=\"(min-width: 0px) and (max-width: 480px) 480px, (min-width: 481px) and (max-width: 980px) 980px, (min-width: 981px) 1024px, 100vw\" \/><\/figure>\n\n\n\n<figure class=\"wp-block-image size-large\"><img loading=\"lazy\" decoding=\"async\" width=\"1024\" height=\"681\" data-id=\"9082\" src=\"https:\/\/lindaotterstedt.com\/wp-content\/uploads\/2025\/08\/Engagement-Linda-Otterstedt-Photography-7321-1024x681.jpg\" alt=\"\" class=\"wp-image-9082\" srcset=\"https:\/\/lindaotterstedt.com\/wp-content\/uploads\/2025\/08\/Engagement-Linda-Otterstedt-Photography-7321-1024x681.jpg 1024w, https:\/\/lindaotterstedt.com\/wp-content\/uploads\/2025\/08\/Engagement-Linda-Otterstedt-Photography-7321-980x652.jpg 980w, https:\/\/lindaotterstedt.com\/wp-content\/uploads\/2025\/08\/Engagement-Linda-Otterstedt-Photography-7321-480x319.jpg 480w\" sizes=\"(min-width: 0px) and (max-width: 480px) 480px, (min-width: 481px) and (max-width: 980px) 980px, (min-width: 981px) 1024px, 100vw\" \/><\/figure>\n<\/figure>\n\n<p class=\"wp-block-paragraph\"><\/p>\n\n<p class=\"wp-block-paragraph\">Grattis till det finaste paret. Fj\u00e4llbacka kommer alltid att ha en speciell plats i ditt hj\u00e4rta. <\/p>\n\n<p class=\"wp-block-paragraph\"><\/p>\n\n<p class=\"wp-block-paragraph\">Om du vill att jag ska fotografera din f\u00f6rlovning eller ditt br\u00f6llop, forts\u00e4tt d\u00e5 till<\/p>\n\n<p class=\"wp-block-paragraph\"> <a href=\"https:\/\/lindaotterstedt.com\/sv\/brollopsfotograf-fjallbacka\/\"> den h\u00e4r sidan f\u00f6r mer information om br\u00f6llop i Fj\u00e4llbacka<\/a>. <\/p>\n\n<p class=\"wp-block-paragraph\"><\/p>\n\n<p class=\"wp-block-paragraph\"><a href=\"https:\/\/lindaotterstedt.com\/sv\/brollopsfotograf-stockholm\/\">F\u00f6r mer information om br\u00f6llop i Stockholm, kolla in den h\u00e4r sidan.<\/a><\/p>\n\n<p class=\"wp-block-paragraph\"><\/p>\n\n<h2 class=\"wp-block-heading\">V\u00e4lkommen! \/LINDA<\/h2>\n","protected":false},"excerpt":{"rendered":"<p>Ibland k\u00e4nns verkliga k\u00e4rlekshistorier som om de vore tagna direkt ur en film &#8211; och den h\u00e4r var ren magi. Sa hon ja i Fj\u00e4llbacka eller inte? Hemligt frieri Tidigare i sommar hade jag \u00e4ran att fotografera en f\u00f6rlovning som \u00e4gde rum mitt i hj\u00e4rtat av den svenska v\u00e4stkusten &#8211; i den vackra kustbyn Fj\u00e4llbacka, [&hellip;]<\/p>\n","protected":false},"author":7,"featured_media":9059,"comment_status":"closed","ping_status":"open","sticky":false,"template":"","format":"standard","meta":{"_et_pb_use_builder":"","_et_pb_old_content":"","_et_gb_content_width":"","footnotes":""},"categories":[86],"tags":[141],"class_list":["post-9091","post","type-post","status-publish","format-standard","has-post-thumbnail","hentry","category-brollop","tag-brollop2027"],"yoast_head":"<!-- This site is optimized with the Yoast SEO plugin v28.2 - https:\/\/yoast.com\/product\/yoast-seo-wordpress\/ -->\n<title>Hon sa ja i Fj\u00e4llbacka - Linda Otterstedt Photography<\/title>\n<meta name=\"robots\" content=\"index, follow, max-snippet:-1, max-image-preview:large, max-video-preview:-1\" \/>\n<link rel=\"canonical\" href=\"https:\/\/lindaotterstedt.com\/sv\/hon-sa-ja-i-fjallbacka\/\" \/>\n<meta property=\"og:locale\" content=\"sv_SE\" \/>\n<meta property=\"og:type\" content=\"article\" \/>\n<meta property=\"og:title\" content=\"Hon sa ja i Fj\u00e4llbacka - Linda Otterstedt Photography\" \/>\n<meta property=\"og:description\" content=\"Ibland k\u00e4nns verkliga k\u00e4rlekshistorier som om de vore tagna direkt ur en film &#8211; och den h\u00e4r var ren magi. Sa hon ja i Fj\u00e4llbacka eller inte? Hemligt frieri Tidigare i sommar hade jag \u00e4ran att fotografera en f\u00f6rlovning som \u00e4gde rum mitt i hj\u00e4rtat av den svenska v\u00e4stkusten &#8211; i den vackra kustbyn Fj\u00e4llbacka, [&hellip;]\" \/>\n<meta property=\"og:url\" content=\"https:\/\/lindaotterstedt.com\/sv\/hon-sa-ja-i-fjallbacka\/\" \/>\n<meta property=\"og:site_name\" content=\"Linda Otterstedt Photography\" \/>\n<meta property=\"article:publisher\" content=\"https:\/\/www.facebook.com\/lindaotterstedtphotography\" \/>\n<meta property=\"article:published_time\" content=\"2025-08-03T20:24:08+00:00\" \/>\n<meta property=\"article:modified_time\" content=\"2025-08-18T14:53:51+00:00\" \/>\n<meta property=\"og:image\" content=\"https:\/\/lindaotterstedt.com\/wp-content\/uploads\/2025\/08\/Engagement-Linda-Otterstedt-Photography-6994.jpg\" \/>\n\t<meta property=\"og:image:width\" content=\"1200\" \/>\n\t<meta property=\"og:image:height\" content=\"798\" \/>\n\t<meta property=\"og:image:type\" content=\"image\/jpeg\" \/>\n<meta name=\"author\" content=\"Linda Otterstedt\" \/>\n<meta name=\"twitter:card\" content=\"summary_large_image\" \/>\n<meta name=\"twitter:label1\" content=\"Skriven av\" \/>\n\t<meta name=\"twitter:data1\" content=\"Linda Otterstedt\" \/>\n\t<meta name=\"twitter:label2\" content=\"Ber\u00e4knad l\u00e4stid\" \/>\n\t<meta name=\"twitter:data2\" content=\"3 minuter\" \/>\n<script type=\"application\/ld+json\" class=\"yoast-schema-graph\">{\"@context\":\"https:\\\/\\\/schema.org\",\"@graph\":[{\"@type\":\"Article\",\"@id\":\"https:\\\/\\\/lindaotterstedt.com\\\/sv\\\/hon-sa-ja-i-fjallbacka\\\/#article\",\"isPartOf\":{\"@id\":\"https:\\\/\\\/lindaotterstedt.com\\\/sv\\\/hon-sa-ja-i-fjallbacka\\\/\"},\"author\":{\"name\":\"Linda Otterstedt\",\"@id\":\"https:\\\/\\\/lindaotterstedt.com\\\/sv\\\/#\\\/schema\\\/person\\\/a8bc2e1a05abd2ffa46fddaa8cb4e2c3\"},\"headline\":\"Hon sa ja i Fj\u00e4llbacka\",\"datePublished\":\"2025-08-03T20:24:08+00:00\",\"dateModified\":\"2025-08-18T14:53:51+00:00\",\"mainEntityOfPage\":{\"@id\":\"https:\\\/\\\/lindaotterstedt.com\\\/sv\\\/hon-sa-ja-i-fjallbacka\\\/\"},\"wordCount\":559,\"publisher\":{\"@id\":\"https:\\\/\\\/lindaotterstedt.com\\\/sv\\\/#organization\"},\"image\":{\"@id\":\"https:\\\/\\\/lindaotterstedt.com\\\/sv\\\/hon-sa-ja-i-fjallbacka\\\/#primaryimage\"},\"thumbnailUrl\":\"https:\\\/\\\/lindaotterstedt.com\\\/wp-content\\\/uploads\\\/2025\\\/08\\\/Engagement-Linda-Otterstedt-Photography-6994.jpg\",\"keywords\":[\"br\u00f6llop2027\"],\"articleSection\":[\"Br\u00f6llop\"],\"inLanguage\":\"sv-SE\"},{\"@type\":\"WebPage\",\"@id\":\"https:\\\/\\\/lindaotterstedt.com\\\/sv\\\/hon-sa-ja-i-fjallbacka\\\/\",\"url\":\"https:\\\/\\\/lindaotterstedt.com\\\/sv\\\/hon-sa-ja-i-fjallbacka\\\/\",\"name\":\"Hon sa ja i Fj\u00e4llbacka - Linda Otterstedt Photography\",\"isPartOf\":{\"@id\":\"https:\\\/\\\/lindaotterstedt.com\\\/sv\\\/#website\"},\"primaryImageOfPage\":{\"@id\":\"https:\\\/\\\/lindaotterstedt.com\\\/sv\\\/hon-sa-ja-i-fjallbacka\\\/#primaryimage\"},\"image\":{\"@id\":\"https:\\\/\\\/lindaotterstedt.com\\\/sv\\\/hon-sa-ja-i-fjallbacka\\\/#primaryimage\"},\"thumbnailUrl\":\"https:\\\/\\\/lindaotterstedt.com\\\/wp-content\\\/uploads\\\/2025\\\/08\\\/Engagement-Linda-Otterstedt-Photography-6994.jpg\",\"datePublished\":\"2025-08-03T20:24:08+00:00\",\"dateModified\":\"2025-08-18T14:53:51+00:00\",\"breadcrumb\":{\"@id\":\"https:\\\/\\\/lindaotterstedt.com\\\/sv\\\/hon-sa-ja-i-fjallbacka\\\/#breadcrumb\"},\"inLanguage\":\"sv-SE\",\"potentialAction\":[{\"@type\":\"ReadAction\",\"target\":[\"https:\\\/\\\/lindaotterstedt.com\\\/sv\\\/hon-sa-ja-i-fjallbacka\\\/\"]}]},{\"@type\":\"ImageObject\",\"inLanguage\":\"sv-SE\",\"@id\":\"https:\\\/\\\/lindaotterstedt.com\\\/sv\\\/hon-sa-ja-i-fjallbacka\\\/#primaryimage\",\"url\":\"https:\\\/\\\/lindaotterstedt.com\\\/wp-content\\\/uploads\\\/2025\\\/08\\\/Engagement-Linda-Otterstedt-Photography-6994.jpg\",\"contentUrl\":\"https:\\\/\\\/lindaotterstedt.com\\\/wp-content\\\/uploads\\\/2025\\\/08\\\/Engagement-Linda-Otterstedt-Photography-6994.jpg\",\"width\":1200,\"height\":798,\"caption\":\"Wedding proposal in Fj\u00e4llbacka\"},{\"@type\":\"BreadcrumbList\",\"@id\":\"https:\\\/\\\/lindaotterstedt.com\\\/sv\\\/hon-sa-ja-i-fjallbacka\\\/#breadcrumb\",\"itemListElement\":[{\"@type\":\"ListItem\",\"position\":1,\"name\":\"Home\",\"item\":\"https:\\\/\\\/lindaotterstedt.com\\\/sv\\\/\"},{\"@type\":\"ListItem\",\"position\":2,\"name\":\"Hon sa ja i Fj\u00e4llbacka\"}]},{\"@type\":\"WebSite\",\"@id\":\"https:\\\/\\\/lindaotterstedt.com\\\/sv\\\/#website\",\"url\":\"https:\\\/\\\/lindaotterstedt.com\\\/sv\\\/\",\"name\":\"Linda Otterstedt Photography\",\"description\":\"Photography for generations to come\",\"publisher\":{\"@id\":\"https:\\\/\\\/lindaotterstedt.com\\\/sv\\\/#organization\"},\"potentialAction\":[{\"@type\":\"SearchAction\",\"target\":{\"@type\":\"EntryPoint\",\"urlTemplate\":\"https:\\\/\\\/lindaotterstedt.com\\\/sv\\\/?s={search_term_string}\"},\"query-input\":{\"@type\":\"PropertyValueSpecification\",\"valueRequired\":true,\"valueName\":\"search_term_string\"}}],\"inLanguage\":\"sv-SE\"},{\"@type\":\"Organization\",\"@id\":\"https:\\\/\\\/lindaotterstedt.com\\\/sv\\\/#organization\",\"name\":\"Linda Otterstedt Photography\",\"alternateName\":\"LOP\",\"url\":\"https:\\\/\\\/lindaotterstedt.com\\\/sv\\\/\",\"logo\":{\"@type\":\"ImageObject\",\"inLanguage\":\"sv-SE\",\"@id\":\"https:\\\/\\\/lindaotterstedt.com\\\/sv\\\/#\\\/schema\\\/logo\\\/image\\\/\",\"url\":\"https:\\\/\\\/lindaotterstedt.com\\\/wp-content\\\/uploads\\\/2023\\\/03\\\/1400_LOGO_Linda_Otterstedt_Standard_Logo_Transparent-copy.png\",\"contentUrl\":\"https:\\\/\\\/lindaotterstedt.com\\\/wp-content\\\/uploads\\\/2023\\\/03\\\/1400_LOGO_Linda_Otterstedt_Standard_Logo_Transparent-copy.png\",\"width\":2684,\"height\":1400,\"caption\":\"Linda Otterstedt Photography\"},\"image\":{\"@id\":\"https:\\\/\\\/lindaotterstedt.com\\\/sv\\\/#\\\/schema\\\/logo\\\/image\\\/\"},\"sameAs\":[\"https:\\\/\\\/www.facebook.com\\\/lindaotterstedtphotography\",\"https:\\\/\\\/www.instagram.com\\\/worldphotographer\",\"https:\\\/\\\/www.instagram.com\\\/worldphotographer_weddings\",\"https:\\\/\\\/www.linkedin.com\\\/in\\\/linda-otterstedt-1886235\\\/\"]},{\"@type\":\"Person\",\"@id\":\"https:\\\/\\\/lindaotterstedt.com\\\/sv\\\/#\\\/schema\\\/person\\\/a8bc2e1a05abd2ffa46fddaa8cb4e2c3\",\"name\":\"Linda Otterstedt\"}]}<\/script>\n<!-- \/ Yoast SEO plugin. -->","yoast_head_json":{"title":"Hon sa ja i Fj\u00e4llbacka - Linda Otterstedt Photography","robots":{"index":"index","follow":"follow","max-snippet":"max-snippet:-1","max-image-preview":"max-image-preview:large","max-video-preview":"max-video-preview:-1"},"canonical":"https:\/\/lindaotterstedt.com\/sv\/hon-sa-ja-i-fjallbacka\/","og_locale":"sv_SE","og_type":"article","og_title":"Hon sa ja i Fj\u00e4llbacka - Linda Otterstedt Photography","og_description":"Ibland k\u00e4nns verkliga k\u00e4rlekshistorier som om de vore tagna direkt ur en film &#8211; och den h\u00e4r var ren magi. Sa hon ja i Fj\u00e4llbacka eller inte? Hemligt frieri Tidigare i sommar hade jag \u00e4ran att fotografera en f\u00f6rlovning som \u00e4gde rum mitt i hj\u00e4rtat av den svenska v\u00e4stkusten &#8211; i den vackra kustbyn Fj\u00e4llbacka, [&hellip;]","og_url":"https:\/\/lindaotterstedt.com\/sv\/hon-sa-ja-i-fjallbacka\/","og_site_name":"Linda Otterstedt Photography","article_publisher":"https:\/\/www.facebook.com\/lindaotterstedtphotography","article_published_time":"2025-08-03T20:24:08+00:00","article_modified_time":"2025-08-18T14:53:51+00:00","og_image":[{"width":1200,"height":798,"url":"https:\/\/lindaotterstedt.com\/wp-content\/uploads\/2025\/08\/Engagement-Linda-Otterstedt-Photography-6994.jpg","type":"image\/jpeg"}],"author":"Linda Otterstedt","twitter_card":"summary_large_image","twitter_misc":{"Skriven av":"Linda Otterstedt","Ber\u00e4knad l\u00e4stid":"3 minuter"},"schema":{"@context":"https:\/\/schema.org","@graph":[{"@type":"Article","@id":"https:\/\/lindaotterstedt.com\/sv\/hon-sa-ja-i-fjallbacka\/#article","isPartOf":{"@id":"https:\/\/lindaotterstedt.com\/sv\/hon-sa-ja-i-fjallbacka\/"},"author":{"name":"Linda Otterstedt","@id":"https:\/\/lindaotterstedt.com\/sv\/#\/schema\/person\/a8bc2e1a05abd2ffa46fddaa8cb4e2c3"},"headline":"Hon sa ja i Fj\u00e4llbacka","datePublished":"2025-08-03T20:24:08+00:00","dateModified":"2025-08-18T14:53:51+00:00","mainEntityOfPage":{"@id":"https:\/\/lindaotterstedt.com\/sv\/hon-sa-ja-i-fjallbacka\/"},"wordCount":559,"publisher":{"@id":"https:\/\/lindaotterstedt.com\/sv\/#organization"},"image":{"@id":"https:\/\/lindaotterstedt.com\/sv\/hon-sa-ja-i-fjallbacka\/#primaryimage"},"thumbnailUrl":"https:\/\/lindaotterstedt.com\/wp-content\/uploads\/2025\/08\/Engagement-Linda-Otterstedt-Photography-6994.jpg","keywords":["br\u00f6llop2027"],"articleSection":["Br\u00f6llop"],"inLanguage":"sv-SE"},{"@type":"WebPage","@id":"https:\/\/lindaotterstedt.com\/sv\/hon-sa-ja-i-fjallbacka\/","url":"https:\/\/lindaotterstedt.com\/sv\/hon-sa-ja-i-fjallbacka\/","name":"Hon sa ja i Fj\u00e4llbacka - Linda Otterstedt Photography","isPartOf":{"@id":"https:\/\/lindaotterstedt.com\/sv\/#website"},"primaryImageOfPage":{"@id":"https:\/\/lindaotterstedt.com\/sv\/hon-sa-ja-i-fjallbacka\/#primaryimage"},"image":{"@id":"https:\/\/lindaotterstedt.com\/sv\/hon-sa-ja-i-fjallbacka\/#primaryimage"},"thumbnailUrl":"https:\/\/lindaotterstedt.com\/wp-content\/uploads\/2025\/08\/Engagement-Linda-Otterstedt-Photography-6994.jpg","datePublished":"2025-08-03T20:24:08+00:00","dateModified":"2025-08-18T14:53:51+00:00","breadcrumb":{"@id":"https:\/\/lindaotterstedt.com\/sv\/hon-sa-ja-i-fjallbacka\/#breadcrumb"},"inLanguage":"sv-SE","potentialAction":[{"@type":"ReadAction","target":["https:\/\/lindaotterstedt.com\/sv\/hon-sa-ja-i-fjallbacka\/"]}]},{"@type":"ImageObject","inLanguage":"sv-SE","@id":"https:\/\/lindaotterstedt.com\/sv\/hon-sa-ja-i-fjallbacka\/#primaryimage","url":"https:\/\/lindaotterstedt.com\/wp-content\/uploads\/2025\/08\/Engagement-Linda-Otterstedt-Photography-6994.jpg","contentUrl":"https:\/\/lindaotterstedt.com\/wp-content\/uploads\/2025\/08\/Engagement-Linda-Otterstedt-Photography-6994.jpg","width":1200,"height":798,"caption":"Wedding proposal in Fj\u00e4llbacka"},{"@type":"BreadcrumbList","@id":"https:\/\/lindaotterstedt.com\/sv\/hon-sa-ja-i-fjallbacka\/#breadcrumb","itemListElement":[{"@type":"ListItem","position":1,"name":"Home","item":"https:\/\/lindaotterstedt.com\/sv\/"},{"@type":"ListItem","position":2,"name":"Hon sa ja i Fj\u00e4llbacka"}]},{"@type":"WebSite","@id":"https:\/\/lindaotterstedt.com\/sv\/#website","url":"https:\/\/lindaotterstedt.com\/sv\/","name":"Linda Otterstedt Photography","description":"Photography for generations to come","publisher":{"@id":"https:\/\/lindaotterstedt.com\/sv\/#organization"},"potentialAction":[{"@type":"SearchAction","target":{"@type":"EntryPoint","urlTemplate":"https:\/\/lindaotterstedt.com\/sv\/?s={search_term_string}"},"query-input":{"@type":"PropertyValueSpecification","valueRequired":true,"valueName":"search_term_string"}}],"inLanguage":"sv-SE"},{"@type":"Organization","@id":"https:\/\/lindaotterstedt.com\/sv\/#organization","name":"Linda Otterstedt Photography","alternateName":"LOP","url":"https:\/\/lindaotterstedt.com\/sv\/","logo":{"@type":"ImageObject","inLanguage":"sv-SE","@id":"https:\/\/lindaotterstedt.com\/sv\/#\/schema\/logo\/image\/","url":"https:\/\/lindaotterstedt.com\/wp-content\/uploads\/2023\/03\/1400_LOGO_Linda_Otterstedt_Standard_Logo_Transparent-copy.png","contentUrl":"https:\/\/lindaotterstedt.com\/wp-content\/uploads\/2023\/03\/1400_LOGO_Linda_Otterstedt_Standard_Logo_Transparent-copy.png","width":2684,"height":1400,"caption":"Linda Otterstedt Photography"},"image":{"@id":"https:\/\/lindaotterstedt.com\/sv\/#\/schema\/logo\/image\/"},"sameAs":["https:\/\/www.facebook.com\/lindaotterstedtphotography","https:\/\/www.instagram.com\/worldphotographer","https:\/\/www.instagram.com\/worldphotographer_weddings","https:\/\/www.linkedin.com\/in\/linda-otterstedt-1886235\/"]},{"@type":"Person","@id":"https:\/\/lindaotterstedt.com\/sv\/#\/schema\/person\/a8bc2e1a05abd2ffa46fddaa8cb4e2c3","name":"Linda Otterstedt"}]}},"_links":{"self":[{"href":"https:\/\/lindaotterstedt.com\/sv\/wp-json\/wp\/v2\/posts\/9091","targetHints":{"allow":["GET"]}}],"collection":[{"href":"https:\/\/lindaotterstedt.com\/sv\/wp-json\/wp\/v2\/posts"}],"about":[{"href":"https:\/\/lindaotterstedt.com\/sv\/wp-json\/wp\/v2\/types\/post"}],"author":[{"embeddable":true,"href":"https:\/\/lindaotterstedt.com\/sv\/wp-json\/wp\/v2\/users\/7"}],"replies":[{"embeddable":true,"href":"https:\/\/lindaotterstedt.com\/sv\/wp-json\/wp\/v2\/comments?post=9091"}],"version-history":[{"count":6,"href":"https:\/\/lindaotterstedt.com\/sv\/wp-json\/wp\/v2\/posts\/9091\/revisions"}],"predecessor-version":[{"id":9169,"href":"https:\/\/lindaotterstedt.com\/sv\/wp-json\/wp\/v2\/posts\/9091\/revisions\/9169"}],"wp:featuredmedia":[{"embeddable":true,"href":"https:\/\/lindaotterstedt.com\/sv\/wp-json\/wp\/v2\/media\/9059"}],"wp:attachment":[{"href":"https:\/\/lindaotterstedt.com\/sv\/wp-json\/wp\/v2\/media?parent=9091"}],"wp:term":[{"taxonomy":"category","embeddable":true,"href":"https:\/\/lindaotterstedt.com\/sv\/wp-json\/wp\/v2\/categories?post=9091"},{"taxonomy":"post_tag","embeddable":true,"href":"https:\/\/lindaotterstedt.com\/sv\/wp-json\/wp\/v2\/tags?post=9091"}],"curies":[{"name":"wp","href":"https:\/\/api.w.org\/{rel}","templated":true}]}}