{"id":9223,"date":"2025-09-17T14:14:13","date_gmt":"2025-09-17T12:14:13","guid":{"rendered":"https:\/\/lindaotterstedt.com\/fotografering-av-nyfodda-i-ditt-hem\/"},"modified":"2025-09-17T17:37:20","modified_gmt":"2025-09-17T15:37:20","slug":"fotografering-av-nyfodda-i-ditt-hem","status":"publish","type":"post","link":"https:\/\/lindaotterstedt.com\/sv\/fotografering-av-nyfodda-i-ditt-hem\/","title":{"rendered":"Nyf\u00f6ddfotografering hemma hos dig"},"content":{"rendered":"\n<p class=\"wp-block-paragraph\">Det finns n\u00e5got tidl\u00f6st med <strong>nyf\u00f6ddfotografering hemma hos dig<\/strong>. Nyligen hade jag f\u00f6rm\u00e5nen att dokumentera den h\u00e4r lilla tjejen, bara tre dagar gammal, i hennes nya hem.  <\/p>\n\n<p class=\"wp-block-paragraph\"><\/p>\n\n<figure class=\"wp-block-image size-large\"><img loading=\"lazy\" decoding=\"async\" width=\"1024\" height=\"731\" src=\"https:\/\/lindaotterstedt.com\/wp-content\/uploads\/2025\/09\/DSC_7307-1024x731.jpg\" alt=\"Nyf&#xF6;ddfotografering\" class=\"wp-image-9184\" srcset=\"https:\/\/lindaotterstedt.com\/wp-content\/uploads\/2025\/09\/DSC_7307-980x700.jpg 980w, https:\/\/lindaotterstedt.com\/wp-content\/uploads\/2025\/09\/DSC_7307-480x343.jpg 480w\" sizes=\"(min-width: 0px) and (max-width: 480px) 480px, (min-width: 481px) and (max-width: 980px) 980px, (min-width: 981px) 1024px, 100vw\" \/><figcaption class=\"wp-element-caption\">Nyf\u00f6dd bebis<\/figcaption><\/figure>\n\n<p class=\"wp-block-paragraph\"><\/p>\n\n<h2 class=\"wp-block-heading\">Familjen fr\u00e5n Italien<\/h2>\n\n<p class=\"wp-block-paragraph\">Hennes mamma h\u00f6ll henne i famnen medan sl\u00e4ktingar, som hade rest \u00e4nda fr\u00e5n Italien, samlades f\u00f6r att v\u00e4lkomna henne. Mormor, morfar och den lilla flickans morbror var d\u00e4r f\u00f6r att gosa med henne de f\u00f6rsta dagarna i hennes liv. S\u00e5 himla gulligt.  <\/p>\n\n<p class=\"wp-block-paragraph\"><\/p>\n\n<figure class=\"wp-block-gallery has-nested-images columns-default is-cropped wp-block-gallery-1 is-layout-flex wp-block-gallery-is-layout-flex\">\n<figure class=\"wp-block-image size-large\"><img loading=\"lazy\" decoding=\"async\" width=\"1024\" height=\"731\" data-id=\"9210\" src=\"https:\/\/lindaotterstedt.com\/wp-content\/uploads\/2025\/09\/DSC_7378-1024x731.jpg\" alt=\"\" class=\"wp-image-9210\" srcset=\"https:\/\/lindaotterstedt.com\/wp-content\/uploads\/2025\/09\/DSC_7378-1024x731.jpg 1024w, https:\/\/lindaotterstedt.com\/wp-content\/uploads\/2025\/09\/DSC_7378-980x700.jpg 980w, https:\/\/lindaotterstedt.com\/wp-content\/uploads\/2025\/09\/DSC_7378-480x343.jpg 480w\" sizes=\"(min-width: 0px) and (max-width: 480px) 480px, (min-width: 481px) and (max-width: 980px) 980px, (min-width: 981px) 1024px, 100vw\" \/><\/figure>\n\n\n\n<figure class=\"wp-block-image size-large\"><img loading=\"lazy\" decoding=\"async\" width=\"731\" height=\"1024\" data-id=\"9208\" src=\"https:\/\/lindaotterstedt.com\/wp-content\/uploads\/2025\/09\/DSC_7375-731x1024.jpg\" alt=\"\" class=\"wp-image-9208\" srcset=\"https:\/\/lindaotterstedt.com\/wp-content\/uploads\/2025\/09\/DSC_7375-731x1024.jpg 731w, https:\/\/lindaotterstedt.com\/wp-content\/uploads\/2025\/09\/DSC_7375-480x672.jpg 480w\" sizes=\"(min-width: 0px) and (max-width: 480px) 480px, (min-width: 481px) 731px, 100vw\" \/><\/figure>\n\n\n\n<figure class=\"wp-block-image size-large\"><img loading=\"lazy\" decoding=\"async\" width=\"1024\" height=\"731\" data-id=\"9206\" src=\"https:\/\/lindaotterstedt.com\/wp-content\/uploads\/2025\/09\/DSC_7373-1024x731.jpg\" alt=\"Nyf&#xF6;dd fotografering\" class=\"wp-image-9206\" srcset=\"https:\/\/lindaotterstedt.com\/wp-content\/uploads\/2025\/09\/DSC_7373-1024x731.jpg 1024w, https:\/\/lindaotterstedt.com\/wp-content\/uploads\/2025\/09\/DSC_7373-980x700.jpg 980w, https:\/\/lindaotterstedt.com\/wp-content\/uploads\/2025\/09\/DSC_7373-480x343.jpg 480w\" sizes=\"(min-width: 0px) and (max-width: 480px) 480px, (min-width: 481px) and (max-width: 980px) 980px, (min-width: 981px) 1024px, 100vw\" \/><figcaption class=\"wp-element-caption\">Fotografering hemma<\/figcaption><\/figure>\n\n\n\n<figure class=\"wp-block-image size-large\"><img loading=\"lazy\" decoding=\"async\" width=\"1024\" height=\"731\" data-id=\"9204\" src=\"https:\/\/lindaotterstedt.com\/wp-content\/uploads\/2025\/09\/DSC_7371-1024x731.jpg\" alt=\"Detaljer fr&#xE5;n fotograferingen\" class=\"wp-image-9204\" srcset=\"https:\/\/lindaotterstedt.com\/wp-content\/uploads\/2025\/09\/DSC_7371-1024x731.jpg 1024w, https:\/\/lindaotterstedt.com\/wp-content\/uploads\/2025\/09\/DSC_7371-980x700.jpg 980w, https:\/\/lindaotterstedt.com\/wp-content\/uploads\/2025\/09\/DSC_7371-480x343.jpg 480w\" sizes=\"(min-width: 0px) and (max-width: 480px) 480px, (min-width: 481px) and (max-width: 980px) 980px, (min-width: 981px) 1024px, 100vw\" \/><\/figure>\n<\/figure>\n\n<p class=\"wp-block-paragraph\"><\/p>\n\n<h2 class=\"wp-block-heading\">Minnen f\u00f6r framtiden<\/h2>\n\n<p class=\"wp-block-paragraph\">Att v\u00e4lja en <strong>fotografering av en nyf\u00f6dd i ditt hem<\/strong> ger en annan sorts n\u00e4rhet. Bebisen omges av v\u00e4lbekanta ljud och familjen kan koppla av i sitt eget hem. F\u00f6r den h\u00e4r lilla flickan inneb\u00e4r det ocks\u00e5 att hon om n\u00e5gra \u00e5r kommer att kunna se inte bara sina sm\u00e5 fingrar och uttryck, utan ocks\u00e5 det hem hon bodde i under sina allra f\u00f6rsta dagar 2025. Hon kommer att se sin f\u00f6rsta s\u00e4ng, detaljerna i inredningen, den tidens inredningstrender och de utrymmen d\u00e4r hennes familj \u00e4lskade henne.   <\/p>\n\n<p class=\"wp-block-paragraph\"><\/p>\n\n<figure class=\"wp-block-gallery has-nested-images columns-default is-cropped wp-block-gallery-2 is-layout-flex wp-block-gallery-is-layout-flex\">\n<figure class=\"wp-block-image size-large\"><img loading=\"lazy\" decoding=\"async\" width=\"1024\" height=\"682\" data-id=\"9198\" src=\"https:\/\/lindaotterstedt.com\/wp-content\/uploads\/2025\/09\/DSC_7227-1024x682.jpg\" alt=\"\" class=\"wp-image-9198\" srcset=\"https:\/\/lindaotterstedt.com\/wp-content\/uploads\/2025\/09\/DSC_7227-1024x682.jpg 1024w, https:\/\/lindaotterstedt.com\/wp-content\/uploads\/2025\/09\/DSC_7227-980x653.jpg 980w, https:\/\/lindaotterstedt.com\/wp-content\/uploads\/2025\/09\/DSC_7227-480x320.jpg 480w\" sizes=\"(min-width: 0px) and (max-width: 480px) 480px, (min-width: 481px) and (max-width: 980px) 980px, (min-width: 981px) 1024px, 100vw\" \/><\/figure>\n\n\n\n<figure class=\"wp-block-image size-large\"><img loading=\"lazy\" decoding=\"async\" width=\"1024\" height=\"682\" data-id=\"9219\" src=\"https:\/\/lindaotterstedt.com\/wp-content\/uploads\/2025\/09\/DSC_7219-1024x682.jpg\" alt=\"\" class=\"wp-image-9219\" srcset=\"https:\/\/lindaotterstedt.com\/wp-content\/uploads\/2025\/09\/DSC_7219-1024x682.jpg 1024w, https:\/\/lindaotterstedt.com\/wp-content\/uploads\/2025\/09\/DSC_7219-980x653.jpg 980w, https:\/\/lindaotterstedt.com\/wp-content\/uploads\/2025\/09\/DSC_7219-480x320.jpg 480w\" sizes=\"(min-width: 0px) and (max-width: 480px) 480px, (min-width: 481px) and (max-width: 980px) 980px, (min-width: 981px) 1024px, 100vw\" \/><\/figure>\n\n\n\n<figure class=\"wp-block-image size-large\"><img loading=\"lazy\" decoding=\"async\" width=\"682\" height=\"1024\" data-id=\"9192\" src=\"https:\/\/lindaotterstedt.com\/wp-content\/uploads\/2025\/09\/DSC_7215-682x1024.jpg\" alt=\"Detaljer av bebisen\" class=\"wp-image-9192\" srcset=\"https:\/\/lindaotterstedt.com\/wp-content\/uploads\/2025\/09\/DSC_7215-682x1024.jpg 682w, https:\/\/lindaotterstedt.com\/wp-content\/uploads\/2025\/09\/DSC_7215-480x721.jpg 480w\" sizes=\"(min-width: 0px) and (max-width: 480px) 480px, (min-width: 481px) 682px, 100vw\" \/><\/figure>\n<\/figure>\n\n<p class=\"wp-block-paragraph\"><\/p>\n\n<p class=\"wp-block-paragraph\"><strong>Babyfotografering i hemmet<\/strong> inbjuder till \u00e4kthet. Det finns ingen br\u00e5dska, ingen studiomilj\u00f6 &#8211; bara naturliga \u00f6gonblick som utvecklas i sin egen takt. Barnet kan vila, matas och tr\u00f6stas utan press. Resultatet blir ett galleri med bilder som inte bara f\u00e5ngar det lilla, lilla hos en nyf\u00f6dd, utan ocks\u00e5 visar p\u00e5 familjens liv.   <\/p>\n\n<p class=\"wp-block-paragraph\"><\/p>\n\n<figure class=\"wp-block-image size-large\"><img loading=\"lazy\" decoding=\"async\" width=\"731\" height=\"1024\" src=\"https:\/\/lindaotterstedt.com\/wp-content\/uploads\/2025\/09\/newborn-731x1024.jpg\" alt=\"Nyf&#xF6;dd i hemmet\" class=\"wp-image-9217\" srcset=\"https:\/\/lindaotterstedt.com\/wp-content\/uploads\/2025\/09\/newborn-731x1024.jpg 731w, https:\/\/lindaotterstedt.com\/wp-content\/uploads\/2025\/09\/newborn-480x672.jpg 480w\" sizes=\"(min-width: 0px) and (max-width: 480px) 480px, (min-width: 481px) 731px, 100vw\" \/><\/figure>\n\n<p class=\"wp-block-paragraph\"><\/p>\n\n<h2 class=\"wp-block-heading\">Bevara det f\u00f6rflutna f\u00f6r framtiden<\/h2>\n\n<p class=\"wp-block-paragraph\"><\/p>\n\n<p class=\"wp-block-paragraph\">Som fotograf blir jag alltid p\u00e5mind om hur snabbt de f\u00f6rsta veckorna passerar. En nyf\u00f6dd f\u00f6r\u00e4ndras varje dag, men fotografier bevarar k\u00e4nslan av dessa flyktiga timmar. Den h\u00e4r lilla flickan kommer alltid att kunna se tillbaka och se var hennes historia b\u00f6rjade: i sin mammas famn, i ett hem fyllt av k\u00e4rlek och i n\u00e4rvaro av en familj som rest l\u00e5ngv\u00e4ga f\u00f6r att f\u00e5 tr\u00e4ffa just henne.  <\/p>\n\n<p class=\"wp-block-paragraph\"><\/p>\n\n<figure class=\"wp-block-image size-large\"><img loading=\"lazy\" decoding=\"async\" width=\"1024\" height=\"682\" src=\"https:\/\/lindaotterstedt.com\/wp-content\/uploads\/2025\/09\/DSC_5061-1024x682.jpg\" alt=\"Nyf&#xF6;dd  \" class=\"wp-image-9186\" srcset=\"https:\/\/lindaotterstedt.com\/wp-content\/uploads\/2025\/09\/DSC_5061-1024x682.jpg 1024w, https:\/\/lindaotterstedt.com\/wp-content\/uploads\/2025\/09\/DSC_5061-980x653.jpg 980w, https:\/\/lindaotterstedt.com\/wp-content\/uploads\/2025\/09\/DSC_5061-480x320.jpg 480w\" sizes=\"(min-width: 0px) and (max-width: 480px) 480px, (min-width: 481px) and (max-width: 980px) 980px, (min-width: 981px) 1024px, 100vw\" \/><\/figure>\n\n<p class=\"wp-block-paragraph\"><\/p>\n\n<h2 class=\"wp-block-heading\">V\u00e4nta inte p\u00e5 b\u00e4ttre tider, den \u00e4r nu<\/h2>\n\n<p class=\"wp-block-paragraph\">Jag har s\u00e5 m\u00e5nga kunder som kommer med sitt andra barn och s\u00e4ger: \u00c5h, jag \u00f6nskar att jag hade gjort den h\u00e4r fotograferingen med mitt f\u00f6rsta barn. V\u00e4nta inte, den h\u00e4r tiden kommer aldrig tillbaka!  <\/p>\n\n<p class=\"wp-block-paragraph\"><\/p>\n\n<figure class=\"wp-block-image size-large\"><img loading=\"lazy\" decoding=\"async\" width=\"682\" height=\"1024\" src=\"https:\/\/lindaotterstedt.com\/wp-content\/uploads\/2025\/09\/DSC_7242-682x1024.jpg\" alt=\"Mamma och barn\" class=\"wp-image-9200\" srcset=\"https:\/\/lindaotterstedt.com\/wp-content\/uploads\/2025\/09\/DSC_7242-682x1024.jpg 682w, https:\/\/lindaotterstedt.com\/wp-content\/uploads\/2025\/09\/DSC_7242-480x721.jpg 480w\" sizes=\"(min-width: 0px) and (max-width: 480px) 480px, (min-width: 481px) 682px, 100vw\" \/><\/figure>\n\n<p class=\"wp-block-paragraph\"><\/p>\n\n<h2 class=\"wp-block-heading\">Redo att boka?<\/h2>\n\n<p class=\"wp-block-paragraph\">Skicka ett meddelande till mig p\u00e5 linda@lindaotterstedt.com eller klicka p\u00e5 den h\u00e4r <a href=\"https:\/\/lindaotterstedt.com\/sv\/kontakt\/\">l\u00e4nken<\/a> f\u00f6r att st\u00e4lla fr\u00e5gor eller om du vill boka en nyf\u00f6dd session med mig.<\/p>\n\n<p class=\"wp-block-paragraph\"><\/p>\n\n<p class=\"wp-block-paragraph\">Tack och hej!<\/p>\n\n<p class=\"wp-block-paragraph\"><\/p>\n\n<p class=\"wp-block-paragraph\">\/LINDA<\/p>\n","protected":false},"excerpt":{"rendered":"<p>Det finns n\u00e5got tidl\u00f6st med nyf\u00f6ddfotografering hemma hos dig. Nyligen hade jag f\u00f6rm\u00e5nen att dokumentera den h\u00e4r lilla tjejen, bara tre dagar gammal, i hennes nya hem. Familjen fr\u00e5n Italien Hennes mamma h\u00f6ll henne i famnen medan sl\u00e4ktingar, som hade rest \u00e4nda fr\u00e5n Italien, samlades f\u00f6r att v\u00e4lkomna henne. Mormor, morfar och den lilla flickans [&hellip;]<\/p>\n","protected":false},"author":7,"featured_media":9207,"comment_status":"closed","ping_status":"open","sticky":false,"template":"","format":"standard","meta":{"_et_pb_use_builder":"","_et_pb_old_content":"","_et_gb_content_width":"","footnotes":""},"categories":[107],"tags":[],"class_list":["post-9223","post","type-post","status-publish","format-standard","has-post-thumbnail","hentry","category-familjefotografering-sv"],"yoast_head":"<!-- This site is optimized with the Yoast SEO plugin v28.2 - https:\/\/yoast.com\/product\/yoast-seo-wordpress\/ -->\n<title>Nyf\u00f6ddfotografering hemma hos dig - Linda Otterstedt Photography<\/title>\n<meta name=\"robots\" content=\"index, follow, max-snippet:-1, max-image-preview:large, max-video-preview:-1\" \/>\n<link rel=\"canonical\" href=\"https:\/\/lindaotterstedt.com\/sv\/fotografering-av-nyfodda-i-ditt-hem\/\" \/>\n<meta property=\"og:locale\" content=\"sv_SE\" \/>\n<meta property=\"og:type\" content=\"article\" \/>\n<meta property=\"og:title\" content=\"Nyf\u00f6ddfotografering hemma hos dig - Linda Otterstedt Photography\" \/>\n<meta property=\"og:description\" content=\"Det finns n\u00e5got tidl\u00f6st med nyf\u00f6ddfotografering hemma hos dig. Nyligen hade jag f\u00f6rm\u00e5nen att dokumentera den h\u00e4r lilla tjejen, bara tre dagar gammal, i hennes nya hem. Familjen fr\u00e5n Italien Hennes mamma h\u00f6ll henne i famnen medan sl\u00e4ktingar, som hade rest \u00e4nda fr\u00e5n Italien, samlades f\u00f6r att v\u00e4lkomna henne. Mormor, morfar och den lilla flickans [&hellip;]\" \/>\n<meta property=\"og:url\" content=\"https:\/\/lindaotterstedt.com\/sv\/fotografering-av-nyfodda-i-ditt-hem\/\" \/>\n<meta property=\"og:site_name\" content=\"Linda Otterstedt Photography\" \/>\n<meta property=\"article:publisher\" content=\"https:\/\/www.facebook.com\/lindaotterstedtphotography\" \/>\n<meta property=\"article:published_time\" content=\"2025-09-17T12:14:13+00:00\" \/>\n<meta property=\"article:modified_time\" content=\"2025-09-17T15:37:20+00:00\" \/>\n<meta property=\"og:image\" content=\"https:\/\/lindaotterstedt.com\/wp-content\/uploads\/2025\/09\/DSC_7373.jpg\" \/>\n\t<meta property=\"og:image:width\" content=\"1200\" \/>\n\t<meta property=\"og:image:height\" content=\"857\" \/>\n\t<meta property=\"og:image:type\" content=\"image\/jpeg\" \/>\n<meta name=\"author\" content=\"Linda Otterstedt\" \/>\n<meta name=\"twitter:card\" content=\"summary_large_image\" \/>\n<meta name=\"twitter:label1\" content=\"Skriven av\" \/>\n\t<meta name=\"twitter:data1\" content=\"Linda Otterstedt\" \/>\n\t<meta name=\"twitter:label2\" content=\"Ber\u00e4knad l\u00e4stid\" \/>\n\t<meta name=\"twitter:data2\" content=\"2 minuter\" \/>\n<script type=\"application\/ld+json\" class=\"yoast-schema-graph\">{\"@context\":\"https:\\\/\\\/schema.org\",\"@graph\":[{\"@type\":\"Article\",\"@id\":\"https:\\\/\\\/lindaotterstedt.com\\\/sv\\\/fotografering-av-nyfodda-i-ditt-hem\\\/#article\",\"isPartOf\":{\"@id\":\"https:\\\/\\\/lindaotterstedt.com\\\/sv\\\/fotografering-av-nyfodda-i-ditt-hem\\\/\"},\"author\":{\"name\":\"Linda Otterstedt\",\"@id\":\"https:\\\/\\\/lindaotterstedt.com\\\/sv\\\/#\\\/schema\\\/person\\\/a8bc2e1a05abd2ffa46fddaa8cb4e2c3\"},\"headline\":\"Nyf\u00f6ddfotografering hemma hos dig\",\"datePublished\":\"2025-09-17T12:14:13+00:00\",\"dateModified\":\"2025-09-17T15:37:20+00:00\",\"mainEntityOfPage\":{\"@id\":\"https:\\\/\\\/lindaotterstedt.com\\\/sv\\\/fotografering-av-nyfodda-i-ditt-hem\\\/\"},\"wordCount\":436,\"publisher\":{\"@id\":\"https:\\\/\\\/lindaotterstedt.com\\\/sv\\\/#organization\"},\"image\":{\"@id\":\"https:\\\/\\\/lindaotterstedt.com\\\/sv\\\/fotografering-av-nyfodda-i-ditt-hem\\\/#primaryimage\"},\"thumbnailUrl\":\"https:\\\/\\\/lindaotterstedt.com\\\/wp-content\\\/uploads\\\/2025\\\/09\\\/DSC_7373.jpg\",\"articleSection\":[\"Familjefotografering\"],\"inLanguage\":\"sv-SE\"},{\"@type\":\"WebPage\",\"@id\":\"https:\\\/\\\/lindaotterstedt.com\\\/sv\\\/fotografering-av-nyfodda-i-ditt-hem\\\/\",\"url\":\"https:\\\/\\\/lindaotterstedt.com\\\/sv\\\/fotografering-av-nyfodda-i-ditt-hem\\\/\",\"name\":\"Nyf\u00f6ddfotografering hemma hos dig - Linda Otterstedt Photography\",\"isPartOf\":{\"@id\":\"https:\\\/\\\/lindaotterstedt.com\\\/sv\\\/#website\"},\"primaryImageOfPage\":{\"@id\":\"https:\\\/\\\/lindaotterstedt.com\\\/sv\\\/fotografering-av-nyfodda-i-ditt-hem\\\/#primaryimage\"},\"image\":{\"@id\":\"https:\\\/\\\/lindaotterstedt.com\\\/sv\\\/fotografering-av-nyfodda-i-ditt-hem\\\/#primaryimage\"},\"thumbnailUrl\":\"https:\\\/\\\/lindaotterstedt.com\\\/wp-content\\\/uploads\\\/2025\\\/09\\\/DSC_7373.jpg\",\"datePublished\":\"2025-09-17T12:14:13+00:00\",\"dateModified\":\"2025-09-17T15:37:20+00:00\",\"breadcrumb\":{\"@id\":\"https:\\\/\\\/lindaotterstedt.com\\\/sv\\\/fotografering-av-nyfodda-i-ditt-hem\\\/#breadcrumb\"},\"inLanguage\":\"sv-SE\",\"potentialAction\":[{\"@type\":\"ReadAction\",\"target\":[\"https:\\\/\\\/lindaotterstedt.com\\\/sv\\\/fotografering-av-nyfodda-i-ditt-hem\\\/\"]}]},{\"@type\":\"ImageObject\",\"inLanguage\":\"sv-SE\",\"@id\":\"https:\\\/\\\/lindaotterstedt.com\\\/sv\\\/fotografering-av-nyfodda-i-ditt-hem\\\/#primaryimage\",\"url\":\"https:\\\/\\\/lindaotterstedt.com\\\/wp-content\\\/uploads\\\/2025\\\/09\\\/DSC_7373.jpg\",\"contentUrl\":\"https:\\\/\\\/lindaotterstedt.com\\\/wp-content\\\/uploads\\\/2025\\\/09\\\/DSC_7373.jpg\",\"width\":1200,\"height\":857,\"caption\":\"Fotografering hemma\"},{\"@type\":\"BreadcrumbList\",\"@id\":\"https:\\\/\\\/lindaotterstedt.com\\\/sv\\\/fotografering-av-nyfodda-i-ditt-hem\\\/#breadcrumb\",\"itemListElement\":[{\"@type\":\"ListItem\",\"position\":1,\"name\":\"Home\",\"item\":\"https:\\\/\\\/lindaotterstedt.com\\\/sv\\\/\"},{\"@type\":\"ListItem\",\"position\":2,\"name\":\"Nyf\u00f6ddfotografering hemma hos dig\"}]},{\"@type\":\"WebSite\",\"@id\":\"https:\\\/\\\/lindaotterstedt.com\\\/sv\\\/#website\",\"url\":\"https:\\\/\\\/lindaotterstedt.com\\\/sv\\\/\",\"name\":\"Linda Otterstedt Photography\",\"description\":\"Photography for generations to come\",\"publisher\":{\"@id\":\"https:\\\/\\\/lindaotterstedt.com\\\/sv\\\/#organization\"},\"potentialAction\":[{\"@type\":\"SearchAction\",\"target\":{\"@type\":\"EntryPoint\",\"urlTemplate\":\"https:\\\/\\\/lindaotterstedt.com\\\/sv\\\/?s={search_term_string}\"},\"query-input\":{\"@type\":\"PropertyValueSpecification\",\"valueRequired\":true,\"valueName\":\"search_term_string\"}}],\"inLanguage\":\"sv-SE\"},{\"@type\":\"Organization\",\"@id\":\"https:\\\/\\\/lindaotterstedt.com\\\/sv\\\/#organization\",\"name\":\"Linda Otterstedt Photography\",\"alternateName\":\"LOP\",\"url\":\"https:\\\/\\\/lindaotterstedt.com\\\/sv\\\/\",\"logo\":{\"@type\":\"ImageObject\",\"inLanguage\":\"sv-SE\",\"@id\":\"https:\\\/\\\/lindaotterstedt.com\\\/sv\\\/#\\\/schema\\\/logo\\\/image\\\/\",\"url\":\"https:\\\/\\\/lindaotterstedt.com\\\/wp-content\\\/uploads\\\/2023\\\/03\\\/1400_LOGO_Linda_Otterstedt_Standard_Logo_Transparent-copy.png\",\"contentUrl\":\"https:\\\/\\\/lindaotterstedt.com\\\/wp-content\\\/uploads\\\/2023\\\/03\\\/1400_LOGO_Linda_Otterstedt_Standard_Logo_Transparent-copy.png\",\"width\":2684,\"height\":1400,\"caption\":\"Linda Otterstedt Photography\"},\"image\":{\"@id\":\"https:\\\/\\\/lindaotterstedt.com\\\/sv\\\/#\\\/schema\\\/logo\\\/image\\\/\"},\"sameAs\":[\"https:\\\/\\\/www.facebook.com\\\/lindaotterstedtphotography\",\"https:\\\/\\\/www.instagram.com\\\/worldphotographer\",\"https:\\\/\\\/www.instagram.com\\\/worldphotographer_weddings\",\"https:\\\/\\\/www.linkedin.com\\\/in\\\/linda-otterstedt-1886235\\\/\"]},{\"@type\":\"Person\",\"@id\":\"https:\\\/\\\/lindaotterstedt.com\\\/sv\\\/#\\\/schema\\\/person\\\/a8bc2e1a05abd2ffa46fddaa8cb4e2c3\",\"name\":\"Linda Otterstedt\"}]}<\/script>\n<!-- \/ Yoast SEO plugin. -->","yoast_head_json":{"title":"Nyf\u00f6ddfotografering hemma hos dig - Linda Otterstedt Photography","robots":{"index":"index","follow":"follow","max-snippet":"max-snippet:-1","max-image-preview":"max-image-preview:large","max-video-preview":"max-video-preview:-1"},"canonical":"https:\/\/lindaotterstedt.com\/sv\/fotografering-av-nyfodda-i-ditt-hem\/","og_locale":"sv_SE","og_type":"article","og_title":"Nyf\u00f6ddfotografering hemma hos dig - Linda Otterstedt Photography","og_description":"Det finns n\u00e5got tidl\u00f6st med nyf\u00f6ddfotografering hemma hos dig. Nyligen hade jag f\u00f6rm\u00e5nen att dokumentera den h\u00e4r lilla tjejen, bara tre dagar gammal, i hennes nya hem. Familjen fr\u00e5n Italien Hennes mamma h\u00f6ll henne i famnen medan sl\u00e4ktingar, som hade rest \u00e4nda fr\u00e5n Italien, samlades f\u00f6r att v\u00e4lkomna henne. Mormor, morfar och den lilla flickans [&hellip;]","og_url":"https:\/\/lindaotterstedt.com\/sv\/fotografering-av-nyfodda-i-ditt-hem\/","og_site_name":"Linda Otterstedt Photography","article_publisher":"https:\/\/www.facebook.com\/lindaotterstedtphotography","article_published_time":"2025-09-17T12:14:13+00:00","article_modified_time":"2025-09-17T15:37:20+00:00","og_image":[{"width":1200,"height":857,"url":"https:\/\/lindaotterstedt.com\/wp-content\/uploads\/2025\/09\/DSC_7373.jpg","type":"image\/jpeg"}],"author":"Linda Otterstedt","twitter_card":"summary_large_image","twitter_misc":{"Skriven av":"Linda Otterstedt","Ber\u00e4knad l\u00e4stid":"2 minuter"},"schema":{"@context":"https:\/\/schema.org","@graph":[{"@type":"Article","@id":"https:\/\/lindaotterstedt.com\/sv\/fotografering-av-nyfodda-i-ditt-hem\/#article","isPartOf":{"@id":"https:\/\/lindaotterstedt.com\/sv\/fotografering-av-nyfodda-i-ditt-hem\/"},"author":{"name":"Linda Otterstedt","@id":"https:\/\/lindaotterstedt.com\/sv\/#\/schema\/person\/a8bc2e1a05abd2ffa46fddaa8cb4e2c3"},"headline":"Nyf\u00f6ddfotografering hemma hos dig","datePublished":"2025-09-17T12:14:13+00:00","dateModified":"2025-09-17T15:37:20+00:00","mainEntityOfPage":{"@id":"https:\/\/lindaotterstedt.com\/sv\/fotografering-av-nyfodda-i-ditt-hem\/"},"wordCount":436,"publisher":{"@id":"https:\/\/lindaotterstedt.com\/sv\/#organization"},"image":{"@id":"https:\/\/lindaotterstedt.com\/sv\/fotografering-av-nyfodda-i-ditt-hem\/#primaryimage"},"thumbnailUrl":"https:\/\/lindaotterstedt.com\/wp-content\/uploads\/2025\/09\/DSC_7373.jpg","articleSection":["Familjefotografering"],"inLanguage":"sv-SE"},{"@type":"WebPage","@id":"https:\/\/lindaotterstedt.com\/sv\/fotografering-av-nyfodda-i-ditt-hem\/","url":"https:\/\/lindaotterstedt.com\/sv\/fotografering-av-nyfodda-i-ditt-hem\/","name":"Nyf\u00f6ddfotografering hemma hos dig - Linda Otterstedt Photography","isPartOf":{"@id":"https:\/\/lindaotterstedt.com\/sv\/#website"},"primaryImageOfPage":{"@id":"https:\/\/lindaotterstedt.com\/sv\/fotografering-av-nyfodda-i-ditt-hem\/#primaryimage"},"image":{"@id":"https:\/\/lindaotterstedt.com\/sv\/fotografering-av-nyfodda-i-ditt-hem\/#primaryimage"},"thumbnailUrl":"https:\/\/lindaotterstedt.com\/wp-content\/uploads\/2025\/09\/DSC_7373.jpg","datePublished":"2025-09-17T12:14:13+00:00","dateModified":"2025-09-17T15:37:20+00:00","breadcrumb":{"@id":"https:\/\/lindaotterstedt.com\/sv\/fotografering-av-nyfodda-i-ditt-hem\/#breadcrumb"},"inLanguage":"sv-SE","potentialAction":[{"@type":"ReadAction","target":["https:\/\/lindaotterstedt.com\/sv\/fotografering-av-nyfodda-i-ditt-hem\/"]}]},{"@type":"ImageObject","inLanguage":"sv-SE","@id":"https:\/\/lindaotterstedt.com\/sv\/fotografering-av-nyfodda-i-ditt-hem\/#primaryimage","url":"https:\/\/lindaotterstedt.com\/wp-content\/uploads\/2025\/09\/DSC_7373.jpg","contentUrl":"https:\/\/lindaotterstedt.com\/wp-content\/uploads\/2025\/09\/DSC_7373.jpg","width":1200,"height":857,"caption":"Fotografering hemma"},{"@type":"BreadcrumbList","@id":"https:\/\/lindaotterstedt.com\/sv\/fotografering-av-nyfodda-i-ditt-hem\/#breadcrumb","itemListElement":[{"@type":"ListItem","position":1,"name":"Home","item":"https:\/\/lindaotterstedt.com\/sv\/"},{"@type":"ListItem","position":2,"name":"Nyf\u00f6ddfotografering hemma hos dig"}]},{"@type":"WebSite","@id":"https:\/\/lindaotterstedt.com\/sv\/#website","url":"https:\/\/lindaotterstedt.com\/sv\/","name":"Linda Otterstedt Photography","description":"Photography for generations to come","publisher":{"@id":"https:\/\/lindaotterstedt.com\/sv\/#organization"},"potentialAction":[{"@type":"SearchAction","target":{"@type":"EntryPoint","urlTemplate":"https:\/\/lindaotterstedt.com\/sv\/?s={search_term_string}"},"query-input":{"@type":"PropertyValueSpecification","valueRequired":true,"valueName":"search_term_string"}}],"inLanguage":"sv-SE"},{"@type":"Organization","@id":"https:\/\/lindaotterstedt.com\/sv\/#organization","name":"Linda Otterstedt Photography","alternateName":"LOP","url":"https:\/\/lindaotterstedt.com\/sv\/","logo":{"@type":"ImageObject","inLanguage":"sv-SE","@id":"https:\/\/lindaotterstedt.com\/sv\/#\/schema\/logo\/image\/","url":"https:\/\/lindaotterstedt.com\/wp-content\/uploads\/2023\/03\/1400_LOGO_Linda_Otterstedt_Standard_Logo_Transparent-copy.png","contentUrl":"https:\/\/lindaotterstedt.com\/wp-content\/uploads\/2023\/03\/1400_LOGO_Linda_Otterstedt_Standard_Logo_Transparent-copy.png","width":2684,"height":1400,"caption":"Linda Otterstedt Photography"},"image":{"@id":"https:\/\/lindaotterstedt.com\/sv\/#\/schema\/logo\/image\/"},"sameAs":["https:\/\/www.facebook.com\/lindaotterstedtphotography","https:\/\/www.instagram.com\/worldphotographer","https:\/\/www.instagram.com\/worldphotographer_weddings","https:\/\/www.linkedin.com\/in\/linda-otterstedt-1886235\/"]},{"@type":"Person","@id":"https:\/\/lindaotterstedt.com\/sv\/#\/schema\/person\/a8bc2e1a05abd2ffa46fddaa8cb4e2c3","name":"Linda Otterstedt"}]}},"_links":{"self":[{"href":"https:\/\/lindaotterstedt.com\/sv\/wp-json\/wp\/v2\/posts\/9223","targetHints":{"allow":["GET"]}}],"collection":[{"href":"https:\/\/lindaotterstedt.com\/sv\/wp-json\/wp\/v2\/posts"}],"about":[{"href":"https:\/\/lindaotterstedt.com\/sv\/wp-json\/wp\/v2\/types\/post"}],"author":[{"embeddable":true,"href":"https:\/\/lindaotterstedt.com\/sv\/wp-json\/wp\/v2\/users\/7"}],"replies":[{"embeddable":true,"href":"https:\/\/lindaotterstedt.com\/sv\/wp-json\/wp\/v2\/comments?post=9223"}],"version-history":[{"count":3,"href":"https:\/\/lindaotterstedt.com\/sv\/wp-json\/wp\/v2\/posts\/9223\/revisions"}],"predecessor-version":[{"id":9226,"href":"https:\/\/lindaotterstedt.com\/sv\/wp-json\/wp\/v2\/posts\/9223\/revisions\/9226"}],"wp:featuredmedia":[{"embeddable":true,"href":"https:\/\/lindaotterstedt.com\/sv\/wp-json\/wp\/v2\/media\/9207"}],"wp:attachment":[{"href":"https:\/\/lindaotterstedt.com\/sv\/wp-json\/wp\/v2\/media?parent=9223"}],"wp:term":[{"taxonomy":"category","embeddable":true,"href":"https:\/\/lindaotterstedt.com\/sv\/wp-json\/wp\/v2\/categories?post=9223"},{"taxonomy":"post_tag","embeddable":true,"href":"https:\/\/lindaotterstedt.com\/sv\/wp-json\/wp\/v2\/tags?post=9223"}],"curies":[{"name":"wp","href":"https:\/\/api.w.org\/{rel}","templated":true}]}}