{"id":9248,"date":"2025-09-17T21:31:02","date_gmt":"2025-09-17T19:31:02","guid":{"rendered":"https:\/\/lindaotterstedt.com\/professionella-profilbilder\/"},"modified":"2025-10-14T14:38:12","modified_gmt":"2025-10-14T12:38:12","slug":"professionella-profilbilder","status":"publish","type":"post","link":"https:\/\/lindaotterstedt.com\/sv\/professionella-profilbilder\/","title":{"rendered":"Professionella profilbilder"},"content":{"rendered":"\n<p class=\"wp-block-paragraph\">En bra profilbild \u00e4r mer \u00e4n bara ett portr\u00e4tt &#8211; det \u00e4r ofta det f\u00f6rsta intryck som en kund, kollega eller potentiell partner f\u00e5r av dig och ditt f\u00f6retag. I dagens aff\u00e4rsv\u00e4rld, d\u00e4r webbplatser, LinkedIn och digitala plattformar \u00e4r nyckeln, \u00e4r professionella profilbilder en viktig del av att bygga f\u00f6rtroende och presentera ditt varum\u00e4rke. <\/p>\n\n<p class=\"wp-block-paragraph\"><\/p>\n\n<figure class=\"wp-block-image size-large\"><img loading=\"lazy\" decoding=\"async\" width=\"1024\" height=\"575\" src=\"https:\/\/lindaotterstedt.com\/wp-content\/uploads\/2025\/09\/250829_ENEA-Color-LR-5978-1024x575.jpg\" alt=\"Profilfotografering\" class=\"wp-image-9230\" srcset=\"https:\/\/lindaotterstedt.com\/wp-content\/uploads\/2025\/09\/250829_ENEA-Color-LR-5978-1024x575.jpg 1024w, https:\/\/lindaotterstedt.com\/wp-content\/uploads\/2025\/09\/250829_ENEA-Color-LR-5978-980x550.jpg 980w, https:\/\/lindaotterstedt.com\/wp-content\/uploads\/2025\/09\/250829_ENEA-Color-LR-5978-480x270.jpg 480w\" sizes=\"(min-width: 0px) and (max-width: 480px) 480px, (min-width: 481px) and (max-width: 980px) 980px, (min-width: 981px) 1024px, 100vw\" \/><\/figure>\n\n<p class=\"wp-block-paragraph\"><\/p>\n\n<h2 class=\"wp-block-heading\">Polerade portr\u00e4tt<\/h2>\n\n<p class=\"wp-block-paragraph\">I min studio tar jag stilrena portr\u00e4tt med kontrollerad ljuss\u00e4ttning och en ren, tidl\u00f6s look. Men jag vet ocks\u00e5 hur viktigt det kan vara att visa atmosf\u00e4ren p\u00e5 din egen arbetsplats. D\u00e4rf\u00f6r erbjuder jag mig att komma direkt till ditt kontor, som h\u00e4r p\u00e5 <g id=\"gid_0\">Gate01<\/g> i Stockholm. D\u00e4r kan jag ta inte bara professionella portr\u00e4ttbilder utan ocks\u00e5 fotografier av ditt team i deras naturliga milj\u00f6 &#8211; kontoren, m\u00f6tesplatserna och detaljer som speglar din f\u00f6retagskultur.   <\/p>\n\n<p class=\"wp-block-paragraph\"><\/p>\n\n<figure class=\"wp-block-image aligncenter size-large\"><img loading=\"lazy\" decoding=\"async\" width=\"731\" height=\"1024\" src=\"https:\/\/lindaotterstedt.com\/wp-content\/uploads\/2025\/09\/250829_ENEA-Color-LR-5839-731x1024.jpg\" alt=\"Profilbild\" class=\"wp-image-9236\" srcset=\"https:\/\/lindaotterstedt.com\/wp-content\/uploads\/2025\/09\/250829_ENEA-Color-LR-5839-731x1024.jpg 731w, https:\/\/lindaotterstedt.com\/wp-content\/uploads\/2025\/09\/250829_ENEA-Color-LR-5839-480x672.jpg 480w\" sizes=\"(min-width: 0px) and (max-width: 480px) 480px, (min-width: 481px) 731px, 100vw\" \/><\/figure>\n\n<p class=\"wp-block-paragraph\"><\/p>\n\n<h2 class=\"wp-block-heading\">Nu g\u00e5r vi mot m\u00f6rkare tider <\/h2>\n\n<p class=\"wp-block-paragraph\">N\u00e4r jag bes\u00f6ker din arbetsplats tar jag med mig min studioutrustning. Det inneb\u00e4r att du f\u00e5r det b\u00e4sta av tv\u00e5 v\u00e4rldar: den professionella kvaliteten p\u00e5 studioljus och bakgrunder i kombination med den autentiska k\u00e4nslan av din kontorsmilj\u00f6. Oavsett om du f\u00f6redrar en neutral bakgrund, naturliga kontorsmilj\u00f6er eller en blandning av b\u00e5da, anpassar jag uppl\u00e4gget s\u00e5 att det matchar din varum\u00e4rkesidentitet.  <\/p>\n\n<p class=\"wp-block-paragraph\"><\/p>\n\n<figure class=\"wp-block-image aligncenter size-large\"><img loading=\"lazy\" decoding=\"async\" width=\"731\" height=\"1024\" src=\"https:\/\/lindaotterstedt.com\/wp-content\/uploads\/2025\/09\/250829_ENEA-Color-LR-5854-731x1024.jpg\" alt=\"\" class=\"wp-image-9234\" srcset=\"https:\/\/lindaotterstedt.com\/wp-content\/uploads\/2025\/09\/250829_ENEA-Color-LR-5854-731x1024.jpg 731w, https:\/\/lindaotterstedt.com\/wp-content\/uploads\/2025\/09\/250829_ENEA-Color-LR-5854-480x672.jpg 480w\" sizes=\"(min-width: 0px) and (max-width: 480px) 480px, (min-width: 481px) 731px, 100vw\" \/><\/figure>\n\n<p class=\"wp-block-paragraph\"><\/p>\n\n<h2 class=\"wp-block-heading\">Avslappnat och naturligt<\/h2>\n\n<p class=\"wp-block-paragraph\">Profilfotografering p\u00e5 kontoret \u00e4r ocks\u00e5 praktiskt. Dina anst\u00e4llda beh\u00f6ver inte resa och alla kan fotograferas i ett bekant och trevligt utrymme. Detta leder ofta till mer avslappnade och naturliga uttryck, vilket resulterar i portr\u00e4tt som verkligen visar vem du \u00e4r.  <\/p>\n\n<p class=\"wp-block-paragraph\"><\/p>\n\n<figure class=\"wp-block-image aligncenter size-large\"><img loading=\"lazy\" decoding=\"async\" width=\"731\" height=\"1024\" src=\"https:\/\/lindaotterstedt.com\/wp-content\/uploads\/2025\/09\/250829_ENEA-Color-LR-5825-731x1024.jpg\" alt=\"CV foto\" class=\"wp-image-9242\" srcset=\"https:\/\/lindaotterstedt.com\/wp-content\/uploads\/2025\/09\/250829_ENEA-Color-LR-5825-731x1024.jpg 731w, https:\/\/lindaotterstedt.com\/wp-content\/uploads\/2025\/09\/250829_ENEA-Color-LR-5825-480x672.jpg 480w\" sizes=\"(min-width: 0px) and (max-width: 480px) 480px, (min-width: 481px) 731px, 100vw\" \/><\/figure>\n\n<p class=\"wp-block-paragraph\"><\/p>\n\n<h2 class=\"wp-block-heading\">Vi skapar dina portr\u00e4tt tillsammans  <\/h2>\n\n<p class=\"wp-block-paragraph\">I slut\u00e4ndan handlar en professionell profilbild inte bara om att se bra ut &#8211; det handlar om att f\u00f6rmedla sj\u00e4lvf\u00f6rtroende, tillg\u00e4nglighet och professionalism. Oavsett om bilderna tas i min studio eller p\u00e5 ditt kontor \u00e4r m\u00e5let detsamma: att skapa portr\u00e4tt som du sedan kan anv\u00e4nda p\u00e5 din webbplats, i presentationer och p\u00e5 alla dina digitala plattformar. <\/p>\n\n<p class=\"wp-block-paragraph\"><\/p>\n\n<figure class=\"wp-block-image aligncenter size-large\"><img loading=\"lazy\" decoding=\"async\" width=\"731\" height=\"1024\" src=\"https:\/\/lindaotterstedt.com\/wp-content\/uploads\/2025\/09\/DSC_5961-copy-731x1024.jpg\" alt=\"F&#xF6;retagsfoto\" class=\"wp-image-9228\" srcset=\"https:\/\/lindaotterstedt.com\/wp-content\/uploads\/2025\/09\/DSC_5961-copy-731x1024.jpg 731w, https:\/\/lindaotterstedt.com\/wp-content\/uploads\/2025\/09\/DSC_5961-copy-480x672.jpg 480w\" sizes=\"(min-width: 0px) and (max-width: 480px) 480px, (min-width: 481px) 731px, 100vw\" \/><\/figure>\n\n<p class=\"wp-block-paragraph\"><\/p>\n\n<p class=\"wp-block-paragraph\">Skicka ett meddelande till mig p\u00e5 linda@lindaotterstedt.com eller klicka h\u00e4r f\u00f6r att komma till min <a href=\"https:\/\/lindaotterstedt.com\/sv\/kontakt\/\">l\u00e4nk<\/a> f\u00f6r kontakt.<\/p>\n\n<p class=\"wp-block-paragraph\">V\u00e4lkommen!<\/p>\n\n<p class=\"wp-block-paragraph\"><\/p>\n\n<p class=\"wp-block-paragraph\">\/LINDA<\/p>\n\n<p class=\"wp-block-paragraph\"><\/p>\n\n<p class=\"wp-block-paragraph\"><\/p>\n","protected":false},"excerpt":{"rendered":"<p>En bra profilbild \u00e4r mer \u00e4n bara ett portr\u00e4tt &#8211; det \u00e4r ofta det f\u00f6rsta intryck som en kund, kollega eller potentiell partner f\u00e5r av dig och ditt f\u00f6retag. I dagens aff\u00e4rsv\u00e4rld, d\u00e4r webbplatser, LinkedIn och digitala plattformar \u00e4r nyckeln, \u00e4r professionella profilbilder en viktig del av att bygga f\u00f6rtroende och presentera ditt varum\u00e4rke. Polerade [&hellip;]<\/p>\n","protected":false},"author":7,"featured_media":9231,"comment_status":"closed","ping_status":"open","sticky":false,"template":"","format":"standard","meta":{"_et_pb_use_builder":"","_et_pb_old_content":"","_et_gb_content_width":"","footnotes":""},"categories":[88],"tags":[157],"class_list":["post-9248","post","type-post","status-publish","format-standard","has-post-thumbnail","hentry","category-profil-bilder","tag-profilbilder"],"yoast_head":"<!-- This site is optimized with the Yoast SEO plugin v28.2 - https:\/\/yoast.com\/product\/yoast-seo-wordpress\/ -->\n<title>Professionella profilbilder - Linda Otterstedt Photography<\/title>\n<meta name=\"robots\" content=\"index, follow, max-snippet:-1, max-image-preview:large, max-video-preview:-1\" \/>\n<link rel=\"canonical\" href=\"https:\/\/lindaotterstedt.com\/sv\/professionella-profilbilder\/\" \/>\n<meta property=\"og:locale\" content=\"sv_SE\" \/>\n<meta property=\"og:type\" content=\"article\" \/>\n<meta property=\"og:title\" content=\"Professionella profilbilder - Linda Otterstedt Photography\" \/>\n<meta property=\"og:description\" content=\"En bra profilbild \u00e4r mer \u00e4n bara ett portr\u00e4tt &#8211; det \u00e4r ofta det f\u00f6rsta intryck som en kund, kollega eller potentiell partner f\u00e5r av dig och ditt f\u00f6retag. I dagens aff\u00e4rsv\u00e4rld, d\u00e4r webbplatser, LinkedIn och digitala plattformar \u00e4r nyckeln, \u00e4r professionella profilbilder en viktig del av att bygga f\u00f6rtroende och presentera ditt varum\u00e4rke. Polerade [&hellip;]\" \/>\n<meta property=\"og:url\" content=\"https:\/\/lindaotterstedt.com\/sv\/professionella-profilbilder\/\" \/>\n<meta property=\"og:site_name\" content=\"Linda Otterstedt Photography\" \/>\n<meta property=\"article:publisher\" content=\"https:\/\/www.facebook.com\/lindaotterstedtphotography\" \/>\n<meta property=\"article:published_time\" content=\"2025-09-17T19:31:02+00:00\" \/>\n<meta property=\"article:modified_time\" content=\"2025-10-14T12:38:12+00:00\" \/>\n<meta property=\"og:image\" content=\"https:\/\/lindaotterstedt.com\/wp-content\/uploads\/2025\/09\/250829_ENEA-Color-LR-5978.jpg\" \/>\n\t<meta property=\"og:image:width\" content=\"1200\" \/>\n\t<meta property=\"og:image:height\" content=\"674\" \/>\n\t<meta property=\"og:image:type\" content=\"image\/jpeg\" \/>\n<meta name=\"author\" content=\"Linda Otterstedt\" \/>\n<meta name=\"twitter:card\" content=\"summary_large_image\" \/>\n<meta name=\"twitter:label1\" content=\"Skriven av\" \/>\n\t<meta name=\"twitter:data1\" content=\"Linda Otterstedt\" \/>\n\t<meta name=\"twitter:label2\" content=\"Ber\u00e4knad l\u00e4stid\" \/>\n\t<meta name=\"twitter:data2\" content=\"2 minuter\" \/>\n<script type=\"application\/ld+json\" class=\"yoast-schema-graph\">{\"@context\":\"https:\\\/\\\/schema.org\",\"@graph\":[{\"@type\":\"Article\",\"@id\":\"https:\\\/\\\/lindaotterstedt.com\\\/sv\\\/professionella-profilbilder\\\/#article\",\"isPartOf\":{\"@id\":\"https:\\\/\\\/lindaotterstedt.com\\\/sv\\\/professionella-profilbilder\\\/\"},\"author\":{\"name\":\"Linda Otterstedt\",\"@id\":\"https:\\\/\\\/lindaotterstedt.com\\\/sv\\\/#\\\/schema\\\/person\\\/a8bc2e1a05abd2ffa46fddaa8cb4e2c3\"},\"headline\":\"Professionella profilbilder\",\"datePublished\":\"2025-09-17T19:31:02+00:00\",\"dateModified\":\"2025-10-14T12:38:12+00:00\",\"mainEntityOfPage\":{\"@id\":\"https:\\\/\\\/lindaotterstedt.com\\\/sv\\\/professionella-profilbilder\\\/\"},\"wordCount\":376,\"publisher\":{\"@id\":\"https:\\\/\\\/lindaotterstedt.com\\\/sv\\\/#organization\"},\"image\":{\"@id\":\"https:\\\/\\\/lindaotterstedt.com\\\/sv\\\/professionella-profilbilder\\\/#primaryimage\"},\"thumbnailUrl\":\"https:\\\/\\\/lindaotterstedt.com\\\/wp-content\\\/uploads\\\/2025\\\/09\\\/250829_ENEA-Color-LR-5978.jpg\",\"keywords\":[\"profilbilder\"],\"articleSection\":[\"Profil bilder\"],\"inLanguage\":\"sv-SE\"},{\"@type\":\"WebPage\",\"@id\":\"https:\\\/\\\/lindaotterstedt.com\\\/sv\\\/professionella-profilbilder\\\/\",\"url\":\"https:\\\/\\\/lindaotterstedt.com\\\/sv\\\/professionella-profilbilder\\\/\",\"name\":\"Professionella profilbilder - Linda Otterstedt Photography\",\"isPartOf\":{\"@id\":\"https:\\\/\\\/lindaotterstedt.com\\\/sv\\\/#website\"},\"primaryImageOfPage\":{\"@id\":\"https:\\\/\\\/lindaotterstedt.com\\\/sv\\\/professionella-profilbilder\\\/#primaryimage\"},\"image\":{\"@id\":\"https:\\\/\\\/lindaotterstedt.com\\\/sv\\\/professionella-profilbilder\\\/#primaryimage\"},\"thumbnailUrl\":\"https:\\\/\\\/lindaotterstedt.com\\\/wp-content\\\/uploads\\\/2025\\\/09\\\/250829_ENEA-Color-LR-5978.jpg\",\"datePublished\":\"2025-09-17T19:31:02+00:00\",\"dateModified\":\"2025-10-14T12:38:12+00:00\",\"breadcrumb\":{\"@id\":\"https:\\\/\\\/lindaotterstedt.com\\\/sv\\\/professionella-profilbilder\\\/#breadcrumb\"},\"inLanguage\":\"sv-SE\",\"potentialAction\":[{\"@type\":\"ReadAction\",\"target\":[\"https:\\\/\\\/lindaotterstedt.com\\\/sv\\\/professionella-profilbilder\\\/\"]}]},{\"@type\":\"ImageObject\",\"inLanguage\":\"sv-SE\",\"@id\":\"https:\\\/\\\/lindaotterstedt.com\\\/sv\\\/professionella-profilbilder\\\/#primaryimage\",\"url\":\"https:\\\/\\\/lindaotterstedt.com\\\/wp-content\\\/uploads\\\/2025\\\/09\\\/250829_ENEA-Color-LR-5978.jpg\",\"contentUrl\":\"https:\\\/\\\/lindaotterstedt.com\\\/wp-content\\\/uploads\\\/2025\\\/09\\\/250829_ENEA-Color-LR-5978.jpg\",\"width\":1200,\"height\":674,\"caption\":\"Profilfotografering\"},{\"@type\":\"BreadcrumbList\",\"@id\":\"https:\\\/\\\/lindaotterstedt.com\\\/sv\\\/professionella-profilbilder\\\/#breadcrumb\",\"itemListElement\":[{\"@type\":\"ListItem\",\"position\":1,\"name\":\"Home\",\"item\":\"https:\\\/\\\/lindaotterstedt.com\\\/sv\\\/\"},{\"@type\":\"ListItem\",\"position\":2,\"name\":\"Professionella profilbilder\"}]},{\"@type\":\"WebSite\",\"@id\":\"https:\\\/\\\/lindaotterstedt.com\\\/sv\\\/#website\",\"url\":\"https:\\\/\\\/lindaotterstedt.com\\\/sv\\\/\",\"name\":\"Linda Otterstedt Photography\",\"description\":\"Photography for generations to come\",\"publisher\":{\"@id\":\"https:\\\/\\\/lindaotterstedt.com\\\/sv\\\/#organization\"},\"potentialAction\":[{\"@type\":\"SearchAction\",\"target\":{\"@type\":\"EntryPoint\",\"urlTemplate\":\"https:\\\/\\\/lindaotterstedt.com\\\/sv\\\/?s={search_term_string}\"},\"query-input\":{\"@type\":\"PropertyValueSpecification\",\"valueRequired\":true,\"valueName\":\"search_term_string\"}}],\"inLanguage\":\"sv-SE\"},{\"@type\":\"Organization\",\"@id\":\"https:\\\/\\\/lindaotterstedt.com\\\/sv\\\/#organization\",\"name\":\"Linda Otterstedt Photography\",\"alternateName\":\"LOP\",\"url\":\"https:\\\/\\\/lindaotterstedt.com\\\/sv\\\/\",\"logo\":{\"@type\":\"ImageObject\",\"inLanguage\":\"sv-SE\",\"@id\":\"https:\\\/\\\/lindaotterstedt.com\\\/sv\\\/#\\\/schema\\\/logo\\\/image\\\/\",\"url\":\"https:\\\/\\\/lindaotterstedt.com\\\/wp-content\\\/uploads\\\/2023\\\/03\\\/1400_LOGO_Linda_Otterstedt_Standard_Logo_Transparent-copy.png\",\"contentUrl\":\"https:\\\/\\\/lindaotterstedt.com\\\/wp-content\\\/uploads\\\/2023\\\/03\\\/1400_LOGO_Linda_Otterstedt_Standard_Logo_Transparent-copy.png\",\"width\":2684,\"height\":1400,\"caption\":\"Linda Otterstedt Photography\"},\"image\":{\"@id\":\"https:\\\/\\\/lindaotterstedt.com\\\/sv\\\/#\\\/schema\\\/logo\\\/image\\\/\"},\"sameAs\":[\"https:\\\/\\\/www.facebook.com\\\/lindaotterstedtphotography\",\"https:\\\/\\\/www.instagram.com\\\/worldphotographer\",\"https:\\\/\\\/www.instagram.com\\\/worldphotographer_weddings\",\"https:\\\/\\\/www.linkedin.com\\\/in\\\/linda-otterstedt-1886235\\\/\"]},{\"@type\":\"Person\",\"@id\":\"https:\\\/\\\/lindaotterstedt.com\\\/sv\\\/#\\\/schema\\\/person\\\/a8bc2e1a05abd2ffa46fddaa8cb4e2c3\",\"name\":\"Linda Otterstedt\"}]}<\/script>\n<!-- \/ Yoast SEO plugin. -->","yoast_head_json":{"title":"Professionella profilbilder - Linda Otterstedt Photography","robots":{"index":"index","follow":"follow","max-snippet":"max-snippet:-1","max-image-preview":"max-image-preview:large","max-video-preview":"max-video-preview:-1"},"canonical":"https:\/\/lindaotterstedt.com\/sv\/professionella-profilbilder\/","og_locale":"sv_SE","og_type":"article","og_title":"Professionella profilbilder - Linda Otterstedt Photography","og_description":"En bra profilbild \u00e4r mer \u00e4n bara ett portr\u00e4tt &#8211; det \u00e4r ofta det f\u00f6rsta intryck som en kund, kollega eller potentiell partner f\u00e5r av dig och ditt f\u00f6retag. I dagens aff\u00e4rsv\u00e4rld, d\u00e4r webbplatser, LinkedIn och digitala plattformar \u00e4r nyckeln, \u00e4r professionella profilbilder en viktig del av att bygga f\u00f6rtroende och presentera ditt varum\u00e4rke. Polerade [&hellip;]","og_url":"https:\/\/lindaotterstedt.com\/sv\/professionella-profilbilder\/","og_site_name":"Linda Otterstedt Photography","article_publisher":"https:\/\/www.facebook.com\/lindaotterstedtphotography","article_published_time":"2025-09-17T19:31:02+00:00","article_modified_time":"2025-10-14T12:38:12+00:00","og_image":[{"width":1200,"height":674,"url":"https:\/\/lindaotterstedt.com\/wp-content\/uploads\/2025\/09\/250829_ENEA-Color-LR-5978.jpg","type":"image\/jpeg"}],"author":"Linda Otterstedt","twitter_card":"summary_large_image","twitter_misc":{"Skriven av":"Linda Otterstedt","Ber\u00e4knad l\u00e4stid":"2 minuter"},"schema":{"@context":"https:\/\/schema.org","@graph":[{"@type":"Article","@id":"https:\/\/lindaotterstedt.com\/sv\/professionella-profilbilder\/#article","isPartOf":{"@id":"https:\/\/lindaotterstedt.com\/sv\/professionella-profilbilder\/"},"author":{"name":"Linda Otterstedt","@id":"https:\/\/lindaotterstedt.com\/sv\/#\/schema\/person\/a8bc2e1a05abd2ffa46fddaa8cb4e2c3"},"headline":"Professionella profilbilder","datePublished":"2025-09-17T19:31:02+00:00","dateModified":"2025-10-14T12:38:12+00:00","mainEntityOfPage":{"@id":"https:\/\/lindaotterstedt.com\/sv\/professionella-profilbilder\/"},"wordCount":376,"publisher":{"@id":"https:\/\/lindaotterstedt.com\/sv\/#organization"},"image":{"@id":"https:\/\/lindaotterstedt.com\/sv\/professionella-profilbilder\/#primaryimage"},"thumbnailUrl":"https:\/\/lindaotterstedt.com\/wp-content\/uploads\/2025\/09\/250829_ENEA-Color-LR-5978.jpg","keywords":["profilbilder"],"articleSection":["Profil bilder"],"inLanguage":"sv-SE"},{"@type":"WebPage","@id":"https:\/\/lindaotterstedt.com\/sv\/professionella-profilbilder\/","url":"https:\/\/lindaotterstedt.com\/sv\/professionella-profilbilder\/","name":"Professionella profilbilder - Linda Otterstedt Photography","isPartOf":{"@id":"https:\/\/lindaotterstedt.com\/sv\/#website"},"primaryImageOfPage":{"@id":"https:\/\/lindaotterstedt.com\/sv\/professionella-profilbilder\/#primaryimage"},"image":{"@id":"https:\/\/lindaotterstedt.com\/sv\/professionella-profilbilder\/#primaryimage"},"thumbnailUrl":"https:\/\/lindaotterstedt.com\/wp-content\/uploads\/2025\/09\/250829_ENEA-Color-LR-5978.jpg","datePublished":"2025-09-17T19:31:02+00:00","dateModified":"2025-10-14T12:38:12+00:00","breadcrumb":{"@id":"https:\/\/lindaotterstedt.com\/sv\/professionella-profilbilder\/#breadcrumb"},"inLanguage":"sv-SE","potentialAction":[{"@type":"ReadAction","target":["https:\/\/lindaotterstedt.com\/sv\/professionella-profilbilder\/"]}]},{"@type":"ImageObject","inLanguage":"sv-SE","@id":"https:\/\/lindaotterstedt.com\/sv\/professionella-profilbilder\/#primaryimage","url":"https:\/\/lindaotterstedt.com\/wp-content\/uploads\/2025\/09\/250829_ENEA-Color-LR-5978.jpg","contentUrl":"https:\/\/lindaotterstedt.com\/wp-content\/uploads\/2025\/09\/250829_ENEA-Color-LR-5978.jpg","width":1200,"height":674,"caption":"Profilfotografering"},{"@type":"BreadcrumbList","@id":"https:\/\/lindaotterstedt.com\/sv\/professionella-profilbilder\/#breadcrumb","itemListElement":[{"@type":"ListItem","position":1,"name":"Home","item":"https:\/\/lindaotterstedt.com\/sv\/"},{"@type":"ListItem","position":2,"name":"Professionella profilbilder"}]},{"@type":"WebSite","@id":"https:\/\/lindaotterstedt.com\/sv\/#website","url":"https:\/\/lindaotterstedt.com\/sv\/","name":"Linda Otterstedt Photography","description":"Photography for generations to come","publisher":{"@id":"https:\/\/lindaotterstedt.com\/sv\/#organization"},"potentialAction":[{"@type":"SearchAction","target":{"@type":"EntryPoint","urlTemplate":"https:\/\/lindaotterstedt.com\/sv\/?s={search_term_string}"},"query-input":{"@type":"PropertyValueSpecification","valueRequired":true,"valueName":"search_term_string"}}],"inLanguage":"sv-SE"},{"@type":"Organization","@id":"https:\/\/lindaotterstedt.com\/sv\/#organization","name":"Linda Otterstedt Photography","alternateName":"LOP","url":"https:\/\/lindaotterstedt.com\/sv\/","logo":{"@type":"ImageObject","inLanguage":"sv-SE","@id":"https:\/\/lindaotterstedt.com\/sv\/#\/schema\/logo\/image\/","url":"https:\/\/lindaotterstedt.com\/wp-content\/uploads\/2023\/03\/1400_LOGO_Linda_Otterstedt_Standard_Logo_Transparent-copy.png","contentUrl":"https:\/\/lindaotterstedt.com\/wp-content\/uploads\/2023\/03\/1400_LOGO_Linda_Otterstedt_Standard_Logo_Transparent-copy.png","width":2684,"height":1400,"caption":"Linda Otterstedt Photography"},"image":{"@id":"https:\/\/lindaotterstedt.com\/sv\/#\/schema\/logo\/image\/"},"sameAs":["https:\/\/www.facebook.com\/lindaotterstedtphotography","https:\/\/www.instagram.com\/worldphotographer","https:\/\/www.instagram.com\/worldphotographer_weddings","https:\/\/www.linkedin.com\/in\/linda-otterstedt-1886235\/"]},{"@type":"Person","@id":"https:\/\/lindaotterstedt.com\/sv\/#\/schema\/person\/a8bc2e1a05abd2ffa46fddaa8cb4e2c3","name":"Linda Otterstedt"}]}},"_links":{"self":[{"href":"https:\/\/lindaotterstedt.com\/sv\/wp-json\/wp\/v2\/posts\/9248","targetHints":{"allow":["GET"]}}],"collection":[{"href":"https:\/\/lindaotterstedt.com\/sv\/wp-json\/wp\/v2\/posts"}],"about":[{"href":"https:\/\/lindaotterstedt.com\/sv\/wp-json\/wp\/v2\/types\/post"}],"author":[{"embeddable":true,"href":"https:\/\/lindaotterstedt.com\/sv\/wp-json\/wp\/v2\/users\/7"}],"replies":[{"embeddable":true,"href":"https:\/\/lindaotterstedt.com\/sv\/wp-json\/wp\/v2\/comments?post=9248"}],"version-history":[{"count":4,"href":"https:\/\/lindaotterstedt.com\/sv\/wp-json\/wp\/v2\/posts\/9248\/revisions"}],"predecessor-version":[{"id":9254,"href":"https:\/\/lindaotterstedt.com\/sv\/wp-json\/wp\/v2\/posts\/9248\/revisions\/9254"}],"wp:featuredmedia":[{"embeddable":true,"href":"https:\/\/lindaotterstedt.com\/sv\/wp-json\/wp\/v2\/media\/9231"}],"wp:attachment":[{"href":"https:\/\/lindaotterstedt.com\/sv\/wp-json\/wp\/v2\/media?parent=9248"}],"wp:term":[{"taxonomy":"category","embeddable":true,"href":"https:\/\/lindaotterstedt.com\/sv\/wp-json\/wp\/v2\/categories?post=9248"},{"taxonomy":"post_tag","embeddable":true,"href":"https:\/\/lindaotterstedt.com\/sv\/wp-json\/wp\/v2\/tags?post=9248"}],"curies":[{"name":"wp","href":"https:\/\/api.w.org\/{rel}","templated":true}]}}